{"id":9955,"date":"2024-05-07T17:47:59","date_gmt":"2024-05-07T15:47:59","guid":{"rendered":"https:\/\/caigualdotadino.it\/?p=9955"},"modified":"2024-05-07T17:48:05","modified_gmt":"2024-05-07T15:48:05","slug":"lascensione-del-cai-con-il-giro-dei-monti","status":"publish","type":"post","link":"https:\/\/caigualdotadino.it\/?p=9955","title":{"rendered":"L\u2019Ascensione del CAI con il Giro dei monti"},"content":{"rendered":"<div class=\"wp-block-image\">\n<figure class=\"aligncenter size-large is-resized\"><img loading=\"lazy\" decoding=\"async\" width=\"724\" height=\"1024\" src=\"https:\/\/caigualdotadino.it\/wp-content\/uploads\/2024\/05\/Ascensione-12-Maggio-2024_page-0001.jpg\" alt=\"\" class=\"wp-image-9956\" style=\"width:716px;height:auto\" srcset=\"https:\/\/caigualdotadino.it\/wp-content\/uploads\/2024\/05\/Ascensione-12-Maggio-2024_page-0001.jpg 724w, https:\/\/caigualdotadino.it\/wp-content\/uploads\/2024\/05\/Ascensione-12-Maggio-2024_page-0001-212x300.jpg 212w\" sizes=\"auto, (max-width: 724px) 100vw, 724px\" \/><\/figure>\n<\/div>","protected":false},"excerpt":{"rendered":"","protected":false},"author":2,"featured_media":0,"comment_status":"closed","ping_status":"closed","sticky":false,"template":"","format":"gallery","meta":{"_jetpack_memberships_contains_paid_content":false,"footnotes":""},"categories":[34,35],"tags":[],"class_list":["post-9955","post","type-post","status-publish","format-gallery","hentry","category-archivio","category-escursioni","post_format-post-format-gallery"],"jetpack_featured_media_url":"","jetpack-related-posts":[{"id":11114,"url":"https:\/\/caigualdotadino.it\/?p=11114","url_meta":{"origin":9955,"position":0},"title":"Giro dei Monti (Ascensione) &#8211; 01\/06\/2025","author":"Antonella Recchioni","date":"28 Maggio 2025","format":"gallery","excerpt":"Percorso breve Partenza- 8,30 dalla MadonnucciaItinerario- Madonnuccia- sentiero Razzipante- Balza di Mezzogiorno- sentiero del rimboschimento- pian di Buceto- rifugio Cannoine- Valsorda- rifugio CAIDifficolt\u00e0- E (adatto a tutti con un minimo di allenamento) N.B- Chi vorr\u00e0, dalla Balza di Mezzogiorno potr\u00e0 salire all\u2019eremo del Serrasanta per il sentiero delle Crocette Accompagnatori\u2026","rel":"","context":"In &quot;4 - ARCHIVIO&quot;","block_context":{"text":"4 - ARCHIVIO","link":"https:\/\/caigualdotadino.it\/?cat=34"},"img":{"alt_text":"","src":"https:\/\/i0.wp.com\/caigualdotadino.it\/wp-content\/uploads\/2025\/05\/01-giugno-2025-ascensione-giro-dei-monti_page-0001-1.jpg?resize=350%2C200&ssl=1","width":350,"height":200,"srcset":"https:\/\/i0.wp.com\/caigualdotadino.it\/wp-content\/uploads\/2025\/05\/01-giugno-2025-ascensione-giro-dei-monti_page-0001-1.jpg?resize=350%2C200&ssl=1 1x, https:\/\/i0.wp.com\/caigualdotadino.it\/wp-content\/uploads\/2025\/05\/01-giugno-2025-ascensione-giro-dei-monti_page-0001-1.jpg?resize=525%2C300&ssl=1 1.5x, https:\/\/i0.wp.com\/caigualdotadino.it\/wp-content\/uploads\/2025\/05\/01-giugno-2025-ascensione-giro-dei-monti_page-0001-1.jpg?resize=700%2C400&ssl=1 2x"},"classes":[]},{"id":177,"url":"https:\/\/caigualdotadino.it\/?p=177","url_meta":{"origin":9955,"position":1},"title":"Domenica 12 Maggio &#8211; Ascensione con il Cai","author":"pigiax","date":"5 Maggio 2013","format":false,"excerpt":"Giro dei monti dell'Appennino gualdese (M. Fringuello-M. Penna- M.Nero- M. Serrasanta- Valsorda) Partenza: ore 8,00 dalla sede Cai presso le Fonti della Rocchetta. Arrivo: a Valsorda ore 13,00 circa\u00a0 Rientro: rientro a piedi (o con mezzi propri) alle macchine presso le fonti della Rocchetta nel primo pomeriggio (ore 16,30 circa)\u00a0\u2026","rel":"","context":"In &quot;4 - ARCHIVIO&quot;","block_context":{"text":"4 - ARCHIVIO","link":"https:\/\/caigualdotadino.it\/?cat=34"},"img":{"alt_text":"","src":"","width":0,"height":0},"classes":[]},{"id":287,"url":"https:\/\/caigualdotadino.it\/?p=287","url_meta":{"origin":9955,"position":2},"title":"Domenica 17 Maggio &#8211; Festa dell&#8217;AScensione","author":"pigiax","date":"11 Maggio 2015","format":false,"excerpt":"Ore 7:30 ritrovo presso sede cai via della Rocchetta Ore 7:40 partenza escursione giro dei monti Percorso: Pineta del Soldato - Passo de la Sportola - Monte Fringuello - Monte Penna - Monte Nero - Serrasanta - Valsorda. Ore 13: Ritrovo al rifugio CAI e pranzo al sacco Durata: 5\u2026","rel":"","context":"In &quot;4 - ARCHIVIO&quot;","block_context":{"text":"4 - ARCHIVIO","link":"https:\/\/caigualdotadino.it\/?cat=34"},"img":{"alt_text":"","src":"","width":0,"height":0},"classes":[]},{"id":8015,"url":"https:\/\/caigualdotadino.it\/?p=8015","url_meta":{"origin":9955,"position":3},"title":"Marted\u00ec 15 agosto &#8211; Giro dei Monti","author":"Antonella Recchioni","date":"11 Agosto 2023","format":"gallery","excerpt":"","rel":"","context":"In &quot;4 - ARCHIVIO&quot;","block_context":{"text":"4 - ARCHIVIO","link":"https:\/\/caigualdotadino.it\/?cat=34"},"img":{"alt_text":"","src":"https:\/\/i0.wp.com\/caigualdotadino.it\/wp-content\/uploads\/2023\/08\/Ferragosto-Giro-dei-monti_page-0001.jpg?resize=350%2C200&ssl=1","width":350,"height":200,"srcset":"https:\/\/i0.wp.com\/caigualdotadino.it\/wp-content\/uploads\/2023\/08\/Ferragosto-Giro-dei-monti_page-0001.jpg?resize=350%2C200&ssl=1 1x, https:\/\/i0.wp.com\/caigualdotadino.it\/wp-content\/uploads\/2023\/08\/Ferragosto-Giro-dei-monti_page-0001.jpg?resize=525%2C300&ssl=1 1.5x, https:\/\/i0.wp.com\/caigualdotadino.it\/wp-content\/uploads\/2023\/08\/Ferragosto-Giro-dei-monti_page-0001.jpg?resize=700%2C400&ssl=1 2x"},"classes":[]},{"id":3145,"url":"https:\/\/caigualdotadino.it\/?p=3145","url_meta":{"origin":9955,"position":4},"title":"Domenica 16 maggio- Giro dei monti per l&#8217;Ascensione","author":"pigiax","date":"12 Maggio 2021","format":"gallery","excerpt":"La sezione CAI di Gualdo Tadino riprende gradualmente l\u2019attivit\u00e0 escursionistica in osservanza delle norme vigenti riguardanti il Covid. Partenza: ore 7,30 dal piazzale di fronte alla Rocca Flea. Arrivo a Valsorda:\u00a0 ore 13,30 circaRientro a piedi (o con mezzi propri)Percorso: Via Zoccolanti- via Santo Marzio- Fonti Rocchetta- sentiero Paoletti- Pineta\u2026","rel":"","context":"In &quot;4 - ARCHIVIO&quot;","block_context":{"text":"4 - ARCHIVIO","link":"https:\/\/caigualdotadino.it\/?cat=34"},"img":{"alt_text":"","src":"","width":0,"height":0},"classes":[]},{"id":298,"url":"https:\/\/caigualdotadino.it\/?p=298","url_meta":{"origin":9955,"position":5},"title":"Sabato 15 Agosto &#8211; Giro dei monti","author":"pigiax","date":"12 Agosto 2015","format":false,"excerpt":"Bella escursione che raggiunge le vette pi\u00f9 importanti che sovrastano la nostra citt\u00e0 da dove si gode di un bel panorama. La partenza \u00e8 dalla sede del CAI alle ore 7.00 e seguir\u00e0 questo itinerario: pineta del Soldato, passo della Sportola, monte Fringuello, monte Penna, monte Nero e terminer\u00e0 al\u2026","rel":"","context":"In &quot;4 - ARCHIVIO&quot;","block_context":{"text":"4 - ARCHIVIO","link":"https:\/\/caigualdotadino.it\/?cat=34"},"img":{"alt_text":"","src":"","width":0,"height":0},"classes":[]}],"jetpack_sharing_enabled":true,"_links":{"self":[{"href":"https:\/\/caigualdotadino.it\/index.php?rest_route=\/wp\/v2\/posts\/9955","targetHints":{"allow":["GET"]}}],"collection":[{"href":"https:\/\/caigualdotadino.it\/index.php?rest_route=\/wp\/v2\/posts"}],"about":[{"href":"https:\/\/caigualdotadino.it\/index.php?rest_route=\/wp\/v2\/types\/post"}],"author":[{"embeddable":true,"href":"https:\/\/caigualdotadino.it\/index.php?rest_route=\/wp\/v2\/users\/2"}],"replies":[{"embeddable":true,"href":"https:\/\/caigualdotadino.it\/index.php?rest_route=%2Fwp%2Fv2%2Fcomments&post=9955"}],"version-history":[{"count":1,"href":"https:\/\/caigualdotadino.it\/index.php?rest_route=\/wp\/v2\/posts\/9955\/revisions"}],"predecessor-version":[{"id":9957,"href":"https:\/\/caigualdotadino.it\/index.php?rest_route=\/wp\/v2\/posts\/9955\/revisions\/9957"}],"wp:attachment":[{"href":"https:\/\/caigualdotadino.it\/index.php?rest_route=%2Fwp%2Fv2%2Fmedia&parent=9955"}],"wp:term":[{"taxonomy":"category","embeddable":true,"href":"https:\/\/caigualdotadino.it\/index.php?rest_route=%2Fwp%2Fv2%2Fcategories&post=9955"},{"taxonomy":"post_tag","embeddable":true,"href":"https:\/\/caigualdotadino.it\/index.php?rest_route=%2Fwp%2Fv2%2Ftags&post=9955"}],"curies":[{"name":"wp","href":"https:\/\/api.w.org\/{rel}","templated":true}]}}