{"id":9716,"date":"2022-11-20T19:03:00","date_gmt":"2022-11-20T18:03:00","guid":{"rendered":"https:\/\/caigualdotadino.it\/?p=9716"},"modified":"2024-02-22T19:11:20","modified_gmt":"2024-02-22T18:11:20","slug":"il-cai-umbria-alla-giornata-del-sentiero-italia","status":"publish","type":"post","link":"https:\/\/caigualdotadino.it\/?p=9716","title":{"rendered":"Il CAI Umbria alla giornata del Sentiero Italia"},"content":{"rendered":"\n<!--more-->\n\n\n\n<figure class=\"wp-block-gallery alignleft has-nested-images columns-default is-cropped wp-block-gallery-1 is-layout-flex wp-block-gallery-is-layout-flex\">\n<figure class=\"wp-block-image size-large\"><img loading=\"lazy\" decoding=\"async\" width=\"1024\" height=\"768\" data-id=\"9717\" src=\"https:\/\/caigualdotadino.it\/wp-content\/uploads\/2024\/02\/fotosi.jpeg\" alt=\"\" class=\"wp-image-9717\" srcset=\"https:\/\/caigualdotadino.it\/wp-content\/uploads\/2024\/02\/fotosi.jpeg 1024w, https:\/\/caigualdotadino.it\/wp-content\/uploads\/2024\/02\/fotosi-300x225.jpeg 300w, https:\/\/caigualdotadino.it\/wp-content\/uploads\/2024\/02\/fotosi-768x576.jpeg 768w, https:\/\/caigualdotadino.it\/wp-content\/uploads\/2024\/02\/fotosi-367x275.jpeg 367w\" sizes=\"auto, (max-width: 1024px) 100vw, 1024px\" \/><\/figure>\n<\/figure>\n\n\n\n<p class=\"has-drop-cap\">Anche l\u2019Umbria CAI ha voluto aderire alla decisione del Nazionale di dedicare la giornata di domenica 20 novembre 2022 a diffondere la conoscenza della realizzazione del SENTIERO ITALIA CAI, in vista della sua inaugurazione ufficiale che avverr\u00e0 nella primavera del prossimo anno. Perci\u00f2 il G.R.U. ha invitate tutte le otto Sezioni che compongo la struttura istituzionale umbra (Perugia, Terni, Spoleto, Foligno, Citt\u00e0 di Castello, Orvieto, Gubbio e Gualdo Tadino ) a partecipare a una \u201cdue giorni\u201d di percorrenza del tratto in cui il Sentiero attraversa l\u2019Umbria Gaifana-Valsorda-Val di Ranco, con tanto di pernotto nel Rifugio CAI di Gualdo Tadino. Era in programma anche l\u2019appuntamento di collegamento tra tutti i Gruppi Regionali d\u2019Italia, che avrebbe dovuto sancire l\u2019unificazione del Sentiero e la sua avvenuta realizzazione.<\/p>\n\n\n\n<p>Se la proposta \u00e8 stata accolta con piacere da tutta l\u2019Umbria, non altrettanto ha fatto il tempo meteorologico, che ha creato condizioni tali da impedire la prima camminata. In realt\u00e0 la proposta era molto coraggiosa data la stagione autunnale, ma la voglia di non perdere l\u2019occasione ha motivato comunque il corposo gruppo di Soci di presentarsi puntuali alle 8,30 di domenica 20 novembre per iniziare il cammino. La nebbia e il vento hanno dominato la giornata ma non hanno fatto desistere la cinquantina di partecipanti. Con sorpresa \u00e8 venuto anche un piccolo gruppo di ciclo escursionisti, che chiaramente presto \u00e8 scomparso alla vista, per poi essere ritrovato, all\u2019arrivo di tutti, gi\u00e0 al caldo del rifugio.<br>Il percorso N. 09 fatto \u00e8 uno qualunque tra i tanti caratteristici che contraddistinguono la nostra dorsale appenninica, composta da dolci montagne ricche di vegetazione, con cime non elevate anche se a tratti impegnative e selvagge, con boschi estesi e in ottimo stato, con presenza di una fauna variegata, con paesi e cittadine di origine antichissima e con eremi e chiesette isolati.<br>Il raduno di partenza era il vivace abitato di Gaifana, che sfiora i 500 m. Certamente, gi\u00e0 dall\u2019ora mattutina del raduno si capiva che le condizioni meteo non erano esaltanti, ci\u00f2 non ha smorzato il coraggio di incamminarsi per l\u2019erto sentiero iniziale, che in 5 km ha preso quota fino a giungere al Trivio di Luticchio (toponimo dal caratteristico idioma locale) di quota 860. Da l\u00ec, con vari sai e scendi, ci si \u00e8 portati a quota 1.300, passando per fitti boschi di abeti, roverelle, querce e faggi che ricoprono gran parte delle tante cime che si susseguono e che formano la dorsale pre-appenninica, spesso abbandonate dalle necessit\u00f2 agricolo-pastorali che nei secoli erano intense.<br>Superata le cime di Monte Nero e quella di Serrasanta, si \u00e8 arrivati all\u2019omonimo Eremo di quota 1.340, dove il forte vento, finalmente, ha aperto la nebbia e ha reso visibile il fascinoso panorama della piana eugubina sottostante. Arrivati infine in Valsorda, l\u2019ultimo strappo \u00e8 servito per giungere al Rifugio CAI di Monte Maggio, gestito dalla locale Sezione di Gualdo Tadino. A proposito, questo piccolo ma ben attrezzato rifugio, posto alle pendici del monte Maggio a quota 1.100, \u00e8 un Posto Tappa del Sentiero Italia CAI e offre agli eventuali ospiti un\u2019ampia sala con camino, una ben munita cucina e uno stanzone con vari letti a castello, \u00e8 dotato di acqua, gas e persino di un gabinetto: dite, non \u00e8 invitante per gli amici escursionisti? Basta prenotare e, per quanto ci riguarda, gli amici caini (un grazie ai cuochi Franco Enzo e No\u00e8) ci hanno fatto trovare un bel fuoco caldo e un gradito pasto di frittata di cipolle, salcicce e tanto vino.<br>Una giornata, e una iniziativa, ben vissuta e niente affatto banale, per i suoi 17 km di lunghezza e con un dislivello di 1.100 a salire e 540 a scendere.<br>In fine del nostro resoconto, un\u2019ultima notazione, per noi la pi\u00f9 importante, perch\u00e9 nel mezzo della camminata, come detto, alle ore 10,30 c\u2019\u00e8 stato il felice collegamento predisposto dal CAI centrale tra tutti i Gruppi Regionale d\u2019Italia, con scambio di saluti che hanno rallegrato, perch\u00e9 si \u00e8 avuto un susseguirsi di tante testimonianze di persone che si sentono uniti in un Sodalizio che persegue finalit\u00e0 importanti. Come ha detto il presidente dell\u2019Umbria Gian Luca Angeli, intervenendo al collegamento in nostra rappresentanza, la realizzazione del Sentiero Italia Cai non solo conclude felicemente un progetto realizzatosi con l\u2019impegno di tanti Soci, ma \u00e8 un insegnamento ed uno stimolo costante ad impegnarsi per la promozione dei territori montani, attraverso quel mantra che la TAM ci insegna, tutela e promozione!<\/p>\n\n\n\n<p>Da Redazione Umbria Notizie Web<\/p>\n","protected":false},"excerpt":{"rendered":"","protected":false},"author":2,"featured_media":0,"comment_status":"closed","ping_status":"closed","sticky":false,"template":"","format":"gallery","meta":{"_jetpack_memberships_contains_paid_content":false,"footnotes":""},"categories":[34,98],"tags":[],"class_list":["post-9716","post","type-post","status-publish","format-gallery","hentry","category-archivio","category-notizie-varie","post_format-post-format-gallery"],"jetpack_featured_media_url":"","jetpack-related-posts":[{"id":6774,"url":"https:\/\/caigualdotadino.it\/?p=6774","url_meta":{"origin":9716,"position":0},"title":"Giornata del Sentiero Italia, il\u2026","author":"Antonella Recchioni","date":"30 Luglio 2023","format":"gallery","excerpt":"Giornata del Sentiero Italia, il CAI dell\u2019Umbria sulla montagna gualdese Anche il Cai dell\u2019Umbria ha voluto aderire alla decisione del nazionale di dedicare la giornata di domenica 20 novembre a diffondere la conoscenza della realizzazione del\u00a0Sentiero Italia Cai, in vista della sua inaugurazione ufficiale che avverr\u00e0 nella primavera del prossimo\u2026","rel":"","context":"In &quot;4 - ARCHIVIO&quot;","block_context":{"text":"4 - ARCHIVIO","link":"https:\/\/caigualdotadino.it\/?cat=34"},"img":{"alt_text":"","src":"https:\/\/i0.wp.com\/caigualdotadino.it\/wp-content\/uploads\/2022\/11\/image-4.png?resize=350%2C200&ssl=1","width":350,"height":200,"srcset":"https:\/\/i0.wp.com\/caigualdotadino.it\/wp-content\/uploads\/2022\/11\/image-4.png?resize=350%2C200&ssl=1 1x, https:\/\/i0.wp.com\/caigualdotadino.it\/wp-content\/uploads\/2022\/11\/image-4.png?resize=525%2C300&ssl=1 1.5x, https:\/\/i0.wp.com\/caigualdotadino.it\/wp-content\/uploads\/2022\/11\/image-4.png?resize=700%2C400&ssl=1 2x"},"classes":[]},{"id":6608,"url":"https:\/\/caigualdotadino.it\/?p=6608","url_meta":{"origin":9716,"position":1},"title":"Giornata nazionale sentiero CAI","author":"Antonella Recchioni","date":"15 Novembre 2022","format":"gallery","excerpt":"Causa le previsione metereologiche , l'escursione si svolger\u00e0 soltanto la domenica 20 con il seguente percorso: Dalla localit\u00e0 di Gaifana (480 m) si procede in direzione del paesino di Colle, da dove si inizia a salire fino ad incontrare, dopo circa 5 km, il Sentiero Italia all\u2019altezza del Trivio di\u2026","rel":"","context":"In &quot;4 - ARCHIVIO&quot;","block_context":{"text":"4 - ARCHIVIO","link":"https:\/\/caigualdotadino.it\/?cat=34"},"img":{"alt_text":"","src":"https:\/\/i0.wp.com\/caigualdotadino.it\/wp-content\/uploads\/2022\/11\/image-2.png?resize=350%2C200&ssl=1","width":350,"height":200,"srcset":"https:\/\/i0.wp.com\/caigualdotadino.it\/wp-content\/uploads\/2022\/11\/image-2.png?resize=350%2C200&ssl=1 1x, https:\/\/i0.wp.com\/caigualdotadino.it\/wp-content\/uploads\/2022\/11\/image-2.png?resize=525%2C300&ssl=1 1.5x, https:\/\/i0.wp.com\/caigualdotadino.it\/wp-content\/uploads\/2022\/11\/image-2.png?resize=700%2C400&ssl=1 2x"},"classes":[]},{"id":9707,"url":"https:\/\/caigualdotadino.it\/?p=9707","url_meta":{"origin":9716,"position":2},"title":"MONTAGNA: Manifestazione pacifica davanti al Palazzo della Regione Umbria","author":"Antonella Recchioni","date":"3 Febbraio 2024","format":"gallery","excerpt":"NO VEICOLI A MOTORE SUI SENTIERI DI MONTAGNA Manifestazione pacifica davanti al Palazzo della Regione Umbria a Perugia contro l'approvazione dell' emendamento al Bilancio di previsione 2024 che autorizza il transito di veicoli a motore su sentieri, mulattiere, viali parafuoco e piste di esbosco e di servizio ai boschi e\u2026","rel":"","context":"In &quot;4 - ARCHIVIO&quot;","block_context":{"text":"4 - ARCHIVIO","link":"https:\/\/caigualdotadino.it\/?cat=34"},"img":{"alt_text":"","src":"https:\/\/i0.wp.com\/caigualdotadino.it\/wp-content\/uploads\/2024\/02\/man-1.jpg?resize=350%2C200&ssl=1","width":350,"height":200,"srcset":"https:\/\/i0.wp.com\/caigualdotadino.it\/wp-content\/uploads\/2024\/02\/man-1.jpg?resize=350%2C200&ssl=1 1x, https:\/\/i0.wp.com\/caigualdotadino.it\/wp-content\/uploads\/2024\/02\/man-1.jpg?resize=525%2C300&ssl=1 1.5x, https:\/\/i0.wp.com\/caigualdotadino.it\/wp-content\/uploads\/2024\/02\/man-1.jpg?resize=700%2C400&ssl=1 2x"},"classes":[]},{"id":9612,"url":"https:\/\/caigualdotadino.it\/?p=9612","url_meta":{"origin":9716,"position":3},"title":"Sentieri della montagna &#8211; Superati i 100 chilometri","author":"Antonella Recchioni","date":"22 Febbraio 2024","format":"gallery","excerpt":"Una nuova cartina dei sentieri delle montagne gualdesi \u00e8 stata realizzata dalla sezione CAI, con il contributo della Fondazione Perugia. Un progetto andato avanti per diverso tempo e che si lega anche alla decisione del CAI nazionale di modificare la numerazione dei sentieri che ora hanno un numero su base\u2026","rel":"","context":"In &quot;4 - ARCHIVIO&quot;","block_context":{"text":"4 - ARCHIVIO","link":"https:\/\/caigualdotadino.it\/?cat=34"},"img":{"alt_text":"","src":"https:\/\/i0.wp.com\/caigualdotadino.it\/wp-content\/uploads\/2022\/10\/18-9-3.jpg?resize=350%2C200&ssl=1","width":350,"height":200,"srcset":"https:\/\/i0.wp.com\/caigualdotadino.it\/wp-content\/uploads\/2022\/10\/18-9-3.jpg?resize=350%2C200&ssl=1 1x, https:\/\/i0.wp.com\/caigualdotadino.it\/wp-content\/uploads\/2022\/10\/18-9-3.jpg?resize=525%2C300&ssl=1 1.5x, https:\/\/i0.wp.com\/caigualdotadino.it\/wp-content\/uploads\/2022\/10\/18-9-3.jpg?resize=700%2C400&ssl=1 2x"},"classes":[]},{"id":6089,"url":"https:\/\/caigualdotadino.it\/?p=6089","url_meta":{"origin":9716,"position":4},"title":"I volontari del CAI di Gualdo Tadino in azione per ripulire i sentieri","author":"Antonella Recchioni","date":"13 Aprile 2023","format":"gallery","excerpt":"Le ultime nevicate e, soprattutto, i forti venti che le hanno accompagnate, hanno creato una vera e propria\u00a0situazione di emergenza\u00a0in alcuni tratti dei sentieri della montagna gualdese. Molti alberi caduti, in prevalenza pini, o spezzati a met\u00e0 e rami piegati fino a terra\u00a0hanno\u00a0ostruito in diversi punti i percorsi pedonali\u00a0e ciclistici\u2026","rel":"","context":"In &quot;4 - ARCHIVIO&quot;","block_context":{"text":"4 - ARCHIVIO","link":"https:\/\/caigualdotadino.it\/?cat=34"},"img":{"alt_text":"","src":"https:\/\/i0.wp.com\/caigualdotadino.it\/wp-content\/uploads\/2022\/08\/volontari-cai-sentieri-1.jpg?resize=350%2C200&ssl=1","width":350,"height":200,"srcset":"https:\/\/i0.wp.com\/caigualdotadino.it\/wp-content\/uploads\/2022\/08\/volontari-cai-sentieri-1.jpg?resize=350%2C200&ssl=1 1x, https:\/\/i0.wp.com\/caigualdotadino.it\/wp-content\/uploads\/2022\/08\/volontari-cai-sentieri-1.jpg?resize=525%2C300&ssl=1 1.5x, https:\/\/i0.wp.com\/caigualdotadino.it\/wp-content\/uploads\/2022\/08\/volontari-cai-sentieri-1.jpg?resize=700%2C400&ssl=1 2x"},"classes":[]},{"id":177,"url":"https:\/\/caigualdotadino.it\/?p=177","url_meta":{"origin":9716,"position":5},"title":"Domenica 12 Maggio &#8211; Ascensione con il Cai","author":"pigiax","date":"5 Maggio 2013","format":false,"excerpt":"Giro dei monti dell'Appennino gualdese (M. Fringuello-M. Penna- M.Nero- M. Serrasanta- Valsorda) Partenza: ore 8,00 dalla sede Cai presso le Fonti della Rocchetta. Arrivo: a Valsorda ore 13,00 circa\u00a0 Rientro: rientro a piedi (o con mezzi propri) alle macchine presso le fonti della Rocchetta nel primo pomeriggio (ore 16,30 circa)\u00a0\u2026","rel":"","context":"In &quot;4 - ARCHIVIO&quot;","block_context":{"text":"4 - ARCHIVIO","link":"https:\/\/caigualdotadino.it\/?cat=34"},"img":{"alt_text":"","src":"","width":0,"height":0},"classes":[]}],"jetpack_sharing_enabled":true,"_links":{"self":[{"href":"https:\/\/caigualdotadino.it\/index.php?rest_route=\/wp\/v2\/posts\/9716","targetHints":{"allow":["GET"]}}],"collection":[{"href":"https:\/\/caigualdotadino.it\/index.php?rest_route=\/wp\/v2\/posts"}],"about":[{"href":"https:\/\/caigualdotadino.it\/index.php?rest_route=\/wp\/v2\/types\/post"}],"author":[{"embeddable":true,"href":"https:\/\/caigualdotadino.it\/index.php?rest_route=\/wp\/v2\/users\/2"}],"replies":[{"embeddable":true,"href":"https:\/\/caigualdotadino.it\/index.php?rest_route=%2Fwp%2Fv2%2Fcomments&post=9716"}],"version-history":[{"count":3,"href":"https:\/\/caigualdotadino.it\/index.php?rest_route=\/wp\/v2\/posts\/9716\/revisions"}],"predecessor-version":[{"id":9722,"href":"https:\/\/caigualdotadino.it\/index.php?rest_route=\/wp\/v2\/posts\/9716\/revisions\/9722"}],"wp:attachment":[{"href":"https:\/\/caigualdotadino.it\/index.php?rest_route=%2Fwp%2Fv2%2Fmedia&parent=9716"}],"wp:term":[{"taxonomy":"category","embeddable":true,"href":"https:\/\/caigualdotadino.it\/index.php?rest_route=%2Fwp%2Fv2%2Fcategories&post=9716"},{"taxonomy":"post_tag","embeddable":true,"href":"https:\/\/caigualdotadino.it\/index.php?rest_route=%2Fwp%2Fv2%2Ftags&post=9716"}],"curies":[{"name":"wp","href":"https:\/\/api.w.org\/{rel}","templated":true}]}}