{"id":6589,"date":"2022-11-05T18:12:00","date_gmt":"2022-11-05T17:12:00","guid":{"rendered":"https:\/\/caigualdotadino.it\/?p=6589"},"modified":"2023-12-30T10:56:51","modified_gmt":"2023-12-30T09:56:51","slug":"assemblea-dei-soci-per-sabato-10-dicembre-2022","status":"publish","type":"post","link":"https:\/\/caigualdotadino.it\/?p=6589","title":{"rendered":"Assemblea dei soci per sabato 10 dicembre 2022"},"content":{"rendered":"<div class=\"wp-block-image is-style-default\">\n<figure class=\"alignleft is-resized\"><img loading=\"lazy\" decoding=\"async\" src=\"https:\/\/caigualdotadino.it\/wp-content\/uploads\/2021\/05\/image.png\" alt=\"Questa immagine ha l'attributo alt vuoto; il nome del file \u00e8 image.png\" width=\"114\" height=\"92\"\/><\/figure>\n<\/div>\n\n\n<p><strong><mark style=\"background-color:rgba(0, 0, 0, 0)\" class=\"has-inline-color has-accent-1-color\">Club Alpino Italiano<\/mark><\/strong><\/p>\n\n\n\n<p><strong><span class=\"has-inline-color has-accent-1-color\">Sezione di Gualdo Tadino<\/span><\/strong><\/p>\n\n\n\n<div style=\"height:20px\" aria-hidden=\"true\" class=\"wp-block-spacer\"><\/div>\n\n\n\n<p style=\"font-size:20px\"><strong>Convocazione assemblea dei soci &#8211; Sabato 10 dicembre 2022<\/strong><\/p>\n\n\n\n<!--more-->\n\n\n\n<p><br>Cara\/o socia\/o, \u00e8 stata convocata l\u2019assemblea degli iscritti alla sezione CAI di Gualdo Tadino per sabato 10 dicembre presso la sede della sezione in piazza Garibaldi a Gualdo Tadino, alle ore 13,00 in prima convocazione ed alle ore 17,30 in seconda convocazione, per trattare il seguente ordine del giorno:<br>1) Elezione del presidente dell\u2019assemblea<br>2) Approvazione del verbale della seduta precedente.<br>3) Relazione sull\u2019attivit\u00e0 del Presidente della sezione<br>4) Approvazione del bilancio preventivo 2023.<br>5) Varie ed eventuali.<br>Al termine dell\u2019assemblea, alle ore 20,00, \u00e8 prevista una cena al costo di 25 euro (men\u00f9 fisso) presso il ristorante San Guido. La cena \u00e8 aperta a tutti i familiari ed amici; per motivi organizzativi chiediamo la Tua collaborazione confermando la presenza alla cena entro venerd\u00ec 8 dicembre comunicandola ai sottoscritti<\/p>\n\n\n\n<div class=\"wp-block-columns is-layout-flex wp-container-core-columns-is-layout-9d6595d7 wp-block-columns-is-layout-flex\">\n<div class=\"wp-block-column is-layout-flow wp-block-column-is-layout-flow\" style=\"flex-basis:25%\">\n<p>Franco Palazzoni<\/p>\n<\/div>\n\n\n\n<div class=\"wp-block-column is-layout-flow wp-block-column-is-layout-flow\">\n<div class=\"wp-block-jetpack-contact-info\">\n<div class=\"wp-block-jetpack-phone\"><a href=\"tel:+393283057249\">+393283057249<\/a><\/div>\n<\/div>\n<\/div>\n\n\n\n<div class=\"wp-block-column is-layout-flow wp-block-column-is-layout-flow\">\n<div class=\"wp-block-jetpack-send-a-message\">\n<div class=\"wp-block-jetpack-whatsapp-button alignleft is-color-dark has-no-text\"><a class=\"whatsapp-block__button\" href=\"https:\/\/api.whatsapp.com\/send?phone=393283057249&amp;text=Salve%2C%20ho%20preso%20le%20informazioni%20di%20WhatsApp%20dal%20sito%20Cai.\" style=\"background-color:#25D366;color:#fff\" target=\"_blank\" rel=\"noopener noreferrer\"><\/a><\/div>\n<\/div>\n<\/div>\n<\/div>\n\n\n\n<div class=\"wp-block-columns is-layout-flex wp-container-core-columns-is-layout-9d6595d7 wp-block-columns-is-layout-flex\">\n<div class=\"wp-block-column is-layout-flow wp-block-column-is-layout-flow\" style=\"flex-basis:25%\">\n<p>Angelo Santarelli<\/p>\n<\/div>\n\n\n\n<div class=\"wp-block-column is-layout-flow wp-block-column-is-layout-flow\" style=\"flex-basis:33.33%\">\n<div class=\"wp-block-jetpack-contact-info\">\n<div class=\"wp-block-jetpack-phone\"><a href=\"tel:+393288486034\">+393288486034<\/a><\/div>\n<\/div>\n<\/div>\n\n\n\n<div class=\"wp-block-column is-layout-flow wp-block-column-is-layout-flow\" style=\"flex-basis:33.33%\">\n<div class=\"wp-block-jetpack-send-a-message\">\n<div class=\"wp-block-jetpack-whatsapp-button is-color-dark has-no-text\"><a class=\"whatsapp-block__button\" href=\"https:\/\/api.whatsapp.com\/send?phone=393288486034&amp;text=Salve%2C%20ho%20preso%20le%20informazioni%20di%20WhatsApp%20dal%20sito%20CAI.\" style=\"background-color:#25D366;color:#fff\" target=\"_blank\" rel=\"noopener noreferrer\"><\/a><\/div>\n<\/div>\n<\/div>\n<\/div>\n\n\n\n<p>Confidando nella presenza Tua e dei Tuoi familiari, porgo cordiali saluti.<br>Gualdo Tadino, 9\/11\/2022<br>Il Presidente<br>Franco Palazzoni<\/p>\n","protected":false},"excerpt":{"rendered":"<p>Club Alpino Italiano Sezione di Gualdo Tadino Convocazione assemblea dei soci &#8211; Sabato 10 dicembre 2022<\/p>\n","protected":false},"author":2,"featured_media":0,"comment_status":"closed","ping_status":"closed","sticky":false,"template":"","format":"gallery","meta":{"_jetpack_memberships_contains_paid_content":false,"footnotes":""},"categories":[34],"tags":[],"class_list":["post-6589","post","type-post","status-publish","format-gallery","hentry","category-archivio","post_format-post-format-gallery"],"jetpack_featured_media_url":"","jetpack-related-posts":[{"id":11396,"url":"https:\/\/caigualdotadino.it\/?p=11396","url_meta":{"origin":6589,"position":0},"title":"Assemblea dei Soci per sabato 06 dicembre 2025","author":"Antonella Recchioni","date":"13 Novembre 2025","format":"gallery","excerpt":"Club Alpino Italiano Sezione di Gualdo Tadino Convocazione assemblea dei Soci - Sabato 06 dicembre 2025 Cara\/o socia\/o, \u00e8 stata convocata l\u2019assemblea ordinaria degli iscritti alla sezione CAI di Gualdo Tadino per Sabato 06 dicembre 2025 presso la sede della sezione in piazza Garibaldi a Gualdo Tadino, alle ore 13,00\u2026","rel":"","context":"In &quot;4 - ARCHIVIO&quot;","block_context":{"text":"4 - ARCHIVIO","link":"https:\/\/caigualdotadino.it\/?cat=34"},"img":{"alt_text":"","src":"","width":0,"height":0},"classes":[]},{"id":149,"url":"https:\/\/caigualdotadino.it\/?p=149","url_meta":{"origin":6589,"position":1},"title":"ASSEMBLEA DEI SOCI SABATO 24 NOVEMBRE 2012","author":"pigiax","date":"21 Novembre 2012","format":false,"excerpt":"Sabato 24 novembre p.v. alle ore 16,00 in prima convocazione ed alle ore 17,30 in seconda convocazione, presso la sede sociale sita in Via della Rocchetta, \u00e8 convocata l\u2019Assemblea Ordinaria dei Soci. In allegato la convocazione.","rel":"","context":"In &quot;4 - ARCHIVIO&quot;","block_context":{"text":"4 - ARCHIVIO","link":"https:\/\/caigualdotadino.it\/?cat=34"},"img":{"alt_text":"","src":"","width":0,"height":0},"classes":[]},{"id":5325,"url":"https:\/\/caigualdotadino.it\/?p=5325","url_meta":{"origin":6589,"position":2},"title":"ASSEMBLEA ORDINARIA DEI SOCI","author":"Antonella Recchioni","date":"19 Marzo 2022","format":"gallery","excerpt":"Club Alpino Italiano Sezione di Gualdo Tadino SABATO 26 MARZO 2022 Gentile Socia, Caro Socio, la presente per comunicarTi che il giorno SABATO 26 MARZO p.v. alle ore 15,00 in prima convocazione ed alle ore 17,30 in seconda convocazione, presso la sede in Piazza G. Garibaldi 3, \u00e8 convocata l\u2019Assemblea\u2026","rel":"","context":"In &quot;4 - ARCHIVIO&quot;","block_context":{"text":"4 - ARCHIVIO","link":"https:\/\/caigualdotadino.it\/?cat=34"},"img":{"alt_text":"","src":"","width":0,"height":0},"classes":[]},{"id":8639,"url":"https:\/\/caigualdotadino.it\/?p=8639","url_meta":{"origin":6589,"position":3},"title":"Sabato 18 novembre 2023 &#8211; Assemblea ordinaria soci","author":"Antonella Recchioni","date":"4 Novembre 2023","format":"gallery","excerpt":"","rel":"","context":"In &quot;4 - ARCHIVIO&quot;","block_context":{"text":"4 - ARCHIVIO","link":"https:\/\/caigualdotadino.it\/?cat=34"},"img":{"alt_text":"","src":"https:\/\/i0.wp.com\/caigualdotadino.it\/wp-content\/uploads\/2023\/11\/Assemblea.jpg?resize=350%2C200&ssl=1","width":350,"height":200,"srcset":"https:\/\/i0.wp.com\/caigualdotadino.it\/wp-content\/uploads\/2023\/11\/Assemblea.jpg?resize=350%2C200&ssl=1 1x, https:\/\/i0.wp.com\/caigualdotadino.it\/wp-content\/uploads\/2023\/11\/Assemblea.jpg?resize=525%2C300&ssl=1 1.5x, https:\/\/i0.wp.com\/caigualdotadino.it\/wp-content\/uploads\/2023\/11\/Assemblea.jpg?resize=700%2C400&ssl=1 2x"},"classes":[]},{"id":96,"url":"https:\/\/caigualdotadino.it\/?p=96","url_meta":{"origin":6589,"position":4},"title":"Assemblea elettiva dei Soci","author":"pigiax","date":"10 Ottobre 2011","format":false,"excerpt":"Sabato\u00a026 Novembre \u00a0 alle ore 15,00 in prima convocazione ed alle ore 17,30 in seconda convocazione, presso la sala multimediale sita in localit\u00e0 S.Guido (ex tiro a volo), \u00e8 convocata l'assemblea ordinaria dei Soci per discutere il seguente ordine del giorno: \u00a0 Nomina del Presidente dell'Assemblea Nomina Segretario Verbalizzante Nomina\u2026","rel":"","context":"In &quot;4 - ARCHIVIO&quot;","block_context":{"text":"4 - ARCHIVIO","link":"https:\/\/caigualdotadino.it\/?cat=34"},"img":{"alt_text":"","src":"","width":0,"height":0},"classes":[]},{"id":4464,"url":"https:\/\/caigualdotadino.it\/?p=4464","url_meta":{"origin":6589,"position":5},"title":"Assemblea elettiva dei Soci","author":"pigiax","date":"30 Settembre 2021","format":"gallery","excerpt":"Gentile Socia, Caro Socio, la presente per comunicarTi che il giorno SABATO 16 OTTOBRE p.v. alle ore 15,00 in prima convocazione ed alle ore 17,30 in seconda convocazione, presso la sede in Piazza G. Garibaldi 3, \u00e8 convocata l\u2019Assemblea Elettiva dei Soci per discutere il seguente ordine del giorno: Nomina\u2026","rel":"","context":"In &quot;4 - ARCHIVIO&quot;","block_context":{"text":"4 - ARCHIVIO","link":"https:\/\/caigualdotadino.it\/?cat=34"},"img":{"alt_text":"","src":"","width":0,"height":0},"classes":[]}],"jetpack_sharing_enabled":true,"_links":{"self":[{"href":"https:\/\/caigualdotadino.it\/index.php?rest_route=\/wp\/v2\/posts\/6589","targetHints":{"allow":["GET"]}}],"collection":[{"href":"https:\/\/caigualdotadino.it\/index.php?rest_route=\/wp\/v2\/posts"}],"about":[{"href":"https:\/\/caigualdotadino.it\/index.php?rest_route=\/wp\/v2\/types\/post"}],"author":[{"embeddable":true,"href":"https:\/\/caigualdotadino.it\/index.php?rest_route=\/wp\/v2\/users\/2"}],"replies":[{"embeddable":true,"href":"https:\/\/caigualdotadino.it\/index.php?rest_route=%2Fwp%2Fv2%2Fcomments&post=6589"}],"version-history":[{"count":7,"href":"https:\/\/caigualdotadino.it\/index.php?rest_route=\/wp\/v2\/posts\/6589\/revisions"}],"predecessor-version":[{"id":11397,"href":"https:\/\/caigualdotadino.it\/index.php?rest_route=\/wp\/v2\/posts\/6589\/revisions\/11397"}],"wp:attachment":[{"href":"https:\/\/caigualdotadino.it\/index.php?rest_route=%2Fwp%2Fv2%2Fmedia&parent=6589"}],"wp:term":[{"taxonomy":"category","embeddable":true,"href":"https:\/\/caigualdotadino.it\/index.php?rest_route=%2Fwp%2Fv2%2Fcategories&post=6589"},{"taxonomy":"post_tag","embeddable":true,"href":"https:\/\/caigualdotadino.it\/index.php?rest_route=%2Fwp%2Fv2%2Ftags&post=6589"}],"curies":[{"name":"wp","href":"https:\/\/api.w.org\/{rel}","templated":true}]}}