{"id":5763,"date":"2022-07-15T10:21:27","date_gmt":"2022-07-15T08:21:27","guid":{"rendered":"https:\/\/caigualdotadino.it\/?p=5763"},"modified":"2022-07-20T18:38:17","modified_gmt":"2022-07-20T16:38:17","slug":"sabato-16-luglio-trekking-sotto-le-stelle","status":"publish","type":"post","link":"https:\/\/caigualdotadino.it\/?p=5763","title":{"rendered":"Sabato 16 luglio &#8211; Trekking sotto le Stelle"},"content":{"rendered":"\n<div class=\"wp-block-image is-style-default\"><figure class=\"alignleft is-resized\"><img loading=\"lazy\" decoding=\"async\" src=\"https:\/\/caigualdotadino.it\/wp-content\/uploads\/2021\/05\/image.png\" alt=\"Questa immagine ha l'attributo alt vuoto; il nome del file \u00e8 image.png\" width=\"114\" height=\"92\"\/><\/figure><\/div>\n\n\n\n<p><strong><span class=\"has-inline-color has-accent-1-color\">Club Alpino Italiano<\/span><\/strong><\/p>\n\n\n\n<p><strong><span class=\"has-inline-color has-accent-1-color\">Sezione di Gualdo Tadino<\/span><\/strong><\/p>\n\n\n\n<p><\/p>\n\n\n\n<div style=\"height:24px\" aria-hidden=\"true\" class=\"wp-block-spacer\"><\/div>\n\n\n\n<p> <\/p>\n\n\n\n<div class=\"wp-block-image\"><figure class=\"aligncenter is-resized\"><img loading=\"lazy\" decoding=\"async\" src=\"https:\/\/st.focusedcollection.com\/14026668\/i\/140\/focused_178151832-stock-photo-italy-umbria-valsorda-sunset-apennines.jpg\" alt=\"Italia, Umbria, Valsorda, Tramonto sull'eremo di Serrasanta e veduta della  strada \u2014 Immagine a colori, Sole - Stock Photo | #178148918\" width=\"444\" height=\"297\"\/><\/figure><\/div>\n\n\n\n<p><strong>RITROVO<\/strong>: ore <span style=\"color:#f90411\" class=\"has-inline-color\"><strong>00.00<\/strong><\/span> da Piazza Martiri<\/p>\n\n\n\n<!--more-->\n\n\n\n<figure class=\"wp-block-table is-style-stripes\"><table><tbody><tr><td><strong>LUNGHEZZA<\/strong>: 9,5 Km circa andata e ritorno<\/td><td><strong>DISLIVELLO<\/strong>: 900 metri circa<\/td><\/tr><tr><td><strong>ALTITUDINE MAX<\/strong> : 1423<\/td><td><strong>ALTITUDINE MIN<\/strong>: 530<\/td><\/tr><tr><td><strong>DURATA<\/strong>: 5\/6 ore comprese soste <\/td><td><strong>DIFFICOLTA\u2019<\/strong>: <span style=\"color:#f60408\" class=\"has-inline-color\"><strong>E<\/strong><\/span> <\/td><\/tr><tr><td> <strong>RIENTRO<\/strong>: da Valsorda con mezzi propri<\/td><td><strong>CARTA:<\/strong> Gualdo Tadino<\/td><\/tr><tr><td><strong>SENTIERE<\/strong>:   Parco del Gran Sasso  <\/td><td><strong>GRUPPO MONTUOSO<\/strong>: Appennino umbro marchigiano<\/td><\/tr><\/tbody><\/table><\/figure>\n\n\n\n<p> <strong>DESCRIZIONE<\/strong>: <\/p>\n\n\n\n<p>Ritrovo a mezzanotte in Piazza Martiri (di fronte al comune), partenza alle ore 00,30 in direzione Rocca Flea per poi proseguire per la strada delle Brecciaie (sent. 224), dopo la Madonnuccia saliremo e prenderemo la strada di Razzipante che ci condurr\u00e0 facilmente fino alla Balza di Mezzogiorno dove ammireremo il panorama di Gualdo in notturna. Torneremo indietro per pochi metri e prenderemo il sentiero del Rimboschimento (215) fino ad incrociare la strada dei Santi o sentiero Italia (210) che ci porter\u00e0 fino all\u2019eremo di Serrasanta dove effettueremo una colazione al sacco. Da qui ci sposteremo verso la cima del monte Serrasanta dove l\u2019orario ci consentir\u00e0 di ammirare l\u2019alba. Proseguiremo per il sentiero dei Quarti (207) che ci porter\u00e0 fino a Valsorda dove<br>avr\u00e0 termine la passeggiata e di conseguenza rientreremo in citt\u00e0 con mezzi propri.<\/p>\n\n\n\n<p><strong>Approvvigionamento Idrico<\/strong>: portare acqua a sufficienza per uso personale<\/p>\n\n\n\n<p><strong>Abbigliamento<\/strong>: Antipioggia\/antivento\/maglia pesante<\/p>\n\n\n\n<p><strong>Attrezzatura<\/strong>: scarponi, bastoncini, torcia o frontalino e spuntino<\/p>\n\n\n\n<p><strong>NOTE<\/strong>:<\/p>\n\n\n\n<p>L\u2019 escursione \u00e8 riservata ai soli soci CAI in regola con il tesseramento nell\u2019 anno corrente. Tuttavia possono partecipare anche i non iscritti tenendo conto che: a) i partecipanti all\u2019escursione non soci Cai non hanno copertura assicurativa; b) in considerazione dei possibili rischi e pericoli inerenti lo svolgimento dell\u2019escursione, i non soci sollevano la sezione CAI di Gualdo Tadino, i suoi dirigenti, gli organizzatori, gli accompagnatori, da ogni responsabilit\u00e0 in merito ad eventuali incidenti di qualsiasi natura che dovessero verificarsi nel corso della stessa; c) di rispettare la normativa vigente inerente le misure di prevenzione per evitare i contagi da Covid 19<br>L\u2019 escursione potr\u00e0 subire cambiamenti o annullamento in base al meteo o altri motivi all\u2019 insindacabile giudizio degli accompagnatori<\/p>\n\n\n\n<p>Gli accompagnatori sotto attenta ispezione avranno potere di negare la partecipazione all\u2019 escursione ai partecipanti PRIVI di ABBIGLIAMENTO\/ATTREZZATURA\/APPROVVIGIONAMENTI non che PREDISPOSIZIONE FISICA.<\/p>\n\n\n\n<p><strong>Per info e adesioni<\/strong>:<\/p>\n\n\n\n<div class=\"wp-block-columns is-layout-flex wp-container-core-columns-is-layout-9d6595d7 wp-block-columns-is-layout-flex\">\n<div class=\"wp-block-column is-layout-flow wp-block-column-is-layout-flow\" style=\"flex-basis:25%\">\n<p> Pierdomenico <\/p>\n<\/div>\n\n\n\n<div class=\"wp-block-column is-layout-flow wp-block-column-is-layout-flow\" style=\"flex-basis:33.34%\">\n<div class=\"wp-block-jetpack-contact-info\">\n<div class=\"wp-block-jetpack-phone\"><a href=\"tel:+39348016287\">+39348016287<\/a><\/div>\n<\/div>\n<\/div>\n\n\n\n<div class=\"wp-block-column is-layout-flow wp-block-column-is-layout-flow\" style=\"flex-basis:33.33%\">\n<div class=\"wp-block-jetpack-send-a-message\">\n<div class=\"wp-block-jetpack-whatsapp-button is-color-dark has-no-text\"><a class=\"whatsapp-block__button\" href=\"https:\/\/api.whatsapp.com\/send?phone=39348016287&amp;text=Salve%2C%20ho%20preso%20le%20informazioni%20di%20WhatsApp%20dal%20sito%20CAI.\" style=\"background-color:#25D366;color:#fff\" target=\"_blank\" rel=\"noopener noreferrer\"><\/a><\/div>\n<\/div>\n<\/div>\n<\/div>\n\n\n\n<div class=\"wp-block-columns is-layout-flex wp-container-core-columns-is-layout-9d6595d7 wp-block-columns-is-layout-flex\">\n<div class=\"wp-block-column is-layout-flow wp-block-column-is-layout-flow\" style=\"flex-basis:25%\">\n<p>Giacomo<\/p>\n<\/div>\n\n\n\n<div class=\"wp-block-column is-layout-flow wp-block-column-is-layout-flow\" style=\"flex-basis:33.34%\">\n<div class=\"wp-block-jetpack-contact-info\">\n<div class=\"wp-block-jetpack-phone\"><a href=\"tel:+393389986423\">+393389986423<\/a><\/div>\n<\/div>\n<\/div>\n\n\n\n<div class=\"wp-block-column is-layout-flow wp-block-column-is-layout-flow\" style=\"flex-basis:33.33%\">\n<div class=\"wp-block-jetpack-send-a-message\">\n<div class=\"wp-block-jetpack-whatsapp-button is-color-dark has-no-text\"><a class=\"whatsapp-block__button\" href=\"https:\/\/api.whatsapp.com\/send?phone=393389986423&amp;text=Salve%2C%20ho%20preso%20le%20informazioni%20di%20WhatsApp%20dal%20sito%20CAI.\" style=\"background-color:#25D366;color:#fff\" target=\"_blank\" rel=\"noopener noreferrer\"><\/a><\/div>\n<\/div>\n<\/div>\n<\/div>\n\n\n\n<div class=\"wp-block-columns is-layout-flex wp-container-core-columns-is-layout-9d6595d7 wp-block-columns-is-layout-flex\">\n<div class=\"wp-block-column is-layout-flow wp-block-column-is-layout-flow\" style=\"flex-basis:25%\">\n<p>Marco <\/p>\n<\/div>\n\n\n\n<div class=\"wp-block-column is-layout-flow wp-block-column-is-layout-flow\" style=\"flex-basis:33.34%\">\n<div class=\"wp-block-jetpack-contact-info\">\n<div class=\"wp-block-jetpack-phone\"><a href=\"tel:+393473653887\">+393473653887<\/a><\/div>\n<\/div>\n<\/div>\n\n\n\n<div class=\"wp-block-column is-layout-flow wp-block-column-is-layout-flow\" style=\"flex-basis:33.33%\">\n<div class=\"wp-block-jetpack-send-a-message\">\n<div class=\"wp-block-jetpack-whatsapp-button is-color-dark has-no-text\"><a class=\"whatsapp-block__button\" href=\"https:\/\/api.whatsapp.com\/send?phone=393473653887&amp;text=Salve%2C%20ho%20preso%20le%20informazioni%20di%20WhatsApp%20dal%20sito%20CAI.\" style=\"background-color:#25D366;color:#fff\" target=\"_blank\" rel=\"noopener noreferrer\"><\/a><\/div>\n<\/div>\n<\/div>\n<\/div>\n","protected":false},"excerpt":{"rendered":"<p>Club Alpino Italiano Sezione di Gualdo Tadino RITROVO: ore 00.00 da Piazza Martiri<\/p>\n","protected":false},"author":2,"featured_media":0,"comment_status":"closed","ping_status":"closed","sticky":false,"template":"","format":"gallery","meta":{"_jetpack_memberships_contains_paid_content":false,"footnotes":""},"categories":[34,35],"tags":[],"class_list":["post-5763","post","type-post","status-publish","format-gallery","hentry","category-archivio","category-escursioni","post_format-post-format-gallery"],"jetpack_featured_media_url":"","jetpack-related-posts":[{"id":7943,"url":"https:\/\/caigualdotadino.it\/?p=7943","url_meta":{"origin":5763,"position":0},"title":"Sabato 15 luglio &#8211; Trekking sotto  le stelle","author":"Antonella Recchioni","date":"12 Luglio 2023","format":"gallery","excerpt":"","rel":"","context":"In &quot;4 - ARCHIVIO&quot;","block_context":{"text":"4 - ARCHIVIO","link":"https:\/\/caigualdotadino.it\/?cat=34"},"img":{"alt_text":"","src":"https:\/\/i0.wp.com\/caigualdotadino.it\/wp-content\/uploads\/2023\/07\/Notturna-15-luglio_page-0001.jpg?resize=350%2C200&ssl=1","width":350,"height":200,"srcset":"https:\/\/i0.wp.com\/caigualdotadino.it\/wp-content\/uploads\/2023\/07\/Notturna-15-luglio_page-0001.jpg?resize=350%2C200&ssl=1 1x, https:\/\/i0.wp.com\/caigualdotadino.it\/wp-content\/uploads\/2023\/07\/Notturna-15-luglio_page-0001.jpg?resize=525%2C300&ssl=1 1.5x, https:\/\/i0.wp.com\/caigualdotadino.it\/wp-content\/uploads\/2023\/07\/Notturna-15-luglio_page-0001.jpg?resize=700%2C400&ssl=1 2x"},"classes":[]},{"id":4019,"url":"https:\/\/caigualdotadino.it\/?p=4019","url_meta":{"origin":5763,"position":1},"title":"Escursione notturna Sabato 24 luglio","author":"Antonella Recchioni","date":"20 Luglio 2021","format":"gallery","excerpt":"Club Alpino Italiano Sezione di Gualdo Tadino TREKKING SOTTO LE STELLE Partenza: ore 0.30 da Piazza Martiri RITROVOOre 00,30 Piazza Martiri\u00a0\u00a0PARTENZA ESCURSIONEOre 01,00 Piazza MartiriDISLIVELLO900 circaLUNGHEZZA9,5 kmALTITUDINE MAX1423DURATA5:30\u00a0 comprese \u00a0sosteALTITUDINE MIN530PRANZO\u00a0DIFFICOLTA\u2019ERIENTRODa ValsordaMEZZO DI TRASPORTOProprio CARTAGUALDO TADINOSENTIERI224 \/ 218 \/ 207GRUPPO MONTUOSOAppennino U\/M Descrizione: Ritrovo alle ore 00:30 in Piazza Martiri,\u2026","rel":"","context":"In &quot;4 - ARCHIVIO&quot;","block_context":{"text":"4 - ARCHIVIO","link":"https:\/\/caigualdotadino.it\/?cat=34"},"img":{"alt_text":"Questa immagine ha l'attributo alt vuoto; il nome del file \u00e8 image.png","src":"https:\/\/i0.wp.com\/caigualdotadino.it\/wp-content\/uploads\/2021\/05\/image.png?resize=350%2C200&ssl=1","width":350,"height":200},"classes":[]},{"id":3987,"url":"https:\/\/caigualdotadino.it\/?p=3987","url_meta":{"origin":5763,"position":2},"title":"Escursione Domenica 18 luglio","author":"pigiax","date":"14 Luglio 2021","format":"gallery","excerpt":"Club Alpino Italiano Sezione di Gualdo Tadino Sui nostri monti Dalla Madonuccia a Serrasanta (e ritorno) (In sostituzione del previsto trekking del tartufo annullato causa pandemia) Partenza: ore 8,00 dalla Madonuccia Percorso: Madonnuccia- Razzipante- Balza di Mezzogiorno- Sentiero delle Crocette- Serrasanta- BelvedereStrada dei Santi- Madonnuccia Dislivello: 600 m circa Tempo\u2026","rel":"","context":"In &quot;4 - ARCHIVIO&quot;","block_context":{"text":"4 - ARCHIVIO","link":"https:\/\/caigualdotadino.it\/?cat=34"},"img":{"alt_text":"Questa immagine ha l'attributo alt vuoto; il nome del file \u00e8 image.png","src":"https:\/\/i0.wp.com\/caigualdotadino.it\/wp-content\/uploads\/2021\/05\/image.png?resize=350%2C200&ssl=1","width":350,"height":200},"classes":[]},{"id":5903,"url":"https:\/\/caigualdotadino.it\/?p=5903","url_meta":{"origin":5763,"position":3},"title":"Domenica 24 luglio Valsorda- Monte Alago","author":"pigiax","date":"19 Luglio 2022","format":"gallery","excerpt":"Club Alpino Italiano Sezione di Gualdo Tadino Partenza: ore 07,00 da Valsorda (di fronte al ristorante Clelia) Itinerario: Valsorda- Chiavellara- Pian delle Vescole- Val del Pero -Trivio di Luticchio- Monte Merlana- Monte Alago Tempo di percorrenza : 5h 30\u2019 circa Difficolt\u00e0: EE per la lunghezza di circa 20 Km Lunghezza:\u2026","rel":"","context":"In &quot;4 - ARCHIVIO&quot;","block_context":{"text":"4 - ARCHIVIO","link":"https:\/\/caigualdotadino.it\/?cat=34"},"img":{"alt_text":"Questa immagine ha l'attributo alt vuoto; il nome del file \u00e8 image.png","src":"https:\/\/i0.wp.com\/caigualdotadino.it\/wp-content\/uploads\/2021\/05\/image.png?resize=350%2C200&ssl=1","width":350,"height":200},"classes":[]},{"id":7920,"url":"https:\/\/caigualdotadino.it\/?p=7920","url_meta":{"origin":5763,"position":4},"title":"Notturna Sabato 1 luglio &#8211; Vallico di Fossato &#8211; Pian delle Macinare","author":"Antonella Recchioni","date":"26 Giugno 2023","format":"gallery","excerpt":"Club Alpino Italiano Sezione di Gualdo Tadino LUNGHEZZA: 16 Km circaDISLIVELLO: 900 metri totaliALTITUDINE MAX : 1208ALTITUDINE MIN: 733DURATA: 5 ore + soste DIFFICOLTA\u2019: EE COLAZIONE: Presso Rifugio MainardiRIENTRO: MattinataCARTA MONTE CUCCO: SENTIERO ITALIAGRUPPO MONTUOSO: Appennino Umbro Marchigiano DESCRIZIONE: Partenza dal Valico di Fossato di Vico ore 03.00 circa in\u2026","rel":"","context":"In &quot;4 - ARCHIVIO&quot;","block_context":{"text":"4 - ARCHIVIO","link":"https:\/\/caigualdotadino.it\/?cat=34"},"img":{"alt_text":"Questa immagine ha l'attributo alt vuoto; il nome del file \u00e8 image.png","src":"https:\/\/i0.wp.com\/caigualdotadino.it\/wp-content\/uploads\/2021\/05\/image.png?resize=350%2C200&ssl=1","width":350,"height":200},"classes":[]},{"id":5708,"url":"https:\/\/caigualdotadino.it\/?p=5708","url_meta":{"origin":5763,"position":5},"title":"Notturna Sabato 2 luglio &#8211; Vallico di Fossato &#8211; Pian delle Macinare","author":"Antonella Recchioni","date":"29 Giugno 2022","format":"gallery","excerpt":"Club Alpino Italiano Sezione di Gualdo Tadino RITROVO: ore 02.30 dal parcheggio del Gala. LUNGHEZZA: 16 Km circaDISLIVELLO: 900 metri totaliALTITUDINE MAX : 1208ALTITUDINE MIN: 733DURATA: 5 ore + soste DIFFICOLTA\u2019: EE COLAZIONE: Presso Rifugio MainardiRIENTRO: MattinataCARTA MONTE CUCCO: SENTIERO ITALIAGRUPPO MONTUOSO: Appennino Umbro Marchigiano DESCRIZIONE: Partenza dal Valico di\u2026","rel":"","context":"In &quot;4 - ARCHIVIO&quot;","block_context":{"text":"4 - ARCHIVIO","link":"https:\/\/caigualdotadino.it\/?cat=34"},"img":{"alt_text":"Questa immagine ha l'attributo alt vuoto; il nome del file \u00e8 image.png","src":"https:\/\/i0.wp.com\/caigualdotadino.it\/wp-content\/uploads\/2021\/05\/image.png?resize=350%2C200&ssl=1","width":350,"height":200},"classes":[]}],"jetpack_sharing_enabled":true,"_links":{"self":[{"href":"https:\/\/caigualdotadino.it\/index.php?rest_route=\/wp\/v2\/posts\/5763","targetHints":{"allow":["GET"]}}],"collection":[{"href":"https:\/\/caigualdotadino.it\/index.php?rest_route=\/wp\/v2\/posts"}],"about":[{"href":"https:\/\/caigualdotadino.it\/index.php?rest_route=\/wp\/v2\/types\/post"}],"author":[{"embeddable":true,"href":"https:\/\/caigualdotadino.it\/index.php?rest_route=\/wp\/v2\/users\/2"}],"replies":[{"embeddable":true,"href":"https:\/\/caigualdotadino.it\/index.php?rest_route=%2Fwp%2Fv2%2Fcomments&post=5763"}],"version-history":[{"count":1,"href":"https:\/\/caigualdotadino.it\/index.php?rest_route=\/wp\/v2\/posts\/5763\/revisions"}],"predecessor-version":[{"id":5765,"href":"https:\/\/caigualdotadino.it\/index.php?rest_route=\/wp\/v2\/posts\/5763\/revisions\/5765"}],"wp:attachment":[{"href":"https:\/\/caigualdotadino.it\/index.php?rest_route=%2Fwp%2Fv2%2Fmedia&parent=5763"}],"wp:term":[{"taxonomy":"category","embeddable":true,"href":"https:\/\/caigualdotadino.it\/index.php?rest_route=%2Fwp%2Fv2%2Fcategories&post=5763"},{"taxonomy":"post_tag","embeddable":true,"href":"https:\/\/caigualdotadino.it\/index.php?rest_route=%2Fwp%2Fv2%2Ftags&post=5763"}],"curies":[{"name":"wp","href":"https:\/\/api.w.org\/{rel}","templated":true}]}}