{"id":5677,"date":"2022-06-23T10:23:28","date_gmt":"2022-06-23T08:23:28","guid":{"rendered":"https:\/\/caigualdotadino.it\/?p=5677"},"modified":"2022-06-29T20:10:45","modified_gmt":"2022-06-29T18:10:45","slug":"domenica-26-giugno-montagne-in-movimento","status":"publish","type":"post","link":"https:\/\/caigualdotadino.it\/?p=5677","title":{"rendered":"Domenica 26 giugno &#8211; Montagne in movimento"},"content":{"rendered":"\n<div class=\"wp-block-image is-style-default\"><figure class=\"alignleft is-resized\"><img loading=\"lazy\" decoding=\"async\" src=\"https:\/\/caigualdotadino.it\/wp-content\/uploads\/2021\/05\/image.png\" alt=\"Questa immagine ha l'attributo alt vuoto; il nome del file \u00e8 image.png\" width=\"114\" height=\"92\"\/><\/figure><\/div>\n\n\n\n<p><strong><span class=\"has-inline-color has-accent-1-color\">Club Alpino Italiano<\/span><\/strong><\/p>\n\n\n\n<p><strong><span class=\"has-inline-color has-accent-1-color\">Sezione di Gualdo Tadino<\/span><\/strong><\/p>\n\n\n\n<p><\/p>\n\n\n\n<div style=\"height:13px\" aria-hidden=\"true\" class=\"wp-block-spacer\"><\/div>\n\n\n\n<div class=\"wp-block-image is-style-default\"><figure class=\"alignleft size-full is-resized\"><img loading=\"lazy\" decoding=\"async\" src=\"https:\/\/caigualdotadino.it\/wp-content\/uploads\/2021\/04\/image-5.png\" alt=\"\" class=\"wp-image-2850\" width=\"93\" height=\"93\"\/><\/figure><\/div>\n\n\n\n<p><strong><span class=\"has-inline-color has-accent-1-color\">Gruppo Speleologico<\/span><\/strong><\/p>\n\n\n\n<p><strong><span class=\"has-inline-color has-accent-1-color\">di Gualdo Tadino<\/span><\/strong><\/p>\n\n\n\n<p><\/p>\n\n\n\n<p><\/p>\n\n\n\n<h3 class=\"has-text-align-center wp-block-heading\"><strong>Monte Penna: il ferro di Pio IX, le terre coloranti, le ricette segrete dei riflessi ceramici<\/strong><\/h3>\n\n\n\n<div style=\"height:32px\" aria-hidden=\"true\" class=\"wp-block-spacer\"><\/div>\n\n\n\n<div class=\"wp-block-image\"><figure class=\"aligncenter size-large is-resized\"><img loading=\"lazy\" decoding=\"async\" src=\"https:\/\/caigualdotadino.it\/wp-content\/uploads\/2022\/06\/monte-penne.jpg\" alt=\"\" class=\"wp-image-5678\" width=\"394\" height=\"291\"\/><\/figure><\/div>\n\n\n\n<p> <strong>Partenza<\/strong>: ore <strong><span style=\"color:#fc030f\" class=\"has-inline-color\">08.30<\/span><\/strong> presso la Pineta di Roti di Gualdo Tadino. Arrivo con mezzi propri al parcheggio sotto Casa Petrini, localit\u00e0 \u201cLa Colonia\u201d (quota m 580).<\/p>\n\n\n\n<!--more-->\n\n\n\n<p><strong>Escursione:<\/strong> <\/p>\n\n\n\n<p>Partenza per Pineta del Soldato, Trocchi dei Renacci (quota m 800), Cava del Ferro \u2013 Grotta della Miniera 106 UPG (quota m 1050). Dell\u2019antica miniera di ferro restano spazi aperti per lo stoccaggio dei minerali, i resti di un piccolo rifugio o deposito di attrezzi, otto gallerie di estrazione e prospezione, sentieri e mulattiere di collegamento. Al termine della visita, per tracce di sentiero si sale alla Galleria del Penna (quota m 1120), la galleria pi\u00f9 alta del complesso minerario, poi al rifugio monte Penna (quota m 1200).<\/p>\n\n\n\n<p><br>Il percorso \u00e8 per escursionisti, percorribile in quattro ore, lo svolgimento dell&#8217;evento ed il percorso potranno essere modificati in base alle condizioni meteo e a giudizio degli accompagnatori. Ogni partecipante \u00e8 responsabile per se stesso e per eventuali minori sotto la sua tutela. <\/p>\n\n\n\n<p>Richiesto abbigliamento da montagna, antipioggia e antivento, borraccia con acqua ed eventuali indumenti di ricambio nello zaino, indispensabili le scarpe da montagna.<\/p>\n\n\n\n<p>Si ricorda a tutti i partecipanti che le attivit\u00e0 in montagna presentano dei rischi. L\u2019organizzazione dell\u2019evento adotta tutte le misure precauzionali affinch\u00e9 nei vari ambiti si operi con ragionevole sicurezza. Con l\u2019adesione all\u2019evento il partecipante \u00e8 consapevole che un rischio residuo \u00e8 sempre presente e non \u00e8 mai azzerabile, sollevando da ogni responsabilit\u00e0 la Sezione CAI di Gualdo Tadino e il GSGT organizzatori dell\u2019evento.<\/p>\n\n\n\n<p><br><strong>Ore 13.00:<\/strong> <span class=\"has-inline-color has-headings-color\">Spaghettata presso il Rifugio Monte Penna<\/span>. Al termine si torna in un paio d\u2019ore alle auto, per sentieri diversi. La quota per la spaghettata \u00e8 di dieci euro, da versare sul posto, chi vuole partecipare pu\u00f2 prenotare, entro il 24.06.2022, ai numeri indicati.<\/p>\n\n\n\n<p>Oppure<\/p>\n\n\n\n<p><strong>Ore 13,00<\/strong>: <span class=\"has-inline-color has-headings-color\">Pranzo al sacco presso il Rifugio Monte Penna<\/span>. Al termine si torna in un paio d\u2019ore alle auto, per sentieri diversi.<\/p>\n\n\n\n<p style=\"font-size:20px\"><strong>Per informazioni: Vittorio 371 396 3304<br>Per prenotazioni: Giuseppe 333 343 9751<\/strong><\/p>\n","protected":false},"excerpt":{"rendered":"<p>Club Alpino Italiano Sezione di Gualdo Tadino Gruppo Speleologico di Gualdo Tadino Monte Penna: il ferro di Pio IX, le terre coloranti, le ricette segrete &hellip;<\/p>\n","protected":false},"author":2,"featured_media":0,"comment_status":"closed","ping_status":"closed","sticky":false,"template":"","format":"gallery","meta":{"_jetpack_memberships_contains_paid_content":false,"footnotes":""},"categories":[34,35],"tags":[],"class_list":["post-5677","post","type-post","status-publish","format-gallery","hentry","category-archivio","category-escursioni","post_format-post-format-gallery"],"jetpack_featured_media_url":"","jetpack-related-posts":[{"id":7671,"url":"https:\/\/caigualdotadino.it\/?p=7671","url_meta":{"origin":5677,"position":0},"title":"Venerd\u00ec 2 giugno &#8211; Montagne in movimento","author":"Antonella Recchioni","date":"11 Maggio 2023","format":"gallery","excerpt":"Club Alpino Italiano Sezione di Gualdo Tadino Gruppo Speleologico di Gualdo Tadino Visita guidata alla Grotta di Monte Cucco","rel":"","context":"In &quot;4 - ARCHIVIO&quot;","block_context":{"text":"4 - ARCHIVIO","link":"https:\/\/caigualdotadino.it\/?cat=34"},"img":{"alt_text":"","src":"https:\/\/i0.wp.com\/caigualdotadino.it\/wp-content\/uploads\/2023\/05\/Immagine-WhatsApp-2023-05-25-ore-10.43.41.jpg?resize=350%2C200&ssl=1","width":350,"height":200,"srcset":"https:\/\/i0.wp.com\/caigualdotadino.it\/wp-content\/uploads\/2023\/05\/Immagine-WhatsApp-2023-05-25-ore-10.43.41.jpg?resize=350%2C200&ssl=1 1x, https:\/\/i0.wp.com\/caigualdotadino.it\/wp-content\/uploads\/2023\/05\/Immagine-WhatsApp-2023-05-25-ore-10.43.41.jpg?resize=525%2C300&ssl=1 1.5x, https:\/\/i0.wp.com\/caigualdotadino.it\/wp-content\/uploads\/2023\/05\/Immagine-WhatsApp-2023-05-25-ore-10.43.41.jpg?resize=700%2C400&ssl=1 2x"},"classes":[]},{"id":5414,"url":"https:\/\/caigualdotadino.it\/?p=5414","url_meta":{"origin":5677,"position":1},"title":"Domenica 03 aprile &#8211; Montagne in movimento","author":"Antonella Recchioni","date":"29 Marzo 2022","format":"gallery","excerpt":"Club Alpino Italiano Sezione di Gualdo Tadino Gruppo Speleologico di Gualdo Tadino Partenza: ore 08.30 presso Rifugio Monte Maggio, Valsorda di Gualdo Tadino Percorso : Via delle Grotte ,Pian dell\u2019Orzola,Macchioni de Massimino, la Valcella, fosso della Bastia.Arrivo: ore 13:00 -conclusione presso il rifugio CAIPranzo: conclusione presso il rifugio CAI Monte\u2026","rel":"","context":"In &quot;4 - ARCHIVIO&quot;","block_context":{"text":"4 - ARCHIVIO","link":"https:\/\/caigualdotadino.it\/?cat=34"},"img":{"alt_text":"Questa immagine ha l'attributo alt vuoto; il nome del file \u00e8 image.png","src":"https:\/\/i0.wp.com\/caigualdotadino.it\/wp-content\/uploads\/2021\/05\/image.png?resize=350%2C200&ssl=1","width":350,"height":200},"classes":[]},{"id":5666,"url":"https:\/\/caigualdotadino.it\/?p=5666","url_meta":{"origin":5677,"position":2},"title":"Domenica 19 giugno &#8211; Montagne in movimento","author":"Antonella Recchioni","date":"15 Giugno 2022","format":"gallery","excerpt":"Club Alpino Italiano Sezione di Gualdo Tadino Gruppo Speleologico di Gualdo Tadino Partenza: ore 08.30 presso il parcheggio \u201cClelia\u201d di Valsorda di Gualdo Tadino (quota m 1005, a km 6 da Gualdo Tadino). Raduno al Rifugio Monte Maggio, raggiungibile a piedi, a duecento metri dalle auto. Escursione: Partenza per la\u2026","rel":"","context":"In &quot;4 - ARCHIVIO&quot;","block_context":{"text":"4 - ARCHIVIO","link":"https:\/\/caigualdotadino.it\/?cat=34"},"img":{"alt_text":"","src":"https:\/\/i0.wp.com\/caigualdotadino.it\/wp-content\/uploads\/2022\/06\/monte-maggio.jpg?resize=350%2C200&ssl=1","width":350,"height":200,"srcset":"https:\/\/i0.wp.com\/caigualdotadino.it\/wp-content\/uploads\/2022\/06\/monte-maggio.jpg?resize=350%2C200&ssl=1 1x, https:\/\/i0.wp.com\/caigualdotadino.it\/wp-content\/uploads\/2022\/06\/monte-maggio.jpg?resize=525%2C300&ssl=1 1.5x, https:\/\/i0.wp.com\/caigualdotadino.it\/wp-content\/uploads\/2022\/06\/monte-maggio.jpg?resize=700%2C400&ssl=1 2x"},"classes":[]},{"id":4630,"url":"https:\/\/caigualdotadino.it\/?p=4630","url_meta":{"origin":5677,"position":3},"title":"Escursione Domenica 17 ottobre","author":"Antonella Recchioni","date":"13 Ottobre 2021","format":"gallery","excerpt":"Club Alpino Italiano Sezione di Gualdo Tadino Intersezionale con la sezione CAI di Montefeltro e la sezione CAI di Ancona Partenza: ore 07.00 dal parcheggio Gala (Gualdo Tadino) con mezzi propri Ritrovo con le altre sezioni: ore 08,15 presso Bar Furlo Dislivello: 370 m. circa Lunghezza: 14 km. circa Itinerario:\u2026","rel":"","context":"In &quot;4 - ARCHIVIO&quot;","block_context":{"text":"4 - ARCHIVIO","link":"https:\/\/caigualdotadino.it\/?cat=34"},"img":{"alt_text":"","src":"","width":0,"height":0},"classes":[]},{"id":7832,"url":"https:\/\/caigualdotadino.it\/?p=7832","url_meta":{"origin":5677,"position":4},"title":"Domenica 11 giugno &#8211; Escursione sui nostri Monti","author":"Antonella Recchioni","date":"9 Giugno 2023","format":"gallery","excerpt":"Club Alpino Italiano Sezione di Gualdo Tadino Si informa che l\u2019escursione in notturna Valtopina-Spello (prevista nel calendario) \u00e8 stata annullata per motivi organizzativi. Partenza: ore 08,30 dalla Rocca Flea Itinerario: verr\u00e0 deciso all\u2019istante con i partecipanti. Rientro: verso le 12,30 . Cosa portare: liquidi ed abbigliamento adeguato. Accompagnatori: Franco Palazzoni\u2026","rel":"","context":"In &quot;4 - ARCHIVIO&quot;","block_context":{"text":"4 - ARCHIVIO","link":"https:\/\/caigualdotadino.it\/?cat=34"},"img":{"alt_text":"","src":"https:\/\/i0.wp.com\/caigualdotadino.it\/wp-content\/uploads\/2023\/06\/Creste-dei-Quarti.webp?resize=350%2C200&ssl=1","width":350,"height":200,"srcset":"https:\/\/i0.wp.com\/caigualdotadino.it\/wp-content\/uploads\/2023\/06\/Creste-dei-Quarti.webp?resize=350%2C200&ssl=1 1x, https:\/\/i0.wp.com\/caigualdotadino.it\/wp-content\/uploads\/2023\/06\/Creste-dei-Quarti.webp?resize=525%2C300&ssl=1 1.5x, https:\/\/i0.wp.com\/caigualdotadino.it\/wp-content\/uploads\/2023\/06\/Creste-dei-Quarti.webp?resize=700%2C400&ssl=1 2x"},"classes":[]},{"id":7757,"url":"https:\/\/caigualdotadino.it\/?p=7757","url_meta":{"origin":5677,"position":5},"title":"Domenica 14 maggio &#8211; Escursione sui nostri Monti","author":"Antonella Recchioni","date":"13 Maggio 2023","format":"gallery","excerpt":"Club Alpino Italiano Sezione di Gualdo Tadino Si informa che l\u2019uscita a Monte Cucco, con esplorazione di alcune grotte, prevista nel progetto \u201cMontagne in Movimento\u201d per domenica 14 maggio, in accordo tra Gruppo Speleologico e CAI \u00e8 stata annullata a causa delle previste cattive condizioni meteorologiche non compatibili con il\u2026","rel":"","context":"In &quot;4 - ARCHIVIO&quot;","block_context":{"text":"4 - ARCHIVIO","link":"https:\/\/caigualdotadino.it\/?cat=34"},"img":{"alt_text":"","src":"https:\/\/i0.wp.com\/caigualdotadino.it\/wp-content\/uploads\/2023\/05\/valsorda-val-di-ranco-1280x720-1.jpg?resize=350%2C200&ssl=1","width":350,"height":200,"srcset":"https:\/\/i0.wp.com\/caigualdotadino.it\/wp-content\/uploads\/2023\/05\/valsorda-val-di-ranco-1280x720-1.jpg?resize=350%2C200&ssl=1 1x, https:\/\/i0.wp.com\/caigualdotadino.it\/wp-content\/uploads\/2023\/05\/valsorda-val-di-ranco-1280x720-1.jpg?resize=525%2C300&ssl=1 1.5x, https:\/\/i0.wp.com\/caigualdotadino.it\/wp-content\/uploads\/2023\/05\/valsorda-val-di-ranco-1280x720-1.jpg?resize=700%2C400&ssl=1 2x"},"classes":[]}],"jetpack_sharing_enabled":true,"_links":{"self":[{"href":"https:\/\/caigualdotadino.it\/index.php?rest_route=\/wp\/v2\/posts\/5677","targetHints":{"allow":["GET"]}}],"collection":[{"href":"https:\/\/caigualdotadino.it\/index.php?rest_route=\/wp\/v2\/posts"}],"about":[{"href":"https:\/\/caigualdotadino.it\/index.php?rest_route=\/wp\/v2\/types\/post"}],"author":[{"embeddable":true,"href":"https:\/\/caigualdotadino.it\/index.php?rest_route=\/wp\/v2\/users\/2"}],"replies":[{"embeddable":true,"href":"https:\/\/caigualdotadino.it\/index.php?rest_route=%2Fwp%2Fv2%2Fcomments&post=5677"}],"version-history":[{"count":7,"href":"https:\/\/caigualdotadino.it\/index.php?rest_route=\/wp\/v2\/posts\/5677\/revisions"}],"predecessor-version":[{"id":5685,"href":"https:\/\/caigualdotadino.it\/index.php?rest_route=\/wp\/v2\/posts\/5677\/revisions\/5685"}],"wp:attachment":[{"href":"https:\/\/caigualdotadino.it\/index.php?rest_route=%2Fwp%2Fv2%2Fmedia&parent=5677"}],"wp:term":[{"taxonomy":"category","embeddable":true,"href":"https:\/\/caigualdotadino.it\/index.php?rest_route=%2Fwp%2Fv2%2Fcategories&post=5677"},{"taxonomy":"post_tag","embeddable":true,"href":"https:\/\/caigualdotadino.it\/index.php?rest_route=%2Fwp%2Fv2%2Ftags&post=5677"}],"curies":[{"name":"wp","href":"https:\/\/api.w.org\/{rel}","templated":true}]}}