{"id":5666,"date":"2022-06-15T12:08:22","date_gmt":"2022-06-15T10:08:22","guid":{"rendered":"https:\/\/caigualdotadino.it\/?p=5666"},"modified":"2022-06-23T10:24:07","modified_gmt":"2022-06-23T08:24:07","slug":"domenica-18-giugno-montagne-in-movimento","status":"publish","type":"post","link":"https:\/\/caigualdotadino.it\/?p=5666","title":{"rendered":"Domenica 19 giugno &#8211; Montagne in movimento"},"content":{"rendered":"\n<div class=\"wp-block-image is-style-default\"><figure class=\"alignleft is-resized\"><img loading=\"lazy\" decoding=\"async\" src=\"https:\/\/caigualdotadino.it\/wp-content\/uploads\/2021\/05\/image.png\" alt=\"Questa immagine ha l'attributo alt vuoto; il nome del file \u00e8 image.png\" width=\"114\" height=\"92\"\/><\/figure><\/div>\n\n\n\n<p><strong><span class=\"has-inline-color has-accent-1-color\">Club Alpino Italiano<\/span><\/strong><\/p>\n\n\n\n<p><strong><span class=\"has-inline-color has-accent-1-color\">Sezione di Gualdo Tadino<\/span><\/strong><\/p>\n\n\n\n<p><\/p>\n\n\n\n<div style=\"height:13px\" aria-hidden=\"true\" class=\"wp-block-spacer\"><\/div>\n\n\n\n<div class=\"wp-block-image is-style-default\"><figure class=\"alignleft size-full is-resized\"><img loading=\"lazy\" decoding=\"async\" src=\"https:\/\/caigualdotadino.it\/wp-content\/uploads\/2021\/04\/image-5.png\" alt=\"\" class=\"wp-image-2850\" width=\"93\" height=\"93\"\/><\/figure><\/div>\n\n\n\n<p><strong><span class=\"has-inline-color has-accent-1-color\">Gruppo Speleologico<\/span><\/strong><\/p>\n\n\n\n<p><strong><span class=\"has-inline-color has-accent-1-color\">di Gualdo Tadino<\/span><\/strong><\/p>\n\n\n\n<p><\/p>\n\n\n\n<p><\/p>\n\n\n\n<div style=\"height:19px\" aria-hidden=\"true\" class=\"wp-block-spacer\"><\/div>\n\n\n\n<figure class=\"wp-block-image size-large is-resized\"><img loading=\"lazy\" decoding=\"async\" src=\"https:\/\/caigualdotadino.it\/wp-content\/uploads\/2022\/06\/monte-maggio.jpg\" alt=\"\" class=\"wp-image-5667\" width=\"595\" height=\"354\" srcset=\"https:\/\/caigualdotadino.it\/wp-content\/uploads\/2022\/06\/monte-maggio.jpg 1024w, https:\/\/caigualdotadino.it\/wp-content\/uploads\/2022\/06\/monte-maggio-300x179.jpg 300w, https:\/\/caigualdotadino.it\/wp-content\/uploads\/2022\/06\/monte-maggio-768x458.jpg 768w, https:\/\/caigualdotadino.it\/wp-content\/uploads\/2022\/06\/monte-maggio-431x257.jpg 431w\" sizes=\"auto, (max-width: 595px) 100vw, 595px\" \/><\/figure>\n\n\n\n<p> <strong>Partenza<\/strong>: ore <strong><span style=\"color:#fc030f\" class=\"has-inline-color\">08.30<\/span><\/strong> presso il parcheggio \u201cClelia\u201d di Valsorda di Gualdo Tadino (quota m 1005, a km 6 da Gualdo Tadino).<\/p>\n\n\n\n<p><strong>Raduno<\/strong> al Rifugio Monte Maggio, raggiungibile a piedi, a duecento metri dalle auto.<\/p>\n\n\n\n<!--more-->\n\n\n\n<p><strong>Escursione<\/strong>:<\/p>\n\n\n\n<p>Partenza per la mulattiera a fianco del rifugio (un tempo chiamata Via Lata o strada dell\u2019Aja Grande) \u2013 Ingressi della Grotta dell\u2019 Ultima Luna 870 UM, Grotta del Topoelefante 866 UM (tuttora in esplorazione, profondit\u00e0 raggiunta m -100) e Grotta dei Tre Rospi 869 UM &#8211; Pian dell\u2019Orzola \u2013 Macchioni di Massimino \u2013 Valcella. Il percorso \u00e8 inizialmente in salita, poi traversa il versante nord del monte Maggio nell\u2019ombra della faggeta. Dalla Valcella si scende per il Fosso della Bastia e si torna a Valsorda, al Rifugio Monte Maggio.<\/p>\n\n\n\n<p><br><strong>Difficolt\u00e0<\/strong>: Il percorso \u00e8 per escursionisti: cinque chilometri percorribili in tre ore e con un dislivello di circa m 300<\/p>\n\n\n\n<p><br><strong>N.B.<\/strong><\/p>\n\n\n\n<p>Lo svolgimento dell&#8217;evento ed il percorso potranno essere modificati in base alle condizioni meteo ed a giudizio degli accompagnatori. Ogni partecipante \u00e8 responsabile per se stesso e per eventuali minori sotto la sua tutela.<\/p>\n\n\n\n<p><br>Abbigliamento- Richiesto abbigliamento da montagna, antipioggia e antivento, borraccia con acqua ed eventuali indumenti di ricambio nello zaino; indispensabili le scarpe da montagna.<\/p>\n\n\n\n<p><br>Si ricorda a tutti i partecipanti che le attivit\u00e0 in montagna presentano dei rischi.<br>L\u2019organizzazione dell\u2019evento adotta tutte le misure precauzionali affinch\u00e9 nei vari ambiti si operi con ragionevole sicurezza. Con l\u2019adesione all\u2019evento il partecipante \u00e8 consapevole che un rischio residuo \u00e8 sempre possibile e non \u00e8 mai azzerabile, sollevando da ogni responsabilit\u00e0 la Sezione CAI di Gualdo Tadino e il GSGT organizzatori dell\u2019evento.<\/p>\n\n\n\n<p><br><strong>Ore 13.00: Spaghettata presso il Rifugio CAI Monte Maggio<\/strong>. La quota per la spaghettata \u00e8 di 10 euro, da versare sul posto; chi vuole partecipare pu\u00f2 prenotare entro il 17.06.2022 ai numeri indicati<\/p>\n\n\n\n<div class=\"wp-block-columns is-layout-flex wp-container-core-columns-is-layout-9d6595d7 wp-block-columns-is-layout-flex\">\n<div class=\"wp-block-column is-layout-flow wp-block-column-is-layout-flow\" style=\"flex-basis:25%\">\n<p>Vittorio Carini<\/p>\n<\/div>\n\n\n\n<div class=\"wp-block-column is-layout-flow wp-block-column-is-layout-flow\" style=\"flex-basis:33.34%\">\n<div class=\"wp-block-jetpack-contact-info\">\n<div class=\"wp-block-jetpack-phone\"><a href=\"tel:+393713963304\">+393713963304<\/a><\/div>\n<\/div>\n<\/div>\n\n\n\n<div class=\"wp-block-column is-layout-flow wp-block-column-is-layout-flow\" style=\"flex-basis:33.33%\">\n<div class=\"wp-block-jetpack-send-a-message\">\n<div class=\"wp-block-jetpack-whatsapp-button is-color-dark has-no-text\"><a class=\"whatsapp-block__button\" href=\"https:\/\/api.whatsapp.com\/send?phone=393713963304&amp;text=Salve%2C%20ho%20preso%20le%20informazioni%20di%20WhatsApp%20dal%20sito%20CAI.\" style=\"background-color:#25D366;color:#fff\" target=\"_blank\" rel=\"noopener noreferrer\"><\/a><\/div>\n<\/div>\n<\/div>\n<\/div>\n\n\n\n<div class=\"wp-block-columns is-layout-flex wp-container-core-columns-is-layout-9d6595d7 wp-block-columns-is-layout-flex\">\n<div class=\"wp-block-column is-layout-flow wp-block-column-is-layout-flow\" style=\"flex-basis:25%\">\n<p>Enzo Bozzi<\/p>\n<\/div>\n\n\n\n<div class=\"wp-block-column is-layout-flow wp-block-column-is-layout-flow\" style=\"flex-basis:33.34%\">\n<div class=\"wp-block-jetpack-contact-info\">\n<div class=\"wp-block-jetpack-phone\"><a href=\"tel:+393381818856\">+393381818856<\/a><\/div>\n<\/div>\n<\/div>\n\n\n\n<div class=\"wp-block-column is-layout-flow wp-block-column-is-layout-flow\" style=\"flex-basis:33.33%\">\n<div class=\"wp-block-jetpack-send-a-message\">\n<div class=\"wp-block-jetpack-whatsapp-button is-color-dark has-no-text\"><a class=\"whatsapp-block__button\" href=\"https:\/\/api.whatsapp.com\/send?phone=393381818856&amp;text=Salve%2C%20ho%20preso%20le%20informazioni%20di%20WhatsApp%20dal%20sito%20CAI.\" style=\"background-color:#25D366;color:#fff\" target=\"_blank\" rel=\"noopener noreferrer\"><\/a><\/div>\n<\/div>\n<\/div>\n<\/div>\n","protected":false},"excerpt":{"rendered":"<p>Club Alpino Italiano Sezione di Gualdo Tadino Gruppo Speleologico di Gualdo Tadino Partenza: ore 08.30 presso il parcheggio \u201cClelia\u201d di Valsorda di Gualdo Tadino (quota &hellip;<\/p>\n","protected":false},"author":2,"featured_media":0,"comment_status":"closed","ping_status":"closed","sticky":false,"template":"","format":"gallery","meta":{"_jetpack_memberships_contains_paid_content":false,"footnotes":""},"categories":[34,35],"tags":[],"class_list":["post-5666","post","type-post","status-publish","format-gallery","hentry","category-archivio","category-escursioni","post_format-post-format-gallery"],"jetpack_featured_media_url":"","jetpack-related-posts":[{"id":7671,"url":"https:\/\/caigualdotadino.it\/?p=7671","url_meta":{"origin":5666,"position":0},"title":"Venerd\u00ec 2 giugno &#8211; Montagne in movimento","author":"Antonella Recchioni","date":"11 Maggio 2023","format":"gallery","excerpt":"Club Alpino Italiano Sezione di Gualdo Tadino Gruppo Speleologico di Gualdo Tadino Visita guidata alla Grotta di Monte Cucco","rel":"","context":"In &quot;4 - ARCHIVIO&quot;","block_context":{"text":"4 - ARCHIVIO","link":"https:\/\/caigualdotadino.it\/?cat=34"},"img":{"alt_text":"","src":"https:\/\/i0.wp.com\/caigualdotadino.it\/wp-content\/uploads\/2023\/05\/Immagine-WhatsApp-2023-05-25-ore-10.43.41.jpg?resize=350%2C200&ssl=1","width":350,"height":200,"srcset":"https:\/\/i0.wp.com\/caigualdotadino.it\/wp-content\/uploads\/2023\/05\/Immagine-WhatsApp-2023-05-25-ore-10.43.41.jpg?resize=350%2C200&ssl=1 1x, https:\/\/i0.wp.com\/caigualdotadino.it\/wp-content\/uploads\/2023\/05\/Immagine-WhatsApp-2023-05-25-ore-10.43.41.jpg?resize=525%2C300&ssl=1 1.5x, https:\/\/i0.wp.com\/caigualdotadino.it\/wp-content\/uploads\/2023\/05\/Immagine-WhatsApp-2023-05-25-ore-10.43.41.jpg?resize=700%2C400&ssl=1 2x"},"classes":[]},{"id":5414,"url":"https:\/\/caigualdotadino.it\/?p=5414","url_meta":{"origin":5666,"position":1},"title":"Domenica 03 aprile &#8211; Montagne in movimento","author":"Antonella Recchioni","date":"29 Marzo 2022","format":"gallery","excerpt":"Club Alpino Italiano Sezione di Gualdo Tadino Gruppo Speleologico di Gualdo Tadino Partenza: ore 08.30 presso Rifugio Monte Maggio, Valsorda di Gualdo Tadino Percorso : Via delle Grotte ,Pian dell\u2019Orzola,Macchioni de Massimino, la Valcella, fosso della Bastia.Arrivo: ore 13:00 -conclusione presso il rifugio CAIPranzo: conclusione presso il rifugio CAI Monte\u2026","rel":"","context":"In &quot;4 - ARCHIVIO&quot;","block_context":{"text":"4 - ARCHIVIO","link":"https:\/\/caigualdotadino.it\/?cat=34"},"img":{"alt_text":"Questa immagine ha l'attributo alt vuoto; il nome del file \u00e8 image.png","src":"https:\/\/i0.wp.com\/caigualdotadino.it\/wp-content\/uploads\/2021\/05\/image.png?resize=350%2C200&ssl=1","width":350,"height":200},"classes":[]},{"id":5677,"url":"https:\/\/caigualdotadino.it\/?p=5677","url_meta":{"origin":5666,"position":2},"title":"Domenica 26 giugno &#8211; Montagne in movimento","author":"Antonella Recchioni","date":"23 Giugno 2022","format":"gallery","excerpt":"Club Alpino Italiano Sezione di Gualdo Tadino Gruppo Speleologico di Gualdo Tadino Monte Penna: il ferro di Pio IX, le terre coloranti, le ricette segrete dei riflessi ceramici Partenza: ore 08.30 presso la Pineta di Roti di Gualdo Tadino. Arrivo con mezzi propri al parcheggio sotto Casa Petrini, localit\u00e0 \u201cLa\u2026","rel":"","context":"In &quot;4 - ARCHIVIO&quot;","block_context":{"text":"4 - ARCHIVIO","link":"https:\/\/caigualdotadino.it\/?cat=34"},"img":{"alt_text":"Questa immagine ha l'attributo alt vuoto; il nome del file \u00e8 image.png","src":"https:\/\/i0.wp.com\/caigualdotadino.it\/wp-content\/uploads\/2021\/05\/image.png?resize=350%2C200&ssl=1","width":350,"height":200},"classes":[]},{"id":4630,"url":"https:\/\/caigualdotadino.it\/?p=4630","url_meta":{"origin":5666,"position":3},"title":"Escursione Domenica 17 ottobre","author":"Antonella Recchioni","date":"13 Ottobre 2021","format":"gallery","excerpt":"Club Alpino Italiano Sezione di Gualdo Tadino Intersezionale con la sezione CAI di Montefeltro e la sezione CAI di Ancona Partenza: ore 07.00 dal parcheggio Gala (Gualdo Tadino) con mezzi propri Ritrovo con le altre sezioni: ore 08,15 presso Bar Furlo Dislivello: 370 m. circa Lunghezza: 14 km. circa Itinerario:\u2026","rel":"","context":"In &quot;4 - ARCHIVIO&quot;","block_context":{"text":"4 - ARCHIVIO","link":"https:\/\/caigualdotadino.it\/?cat=34"},"img":{"alt_text":"","src":"","width":0,"height":0},"classes":[]},{"id":7832,"url":"https:\/\/caigualdotadino.it\/?p=7832","url_meta":{"origin":5666,"position":4},"title":"Domenica 11 giugno &#8211; Escursione sui nostri Monti","author":"Antonella Recchioni","date":"9 Giugno 2023","format":"gallery","excerpt":"Club Alpino Italiano Sezione di Gualdo Tadino Si informa che l\u2019escursione in notturna Valtopina-Spello (prevista nel calendario) \u00e8 stata annullata per motivi organizzativi. Partenza: ore 08,30 dalla Rocca Flea Itinerario: verr\u00e0 deciso all\u2019istante con i partecipanti. Rientro: verso le 12,30 . Cosa portare: liquidi ed abbigliamento adeguato. Accompagnatori: Franco Palazzoni\u2026","rel":"","context":"In &quot;4 - ARCHIVIO&quot;","block_context":{"text":"4 - ARCHIVIO","link":"https:\/\/caigualdotadino.it\/?cat=34"},"img":{"alt_text":"","src":"https:\/\/i0.wp.com\/caigualdotadino.it\/wp-content\/uploads\/2023\/06\/Creste-dei-Quarti.webp?resize=350%2C200&ssl=1","width":350,"height":200,"srcset":"https:\/\/i0.wp.com\/caigualdotadino.it\/wp-content\/uploads\/2023\/06\/Creste-dei-Quarti.webp?resize=350%2C200&ssl=1 1x, https:\/\/i0.wp.com\/caigualdotadino.it\/wp-content\/uploads\/2023\/06\/Creste-dei-Quarti.webp?resize=525%2C300&ssl=1 1.5x, https:\/\/i0.wp.com\/caigualdotadino.it\/wp-content\/uploads\/2023\/06\/Creste-dei-Quarti.webp?resize=700%2C400&ssl=1 2x"},"classes":[]},{"id":3827,"url":"https:\/\/caigualdotadino.it\/?p=3827","url_meta":{"origin":5666,"position":5},"title":"Notturna Valtopina-Spello","author":"Antonella Recchioni","date":"2 Giugno 2021","format":"gallery","excerpt":"Club Alpino Italiano\u00a0 Sezione di Gualdo Tadino Annullata la notturna VALTOPINA - SPELLO PERCHE' L'INFIORATA NON SI FARA' NEANCHE QUEST'ANNO. Nel programmare l\u2019attivit\u00e0 escursionistica per il 2021, eravamo stati fiduciosi e per sabato 5 nel calendario avevamo inserito l\u2019ormai tradizionale notturna Valtopina-Spello. Causa covid 19, per\u00f2, l\u2019infiorata \u00e8 stata annullata\u2026","rel":"","context":"In &quot;4 - ARCHIVIO&quot;","block_context":{"text":"4 - ARCHIVIO","link":"https:\/\/caigualdotadino.it\/?cat=34"},"img":{"alt_text":"","src":"https:\/\/i0.wp.com\/caigualdotadino.it\/wp-content\/uploads\/2021\/05\/image.png?resize=350%2C200&ssl=1","width":350,"height":200},"classes":[]}],"jetpack_sharing_enabled":true,"_links":{"self":[{"href":"https:\/\/caigualdotadino.it\/index.php?rest_route=\/wp\/v2\/posts\/5666","targetHints":{"allow":["GET"]}}],"collection":[{"href":"https:\/\/caigualdotadino.it\/index.php?rest_route=\/wp\/v2\/posts"}],"about":[{"href":"https:\/\/caigualdotadino.it\/index.php?rest_route=\/wp\/v2\/types\/post"}],"author":[{"embeddable":true,"href":"https:\/\/caigualdotadino.it\/index.php?rest_route=\/wp\/v2\/users\/2"}],"replies":[{"embeddable":true,"href":"https:\/\/caigualdotadino.it\/index.php?rest_route=%2Fwp%2Fv2%2Fcomments&post=5666"}],"version-history":[{"count":3,"href":"https:\/\/caigualdotadino.it\/index.php?rest_route=\/wp\/v2\/posts\/5666\/revisions"}],"predecessor-version":[{"id":5675,"href":"https:\/\/caigualdotadino.it\/index.php?rest_route=\/wp\/v2\/posts\/5666\/revisions\/5675"}],"wp:attachment":[{"href":"https:\/\/caigualdotadino.it\/index.php?rest_route=%2Fwp%2Fv2%2Fmedia&parent=5666"}],"wp:term":[{"taxonomy":"category","embeddable":true,"href":"https:\/\/caigualdotadino.it\/index.php?rest_route=%2Fwp%2Fv2%2Fcategories&post=5666"},{"taxonomy":"post_tag","embeddable":true,"href":"https:\/\/caigualdotadino.it\/index.php?rest_route=%2Fwp%2Fv2%2Ftags&post=5666"}],"curies":[{"name":"wp","href":"https:\/\/api.w.org\/{rel}","templated":true}]}}