{"id":5613,"date":"2022-06-03T14:10:49","date_gmt":"2022-06-03T12:10:49","guid":{"rendered":"https:\/\/caigualdotadino.it\/?p=5613"},"modified":"2022-06-15T11:17:49","modified_gmt":"2022-06-15T09:17:49","slug":"domenica-5-giugno-foreste-casentinesi","status":"publish","type":"post","link":"https:\/\/caigualdotadino.it\/?p=5613","title":{"rendered":"Domenica 5 giugno &#8211; Foreste Casentinesi"},"content":{"rendered":"\n<div class=\"wp-block-image is-style-default\"><figure class=\"alignleft is-resized\"><img loading=\"lazy\" decoding=\"async\" src=\"https:\/\/caigualdotadino.it\/wp-content\/uploads\/2021\/05\/image.png\" alt=\"Questa immagine ha l'attributo alt vuoto; il nome del file \u00e8 image.png\" width=\"114\" height=\"92\"\/><\/figure><\/div>\n\n\n\n<p><strong><span class=\"has-inline-color has-accent-1-color\">Club Alpino Italiano<\/span><\/strong><\/p>\n\n\n\n<p><strong><span class=\"has-inline-color has-accent-1-color\">Sezione di Gualdo Tadino<\/span><\/strong><\/p>\n\n\n\n<p><\/p>\n\n\n\n<p><\/p>\n\n\n\n<h5 class=\"wp-block-heading\"><span class=\"has-inline-color has-headings-color\">Intersezionale con la sezione CAI di Gubbio<\/span><\/h5>\n\n\n\n<p><\/p>\n\n\n\n<div class=\"wp-block-image\"><figure class=\"aligncenter size-full is-resized\"><img loading=\"lazy\" decoding=\"async\" src=\"https:\/\/caigualdotadino.it\/wp-content\/uploads\/2022\/06\/CASCATE.jpg\" alt=\"\" class=\"wp-image-5618\" width=\"335\" height=\"447\"\/><\/figure><\/div>\n\n\n\n<p> <strong>PARTENZA<\/strong>: ore <span style=\"color:#f90411\" class=\"has-inline-color\"><strong>06.45<\/strong><\/span> dal parcheggio del Gala. <\/p>\n\n\n\n<!--more-->\n\n\n\n<figure class=\"wp-block-table is-style-stripes\"><table><tbody><tr><td><strong>LUNGHEZZA<\/strong>: 16 Km<\/td><td><strong>DISLIVELLO<\/strong>: 850 metri totali<\/td><\/tr><tr><td><strong>ALTITUDINE MAX<\/strong> : 1330<\/td><td><strong>ALTITUDINE MIN<\/strong>: 590<\/td><\/tr><tr><td><strong>DURATA<\/strong>: 6 ore + soste<\/td><td><strong>DIFFICOLTA\u2019<\/strong>: <span style=\"color:#f60408\" class=\"has-inline-color\"><strong>EE<\/strong><\/span> (Escursionisti Esperti)<\/td><\/tr><tr><td><strong>PRANZO<\/strong>: Al sacco<\/td><td><strong>RIENTRO<\/strong>: Tardo pomeriggio<\/td><\/tr><tr><td><strong>CARTA Foresti casentinesi<\/strong>: SENTIERI 00 \u2013 225 \u2013 207 \u2013 223 \u2013 229 -227<\/td><td><strong>GRUPPO MONTUOSO<\/strong>: Parco Nazionale foreste Casentinesi<\/td><\/tr><\/tbody><\/table><\/figure>\n\n\n\n<p><strong>DESCRIZIONE<\/strong>:<\/p>\n\n\n\n<p>Da Badia Prataglia, salendo verso P.so Fangacci, dove lasceremo le auto, troviamo sulla destra un piccolo spiazzo appena pi\u00f9 in alto rispetto alla strada. Siamo ad Aia di Guerrino (1223 metri), punto di partenza della nostra escursione sul GEA 00 che proviene dalla strada carrabile ed entra nel bosco salendo leggermente. Dopo circa 200 metri giungiamo a un bivio. A sinistra parte il CAI 225 che sale sul Monte Penna, una terrazza naturale con la vista sulla valle della Lama e la diga di Ridracoli.<br>L\u2019itinerario si snoda quasi interamente in terra di Romagna. Ridiscendiamo il M. Penna e riprendiamo a sx il GEA 00 che inizi a a salire in modo abbastanza deciso.<br>Continua cos\u00ec, attraverso una bella faggeta, per 1,2 chilometri, fino ai 1436 metri di Poggio allo Spillo per scendere poi a Passo della Crocina (1396 m), uno storico quadrivio; qui noi voltiamo a sinistra sul CAI 207 che con una discesa regolare tra belle piante di faggio ci porta ai 1250 metri di Passo della Bertesca. Siamo ad un altro quadrivio dove dobbiamo voltare secco a sinistra e iniziare a discendere sul CAI 223 che in circa 4,5 chilometri ci condurr\u00e0 a La Lama (694 m). Dopo poco avremo un bel panorama alla nostra destra, incominciamo a trovare piante di abeti che si faranno sempre pi\u00f9 fitte. La strada degrada in modo abbastanza deciso, ma facendo attenzione il sentiero non presenta tratti insidiosi. Siamo entrati nella Valle dei Forconali, percorsa dall\u2019omonimo fosso a cui, per un bel tratto, Percorso degli Scalandrini camminiamo a pochi metri, cos\u00ec, il silenzio della foresta \u00e8 rotto dal piacevole scorrere dell\u2019acqua. Ormai gli abeti, quasi tutti uguali, sono diventati le piante dominanti, ma non i soli. Lungo il percorso incontriamo altre tipologie di piante dalle forme molto fantasiose. Un faggio ha abbracciato con le sue radici un grande masso: una sorta di simbiosi tra legno e roccia. La Lama si presenta come un grande spazio pianeggiante ricchissimo di acqua, con verdi prati e bosco.<br>Chiuso su tre lati da alti monti, ad est \u00e8 aperto verso la Romagna. Una piccola chiesetta ci aspetta in una radura, a pochi metri da questa si trova un bivacco, poi c\u2019\u00e8 un grande edificio sede delle guardie forestali. Qui faremo la sosta pranzo.<br>C\u2019incamminiamo poi verso il ritorno prendendo il CAI 229 che segue il Fosso della Lama. Dopo poco pi\u00f9 di un chilometro quasi pianeggiante lo lasciamo per voltare a sinistra sul CAI 227 che sale deciso fin dai primi metri. Inizia la parte pi\u00f9 dura del percorso: in circa 3 chilometri affronteremo un dislivello di 500 metri.<br>Fiancheggeremo il Fosso di Fangacci che scende dall\u2019omonimo passo, a trecento metri da Aia di Guerrino. Il primo chilometro del CAI 227 \u00e8 il pi\u00f9 duro. Tratti del ripido sentiero sono costituiti da scale. Per questo \u00e8 conosciuto come Percorso degli Scalandrini. A poca distanza da questo punto si trova una spettacolare cascata raggiungibile nella parte bassa del salto con una breve deviazione. Con attenzione, se bagnato lo stretto sentiero pu\u00f2 essere molto insidioso. Superato il Fosso Fangacci con un piccolo ponte di legno, il sentiero, pur mantenendo una buona salita si fa pi\u00f9 dolce. Continueremo lungo il fosso in uno splendido bosco fino a raggiungere un bivio. Dobbiamo andare a sinistra, per ritornare al P.so dei Fangacci, Un centinaio di metri prima dell\u2019Aia di Guerrino troveremo la Fonte di Guido, giustificato motivo di una breve sosta per dissetarsi con acqua freschissima e pura. Siamo alla fine del nostro percorso ad anello.<\/p>\n\n\n\n<p><strong>Approvvigionamento Idrico<\/strong>: portare acqua a sufficienza per uso personale<br><strong>Abbigliamento<\/strong>: Antipioggia\/antivento\/scarpe da trekking\/<br><strong>Attrezzatura<\/strong>: scarponi, bastoncini e pranzo al sacco.<\/p>\n\n\n\n<p><strong>NOTE<\/strong>:<\/p>\n\n\n\n<ul class=\"wp-block-list\"><li>L\u2019 escursione \u00e8 riservata ai soli soci CAI in regola con il tesseramento nell\u2019 anno corrente.<\/li><li>L\u2019 escursione potr\u00e0 subire cambiamenti o annullamento in base al meteo o altri motivi all\u2019 insindacabile giudizio degli accompagnatori<\/li><li>Gli accompagnatori sotto attenta ispezione avranno potere di negare la partecipazione all\u2019 escursione ai partecipanti PRIVI di ABBIGLIAMENTO\/ATTREZZATURA\/APPROVVIGIONAMENTI non che PREDISPOSIZIONEFISICA<\/li><li>Si ricorda l\u2019obbligo della compilazione di autocertificazione COVID-19 messa disposizione la mattina stessa<\/li><\/ul>\n\n\n\n<p><strong>Accompagnatori<\/strong>:<\/p>\n\n\n\n<div class=\"wp-block-columns is-layout-flex wp-container-core-columns-is-layout-9d6595d7 wp-block-columns-is-layout-flex\">\n<div class=\"wp-block-column is-layout-flow wp-block-column-is-layout-flow\" style=\"flex-basis:25%\">\n<p>Marco Scassellati<\/p>\n<\/div>\n\n\n\n<div class=\"wp-block-column is-layout-flow wp-block-column-is-layout-flow\" style=\"flex-basis:33.34%\">\n<div class=\"wp-block-jetpack-contact-info\">\n<div class=\"wp-block-jetpack-phone\"><a href=\"tel:+393473653887\">+393473653887<\/a><\/div>\n<\/div>\n<\/div>\n\n\n\n<div class=\"wp-block-column is-layout-flow wp-block-column-is-layout-flow\" style=\"flex-basis:33.33%\">\n<div class=\"wp-block-jetpack-send-a-message\">\n<div class=\"wp-block-jetpack-whatsapp-button is-color-dark has-no-text\"><a class=\"whatsapp-block__button\" href=\"https:\/\/api.whatsapp.com\/send?phone=393473653887&amp;text=Salve%2C%20ho%20preso%20le%20informazioni%20di%20WhatsApp%20dal%20sito%20CAI.\" style=\"background-color:#25D366;color:#fff\" target=\"_blank\" rel=\"noopener noreferrer\"><\/a><\/div>\n<\/div>\n<\/div>\n<\/div>\n","protected":false},"excerpt":{"rendered":"<p>Club Alpino Italiano Sezione di Gualdo Tadino Intersezionale con la sezione CAI di Gubbio PARTENZA: ore 06.45 dal parcheggio del Gala.<\/p>\n","protected":false},"author":2,"featured_media":0,"comment_status":"closed","ping_status":"closed","sticky":false,"template":"","format":"gallery","meta":{"_jetpack_memberships_contains_paid_content":false,"footnotes":""},"categories":[34,35],"tags":[],"class_list":["post-5613","post","type-post","status-publish","format-gallery","hentry","category-archivio","category-escursioni","post_format-post-format-gallery"],"jetpack_featured_media_url":"","jetpack-related-posts":[{"id":5181,"url":"https:\/\/caigualdotadino.it\/?p=5181","url_meta":{"origin":5613,"position":0},"title":"Calendario attivit\u00e0 2022 sezioni CAI Umbria","author":"pigiax","date":"19 Febbraio 2022","format":"gallery","excerpt":"CALENDARIO ATTIVITA' sezioni UMBRIA 2022.pdf","rel":"","context":"In &quot;4 - ARCHIVIO&quot;","block_context":{"text":"4 - ARCHIVIO","link":"https:\/\/caigualdotadino.it\/?cat=34"},"img":{"alt_text":"","src":"https:\/\/i0.wp.com\/caigualdotadino.it\/wp-content\/uploads\/2022\/02\/P0MXnVXyRrDig5i0.jpg?resize=350%2C200&ssl=1","width":350,"height":200,"srcset":"https:\/\/i0.wp.com\/caigualdotadino.it\/wp-content\/uploads\/2022\/02\/P0MXnVXyRrDig5i0.jpg?resize=350%2C200&ssl=1 1x, https:\/\/i0.wp.com\/caigualdotadino.it\/wp-content\/uploads\/2022\/02\/P0MXnVXyRrDig5i0.jpg?resize=525%2C300&ssl=1 1.5x, https:\/\/i0.wp.com\/caigualdotadino.it\/wp-content\/uploads\/2022\/02\/P0MXnVXyRrDig5i0.jpg?resize=700%2C400&ssl=1 2x"},"classes":[]},{"id":11396,"url":"https:\/\/caigualdotadino.it\/?p=11396","url_meta":{"origin":5613,"position":1},"title":"Assemblea dei Soci per sabato 06 dicembre 2025","author":"Antonella Recchioni","date":"13 Novembre 2025","format":"gallery","excerpt":"Club Alpino Italiano Sezione di Gualdo Tadino Convocazione assemblea dei Soci - Sabato 06 dicembre 2025 Cara\/o socia\/o, \u00e8 stata convocata l\u2019assemblea ordinaria degli iscritti alla sezione CAI di Gualdo Tadino per Sabato 06 dicembre 2025 presso la sede della sezione in piazza Garibaldi a Gualdo Tadino, alle ore 13,00\u2026","rel":"","context":"In &quot;4 - ARCHIVIO&quot;","block_context":{"text":"4 - ARCHIVIO","link":"https:\/\/caigualdotadino.it\/?cat=34"},"img":{"alt_text":"","src":"","width":0,"height":0},"classes":[]},{"id":4630,"url":"https:\/\/caigualdotadino.it\/?p=4630","url_meta":{"origin":5613,"position":2},"title":"Escursione Domenica 17 ottobre","author":"Antonella Recchioni","date":"13 Ottobre 2021","format":"gallery","excerpt":"Club Alpino Italiano Sezione di Gualdo Tadino Intersezionale con la sezione CAI di Montefeltro e la sezione CAI di Ancona Partenza: ore 07.00 dal parcheggio Gala (Gualdo Tadino) con mezzi propri Ritrovo con le altre sezioni: ore 08,15 presso Bar Furlo Dislivello: 370 m. circa Lunghezza: 14 km. circa Itinerario:\u2026","rel":"","context":"In &quot;4 - ARCHIVIO&quot;","block_context":{"text":"4 - ARCHIVIO","link":"https:\/\/caigualdotadino.it\/?cat=34"},"img":{"alt_text":"","src":"","width":0,"height":0},"classes":[]},{"id":7648,"url":"https:\/\/caigualdotadino.it\/?p=7648","url_meta":{"origin":5613,"position":3},"title":"Corso su come comportarsi in\u2026","author":"Antonella Recchioni","date":"4 Maggio 2023","format":"gallery","excerpt":"Corso su come comportarsi in un'emergenza in montagna 14 aprile 2023 Il corso organizzato il 14 aprile 2023 dalla sezione CAI in collaborazione con il Soccorso alpino e speleologico. Il convegno si \u00e8 tenuto con grande partecipazione presso il birrificio Flea di Gualdo Tadino accompagnata da una visita al birrificio.\u2026","rel":"","context":"In &quot;4 - ARCHIVIO&quot;","block_context":{"text":"4 - ARCHIVIO","link":"https:\/\/caigualdotadino.it\/?cat=34"},"img":{"alt_text":"","src":"https:\/\/i0.wp.com\/caigualdotadino.it\/wp-content\/uploads\/2023\/03\/05-03-3.jpg?resize=350%2C200&ssl=1","width":350,"height":200,"srcset":"https:\/\/i0.wp.com\/caigualdotadino.it\/wp-content\/uploads\/2023\/03\/05-03-3.jpg?resize=350%2C200&ssl=1 1x, https:\/\/i0.wp.com\/caigualdotadino.it\/wp-content\/uploads\/2023\/03\/05-03-3.jpg?resize=525%2C300&ssl=1 1.5x, https:\/\/i0.wp.com\/caigualdotadino.it\/wp-content\/uploads\/2023\/03\/05-03-3.jpg?resize=700%2C400&ssl=1 2x"},"classes":[]},{"id":5536,"url":"https:\/\/caigualdotadino.it\/?p=5536","url_meta":{"origin":5613,"position":4},"title":"Il corso di escursionismo delle sezioni di Gualdo e Gubbio","author":"pigiax","date":"8 Maggio 2022","format":"gallery","excerpt":"Il corso base di escursionismo promosso dalle sezioni CAI di Gubbio e Gualdo Tadino Grazie anche alle intense attivit\u00e0 escursionistiche promosse dal CAI, che costituiscono un ottimo veicolo promozionale, c\u2019\u00e8 sempre pi\u00f9 gente che frequenta i sentieri delle nostre montagne. Molti partecipando alle uscite programmate dalle sezioni CAI, tanti altri\u2026","rel":"","context":"In &quot;4 - ARCHIVIO&quot;","block_context":{"text":"4 - ARCHIVIO","link":"https:\/\/caigualdotadino.it\/?cat=34"},"img":{"alt_text":"","src":"","width":0,"height":0},"classes":[]},{"id":112,"url":"https:\/\/caigualdotadino.it\/?p=112","url_meta":{"origin":5613,"position":5},"title":"Trekking Monviso","author":"pigiax","date":"10 Marzo 2012","format":false,"excerpt":"La sezione CAI di Gualdo Tadino, in collaborazione con gli amici della sezione CAI di Bra, propone il trekking: Giro del Monviso in tre giorni (alla scoperta delle sorgenti del Po) Dal 20 al 24 agosto 2012 \u00a0 Tutti i dettagli nel volantino allegato \u00a0","rel":"","context":"In &quot;4 - ARCHIVIO&quot;","block_context":{"text":"4 - ARCHIVIO","link":"https:\/\/caigualdotadino.it\/?cat=34"},"img":{"alt_text":"","src":"","width":0,"height":0},"classes":[]}],"jetpack_sharing_enabled":true,"_links":{"self":[{"href":"https:\/\/caigualdotadino.it\/index.php?rest_route=\/wp\/v2\/posts\/5613","targetHints":{"allow":["GET"]}}],"collection":[{"href":"https:\/\/caigualdotadino.it\/index.php?rest_route=\/wp\/v2\/posts"}],"about":[{"href":"https:\/\/caigualdotadino.it\/index.php?rest_route=\/wp\/v2\/types\/post"}],"author":[{"embeddable":true,"href":"https:\/\/caigualdotadino.it\/index.php?rest_route=\/wp\/v2\/users\/2"}],"replies":[{"embeddable":true,"href":"https:\/\/caigualdotadino.it\/index.php?rest_route=%2Fwp%2Fv2%2Fcomments&post=5613"}],"version-history":[{"count":10,"href":"https:\/\/caigualdotadino.it\/index.php?rest_route=\/wp\/v2\/posts\/5613\/revisions"}],"predecessor-version":[{"id":5627,"href":"https:\/\/caigualdotadino.it\/index.php?rest_route=\/wp\/v2\/posts\/5613\/revisions\/5627"}],"wp:attachment":[{"href":"https:\/\/caigualdotadino.it\/index.php?rest_route=%2Fwp%2Fv2%2Fmedia&parent=5613"}],"wp:term":[{"taxonomy":"category","embeddable":true,"href":"https:\/\/caigualdotadino.it\/index.php?rest_route=%2Fwp%2Fv2%2Fcategories&post=5613"},{"taxonomy":"post_tag","embeddable":true,"href":"https:\/\/caigualdotadino.it\/index.php?rest_route=%2Fwp%2Fv2%2Ftags&post=5613"}],"curies":[{"name":"wp","href":"https:\/\/api.w.org\/{rel}","templated":true}]}}