{"id":5543,"date":"2022-05-10T19:02:20","date_gmt":"2022-05-10T17:02:20","guid":{"rendered":"https:\/\/caigualdotadino.it\/?p=5543"},"modified":"2022-05-26T19:00:16","modified_gmt":"2022-05-26T17:00:16","slug":"raduno-regionale-2022","status":"publish","type":"post","link":"https:\/\/caigualdotadino.it\/?p=5543","title":{"rendered":"Raduno Regionale 2022"},"content":{"rendered":"\n<figure class=\"wp-block-image size-full is-resized\"><img loading=\"lazy\" decoding=\"async\" src=\"https:\/\/caigualdotadino.it\/wp-content\/uploads\/2022\/05\/RADUNO-REGIONALE-2022_page-0001.jpg\" alt=\"\" class=\"wp-image-5582\" width=\"488\" height=\"690\" srcset=\"https:\/\/caigualdotadino.it\/wp-content\/uploads\/2022\/05\/RADUNO-REGIONALE-2022_page-0001.jpg 724w, https:\/\/caigualdotadino.it\/wp-content\/uploads\/2022\/05\/RADUNO-REGIONALE-2022_page-0001-212x300.jpg 212w\" sizes=\"auto, (max-width: 488px) 100vw, 488px\" \/><\/figure>\n\n\n\n<p><\/p>\n","protected":false},"excerpt":{"rendered":"","protected":false},"author":2,"featured_media":0,"comment_status":"closed","ping_status":"closed","sticky":false,"template":"","format":"gallery","meta":{"_jetpack_memberships_contains_paid_content":false,"footnotes":""},"categories":[34,35],"tags":[],"class_list":["post-5543","post","type-post","status-publish","format-gallery","hentry","category-archivio","category-escursioni","post_format-post-format-gallery"],"jetpack_featured_media_url":"","jetpack-related-posts":[{"id":419,"url":"https:\/\/caigualdotadino.it\/?p=419","url_meta":{"origin":5543,"position":0},"title":"Domenica 1 Settembre &#8211; Raduno Regionale","author":"pigiax","date":"28 Agosto 2019","format":"gallery","excerpt":"","rel":"","context":"In &quot;4 - ARCHIVIO&quot;","block_context":{"text":"4 - ARCHIVIO","link":"https:\/\/caigualdotadino.it\/?cat=34"},"img":{"alt_text":"","src":"https:\/\/i0.wp.com\/caigualdotadino.it\/wp-content\/uploads\/2019\/08\/brochure-raduno-2019_page-0001.jpg?resize=350%2C200&ssl=1","width":350,"height":200,"srcset":"https:\/\/i0.wp.com\/caigualdotadino.it\/wp-content\/uploads\/2019\/08\/brochure-raduno-2019_page-0001.jpg?resize=350%2C200&ssl=1 1x, https:\/\/i0.wp.com\/caigualdotadino.it\/wp-content\/uploads\/2019\/08\/brochure-raduno-2019_page-0001.jpg?resize=525%2C300&ssl=1 1.5x, https:\/\/i0.wp.com\/caigualdotadino.it\/wp-content\/uploads\/2019\/08\/brochure-raduno-2019_page-0001.jpg?resize=700%2C400&ssl=1 2x"},"classes":[]},{"id":291,"url":"https:\/\/caigualdotadino.it\/?p=291","url_meta":{"origin":5543,"position":1},"title":"Domenica 21 Giugno &#8211; Raduno regionale","author":"pigiax","date":"29 Maggio 2015","format":false,"excerpt":"Domenica 21 Giugno si terr\u00e0 il Raduno Regionale organizzato dal gruppo CAI di Citt\u00e0 di Castello. In allegato il programma ricco di attivit\u00e0.","rel":"","context":"In &quot;4 - ARCHIVIO&quot;","block_context":{"text":"4 - ARCHIVIO","link":"https:\/\/caigualdotadino.it\/?cat=34"},"img":{"alt_text":"","src":"","width":0,"height":0},"classes":[]},{"id":121,"url":"https:\/\/caigualdotadino.it\/?p=121","url_meta":{"origin":5543,"position":2},"title":"Raduno Regionale 2012","author":"pigiax","date":"13 Giugno 2012","format":false,"excerpt":"Valsorda, 24 giugno 2012 Raduno Regionale Club Alpino Italiano Prenotazioni entro gioved\u00ec 21 giugno: Christian Severini, tel. 335317712 Negli allegati programma e informazioni sulla giornata.","rel":"","context":"In &quot;4 - ARCHIVIO&quot;","block_context":{"text":"4 - ARCHIVIO","link":"https:\/\/caigualdotadino.it\/?cat=34"},"img":{"alt_text":"","src":"","width":0,"height":0},"classes":[]},{"id":7692,"url":"https:\/\/caigualdotadino.it\/?p=7692","url_meta":{"origin":5543,"position":3},"title":"Domenica 04 giugno &#8211; RADUNO REGIONALE CAI UMBRIA","author":"Antonella Recchioni","date":"13 Maggio 2023","format":"gallery","excerpt":"RADUNO REGIONALE CAI UMBRIA Organizzato dalla Sezione CAI Orvieto RADUNO-REGIONALE-CAI-ORVIETO-2023Download","rel":"","context":"In &quot;4 - ARCHIVIO&quot;","block_context":{"text":"4 - ARCHIVIO","link":"https:\/\/caigualdotadino.it\/?cat=34"},"img":{"alt_text":"","src":"","width":0,"height":0},"classes":[]},{"id":11101,"url":"https:\/\/caigualdotadino.it\/?p=11101","url_meta":{"origin":5543,"position":4},"title":"Raduno Regionale CAI Umbria -08\/06\/2025","author":"Antonella Recchioni","date":"24 Maggio 2025","format":"gallery","excerpt":"","rel":"","context":"In &quot;4 - ARCHIVIO&quot;","block_context":{"text":"4 - ARCHIVIO","link":"https:\/\/caigualdotadino.it\/?cat=34"},"img":{"alt_text":"","src":"https:\/\/i0.wp.com\/caigualdotadino.it\/wp-content\/uploads\/2025\/05\/raduno-regionale_page-0002.jpg?resize=350%2C200&ssl=1","width":350,"height":200,"srcset":"https:\/\/i0.wp.com\/caigualdotadino.it\/wp-content\/uploads\/2025\/05\/raduno-regionale_page-0002.jpg?resize=350%2C200&ssl=1 1x, https:\/\/i0.wp.com\/caigualdotadino.it\/wp-content\/uploads\/2025\/05\/raduno-regionale_page-0002.jpg?resize=525%2C300&ssl=1 1.5x, https:\/\/i0.wp.com\/caigualdotadino.it\/wp-content\/uploads\/2025\/05\/raduno-regionale_page-0002.jpg?resize=700%2C400&ssl=1 2x"},"classes":[]},{"id":387,"url":"https:\/\/caigualdotadino.it\/?p=387","url_meta":{"origin":5543,"position":5},"title":"Domenica 10 Giugno &#8211; Raduno Regionale a Gubbio","author":"pigiax","date":"6 Giugno 2018","format":false,"excerpt":"Ore 9.00: Ritrovo dei partecipanti al Teatro Romano Ore 9.30: Inizio escursioni Ore 13.30: Pranzo offerto dalla Sezione di Gubbio sotto gli \"arconi\" di Piazza Grande Ore 15.00: Saluto delle autorit\u00e0 ed esibizione della Banda musicale di Madonna del Ponte e degli Sbandieratori di Gubbio. Per i dettagli sulle varie\u2026","rel":"","context":"In &quot;4 - ARCHIVIO&quot;","block_context":{"text":"4 - ARCHIVIO","link":"https:\/\/caigualdotadino.it\/?cat=34"},"img":{"alt_text":"","src":"","width":0,"height":0},"classes":[]}],"jetpack_sharing_enabled":true,"_links":{"self":[{"href":"https:\/\/caigualdotadino.it\/index.php?rest_route=\/wp\/v2\/posts\/5543","targetHints":{"allow":["GET"]}}],"collection":[{"href":"https:\/\/caigualdotadino.it\/index.php?rest_route=\/wp\/v2\/posts"}],"about":[{"href":"https:\/\/caigualdotadino.it\/index.php?rest_route=\/wp\/v2\/types\/post"}],"author":[{"embeddable":true,"href":"https:\/\/caigualdotadino.it\/index.php?rest_route=\/wp\/v2\/users\/2"}],"replies":[{"embeddable":true,"href":"https:\/\/caigualdotadino.it\/index.php?rest_route=%2Fwp%2Fv2%2Fcomments&post=5543"}],"version-history":[{"count":4,"href":"https:\/\/caigualdotadino.it\/index.php?rest_route=\/wp\/v2\/posts\/5543\/revisions"}],"predecessor-version":[{"id":5584,"href":"https:\/\/caigualdotadino.it\/index.php?rest_route=\/wp\/v2\/posts\/5543\/revisions\/5584"}],"wp:attachment":[{"href":"https:\/\/caigualdotadino.it\/index.php?rest_route=%2Fwp%2Fv2%2Fmedia&parent=5543"}],"wp:term":[{"taxonomy":"category","embeddable":true,"href":"https:\/\/caigualdotadino.it\/index.php?rest_route=%2Fwp%2Fv2%2Fcategories&post=5543"},{"taxonomy":"post_tag","embeddable":true,"href":"https:\/\/caigualdotadino.it\/index.php?rest_route=%2Fwp%2Fv2%2Ftags&post=5543"}],"curies":[{"name":"wp","href":"https:\/\/api.w.org\/{rel}","templated":true}]}}