{"id":5454,"date":"2022-05-12T18:32:00","date_gmt":"2022-05-12T16:32:00","guid":{"rendered":"https:\/\/caigualdotadino.it\/?p=5454"},"modified":"2022-08-20T14:37:08","modified_gmt":"2022-08-20T12:37:08","slug":"17-24-settembre-trekking-monti-iblei","status":"publish","type":"post","link":"https:\/\/caigualdotadino.it\/?p=5454","title":{"rendered":"17-24 settembre- Trekking Monti Iblei"},"content":{"rendered":"<p><a href=\"https:\/\/caigualdotadino.it\/wp-content\/uploads\/2022\/04\/iblei-3.jpg\" rel=\"attachment wp-att-5455\"><img loading=\"lazy\" decoding=\"async\" class=\"wp-image-5455 aligncenter\" title=\"iblei-3-jpg\" src=\"https:\/\/caigualdotadino.it\/wp-content\/uploads\/2022\/04\/iblei-3.jpg\" alt=\"\" width=\"442\" height=\"486\" srcset=\"https:\/\/caigualdotadino.it\/wp-content\/uploads\/2022\/04\/iblei-3.jpg 931w, https:\/\/caigualdotadino.it\/wp-content\/uploads\/2022\/04\/iblei-3-273x300.jpg 273w, https:\/\/caigualdotadino.it\/wp-content\/uploads\/2022\/04\/iblei-3-768x845.jpg 768w\" sizes=\"auto, (max-width: 442px) 100vw, 442px\" \/><\/a><\/p>\n<h4 style=\"text-align: center;\">Trekking Monti Iblei (Sicilia sud est) tra Modica e Siracusa nei luoghi di Montalbano.<\/h4>\n<p><\/p>\n\n\n<!--more-->\n\n\n\n<p>Viaggio Andata e ritorno- in aereo Ancona-Catania (da Ancona 07,55- da Catania 09,55)<\/p>\n\n\n\n<p><strong>PROGRAMMA:<\/strong><\/p>\n\n\n\n<p><strong>1\u00b0Giorno 17\/09\/22: Benvenuti in Sicilia<\/strong><br>Arrivo in mattinata dei partecipanti alla stazione FS o all\u2019aeroporto di Catania. Transfer di 1h circa al fiume Ciane (vicino Siracusa) per vedere i Papiri ed eventuale camminata della lunghezza di 2,7 km. Seguir\u00e0 transfer di 1h 30\u2019 a Scicli (luoghi del Commissario Montalbano). Visita al Centro Storico. Seguir\u00e0 transfer di 20\u2019 a Modica per sistemazioni in B&amp;B situati nel centro storico della citt\u00e0. A seguire possibilit\u00e0 di visita della citt\u00e0. Cena e pernottamento a Modica.<\/p>\n\n\n\n<p><br><strong>2\u00b0 Giorno 18\/09\/22: Cava Misericordia e Ragusa Ibla<\/strong><br>Prima colazione e transfert di 25\u2019 a Ragusa Ibla per escursione: Ragusa Ibla (500mt) \/ fiume S. Leonardo m.350 \/ Cava MISERICORDIA m. 570 \/ Ragusa Ibla. Visita di Ragusa Iblaprima del rientro a Modica per la cena e il pernottamento.<\/p>\n\n\n\n<p>Lunghezza del percorso: circa 12 km;<\/p>\n\n\n\n<p>Tempi di percorrenza: circa 6 ore soste comprese.<\/p>\n\n\n\n<p>Dislivelli: circa 370m in salita e in discesa<\/p>\n\n\n\n<p><br><strong>3\u00b0 Giorno 19\/09\/22: Cava d\u2019Ispica<\/strong><br>Prima colazione. Trasferimento di circa 40\u2019 per escursione lungo il canyon di CAVA D&#8217;ISPICA, ricco di insediamenti di varie epoche: localit\u00e0 Convento (ad est di Modica) \/ Mulino \/ Castello Sicano \/ Contrada Masebio. Seguir\u00e0 visita guidata ad un antico Mulino a gestione familiare. Transfer per rientro a Modica per cena e pernottamento.<\/p>\n\n\n\n<p>Lunghezza del percorso: circa 10 km;<\/p>\n\n\n\n<p>Tempi di percorrenza: circa 6 ore soste comprese.<\/p>\n\n\n\n<p>Dislivelli: circa 300m in salita e 200 in discesa<\/p>\n\n\n\n<p><br><strong>4\u00b0 Giorno 20\/09\/22: Cava Sughera, castello di Donnafugata e Punta Secca<\/strong><br>Prima colazione. Transfer di 1h 30\u2019 a contrada Buttino per escursione alla Cava Sughera e CASTELLO DI DONNAFUGATA. L&#8217;escursione termina al Castello di Donnafugata, residenza baronale con un interessante giardino. A seguire transfert di 20\u2019 a Punta Secca con possibilit\u00e0 di bagno al mare. Rientro in circa 40\u2019 a Modica per cena e pernottamento.<\/p>\n\n\n\n<p>Lunghezza del percorso: circa 10 km;<\/p>\n\n\n\n<p>Tempi di percorrenza: circa 4 ore soste comprese.<\/p>\n\n\n\n<p>Dislivelli: circa 100m in salita e 300m in discesa<\/p>\n\n\n\n<p><br><strong>5\u00b0 Giorno 21\/09\/22: Palazzolo Akreide e Noto la Capitale del Barocco Siciliano<\/strong><br>Prima colazione. Trasferimento di 60\u2019 a Palazzolo Akreide, antica Akrai. Visita turistica. Successivamente transfer di 40\u2019 a Noto Capitale del Barocco Siciliano; visita del borgo e dei monumenti pi\u00f9 importanti. Seguir\u00e0 transfer di 20\u2019 a Lido di Noto per sistemazione in Hotel<br>situato in prossimit\u00e0 del mare. Cena e pernottamento a marina di Noto.<\/p>\n\n\n\n<p>Giornata Turistica<\/p>\n\n\n\n<p><br><strong>6\u00b0 Giorno 22\/09\/22: Riserva di Vendicari e Marzamemi<\/strong><br>Prima colazione. Trasferimento di 10\u2019 a localit\u00e0 Eloro per escursione (traversata) dentro la RISERVA Regionale Orientata DI VENDICARI. Osservazione avifauna nei pressi del pantano Grande e pantano Roveto e possibilit\u00e0 di bagni al mare. Transfert a Marzamemi per visita al piccolo e caratteristico centro storico. Seguir\u00e0 transfer di 30\u2019 per rientro a Lido di Noto. Cena e pernottamento.<\/p>\n\n\n\n<p>Lunghezza del percorso: circa 11 km;<\/p>\n\n\n\n<p>Tempi di percorrenza: circa 6 ore soste comprese.<\/p>\n\n\n\n<p>Dislivelli: circa 100m in salita e in discesa<\/p>\n\n\n\n<p><br><strong>7\u00b0 Giorno 23\/09\/22: Riserva di Pantalica<\/strong><br>Prima colazione. Transfert di 1h a Sortino per escursione nella Riserva Naturale (Necropoli) di PANTALICA, tra i Fiumi Anapo e Calcinara. Successivamente trasferimento di 1h a Lido di Noto per la cena e il pernottamento.<\/p>\n\n\n\n<p>Lunghezza del percorso: circa 12 km;<\/p>\n\n\n\n<p>Tempi di percorrenza: circa 6 ore soste comprese con possibilit\u00e0 di bagni nei fiumi.<\/p>\n\n\n\n<p>Dislivelli: circa 400m in salita e in discesa<\/p>\n\n\n\n<p><br><strong>8\u00b0 Giorno 24\/09\/22: Siracusa e partenza<\/strong><br>Prima colazione. Transfer di 45\u2019 a Siracusa per visita all\u2019area archeologica. Seguir\u00e0 nel tardo pomeriggio: transfer di 1h a Catania, per eventuale visita della citt\u00e0. Trasferimento alla stazione FS o all\u2019aeroporto di Catania.<\/p>\n\n\n\n<p class=\"has-large-font-size\"><br><span style=\"text-decoration: underline;\">Quota individuale di partecipazione:<\/span> <\/p>\n\n\n\n<p class=\"has-large-font-size\">\u20ac 770,00 per minimo 16partecipanti. Numero massimo 28.<\/p>\n\n\n\n<p><br><strong>Note:<\/strong><br>La quota individuale di partecipazione comprende:<\/p>\n\n\n\n<p>Tutti i trasferimenti previsti nel programma;<\/p>\n\n\n\n<p>Vitto con comprese tutte le cene (acqua e vino della casa inclusi) e le prime colazioni.<\/p>\n\n\n\n<p>Alloggio in B&amp;B a Modica in camere doppie e triple con fornitura di lenzuola, coperte e asciugamani;<\/p>\n\n\n\n<p>Guida escursionistica Naturaliter sempre al seguito;<\/p>\n\n\n\n<p>Assicurazione medico-bagaglio.<\/p>\n\n\n\n<p><br>La quota individuale di partecipazione NON comprende:<\/p>\n\n\n\n<p>Viaggio per e da Catania;<\/p>\n\n\n\n<p>Trasferimenti non previsti nel programma;<\/p>\n\n\n\n<p>Tutti i pranzi\/pranzi al sacco per le escursioni giornaliere.<\/p>\n\n\n\n<p>Pranzi del 1\u00b0 giorno (arrivo) e dell\u2019ultimo giorno (partenza);<\/p>\n\n\n\n<p>Bibite extra durante le cene;<\/p>\n\n\n\n<p>Eventuali tasse di soggiorno dove e se previste;<\/p>\n\n\n\n<p>Biglietti ingresso a siti archeologici e\/o turistici;<\/p>\n\n\n\n<p>Eventuale servizio di Guida Turistica.<\/p>\n\n\n\n<p>Camere singole (supplemento 20\u20ac a persona a notte).<\/p>\n\n\n\n<p><strong><br>NB-<\/strong> La partecipazione \u00e8 riservata ai soci CAI in regola con il tesseramento 2022.<br>Le adesioni dovranno essere comunicate quanto prima a Riccardo Serroni tramite telefono(3383470811), oppure mail (riccardo.serroni@gmail.com) oppure chat attive. I tempi molto anticipati rispetto alla partenza sono determinati dalla necessit\u00e0 di evitare il rischio che non ci siano pi\u00f9 settimane disponibili e di acquistare il biglietto aereo usufruendo di offerte vantaggiose (per i<br>partecipanti al trekking a Creta poi saltato per il Covid possono essere utilizzati i voucher di Volotea)<\/p>\n\n\n\n<p style=\"font-size:20px\"><br>Di seguito ulteriori notizie sui luoghi del trekking a cura dell\u2019ass. Naturaliter .<\/p>\n\n\n\n<p><strong><span style=\"text-decoration: underline;\">Altopiano dei monti Iblei<\/span><\/strong><\/p>\n\n\n\n<p>Trekking Sicilia Sud Orientale, tra le Provincie di Modica e Siracusa Cave, archeologia e mar Ionio nei luoghi del Commissario Montalbano<\/p>\n\n\n\n<p><br><strong>PRESENTAZIONE<\/strong><br>I monti Iblei sono una catena collinare localizzata nella parte sud-orientale della Sicilia. Il monte Lauro \u00e8 la cima pi\u00f9 alta con i suoi 986 mt. Dai Monti Iblei hanno origine i fiumi: Irminio (che divide l\u2019altopiano in direzione nord-sud scorrendo tra Modica e Siracusa), il Birillo, l\u2019Ippari,<br>il Tellaro, l\u2019Anapo, il fiume di Siracusa, ed il Cassibile.<br>Le citt\u00e0 appartenenti al territorio degli Iblei sono: Modica, Ragusa, Comiso, Vittoria, Chiaramonte Gulfi, Scicli, Avola, Ispica, Palazzolo, Noto, Vizzini, Licodia Eubea, Mineo, Sortino, Buccheri e Buscami. Ferla e Cassaro.<\/p>\n\n\n\n<p><br>LE ORIGINI: il complesso montuoso \u00e8 costituito da massiccio calcareo. Il nome deriva dal Re siculo Hyblon, che regnava in questi luoghi e che concesse una porzione di territorio ai greci, per erigere Megera Iblea. Lo scorrere dei fiumi ha eroso l\u2019altopiano, formando numerosi canyon profondi. La roccia \u00e8 di tipo calcareo bianco conchiglifero. Nelle zone costiere, nei pressi del mare, si trova la pietra arenaria, che nel sud-est della Sicilia viene denominata \u201cgiuggiulena\u201d, perch\u00e9 facile a sgretolarsi, e quindi simile a un dolce di origine araba. Alcune aree dei Monti Iblei presentano anche rocce di origine vulcanica, come nei pressi di Monte Lauro, facente parte di un complesso vulcanico sottomarino, forse alcuni milioni di anni fa.<br>Tra il VI ed il VII secolo d.C. gruppi di abitanti delle coste della Sicilia, forse minacciati da saccheggi o spinti dalla crisi, decisero di trasferirsi sui Monti Iblei e ingrandirono antichissime tombe scavate nella roccia, sin dall\u2019Et\u00e0 del bronzo, per trasformarle in villaggi rupestri con appartamenti e chiesette: i villaggi bizantini. Uno di questi luoghi \u201cPantalica\u201d, frammento dell\u2019Altopiano Ibleo, isolato da profonde forre che, per il suo aspetto facilmente difendibile, \u00e8 stato sempre scelto come rifugio.<br>Sin dal XIII secolo a.C. si stabilirono qui popolazioni indigene all\u2019arrivo di nuovi immigrati italici (Siculi, Ausoni e Morgeti) e qui rimasero isolati anche i Siculi quando i Greci, a partire dal VII secolo a.C., fondarono le colonie in Sicilia e occuparono le aree costiere. Nel 480 a.C. i Siracusani costruirono un acquedotto, tutt\u2019oggi perfettamente funzionante, che capta acqua dal fiume Calcinara e la trasporta fino a Siracusa, mentre nei primi anni del 1900 si decise di far passare per la Valle dell\u2019Anapo la ferrovia a scartamento ridotto che doveva collegare i centri urbani iblei con Siracusa. La ferrovia rimase in funzione circa quarant\u2019anni ed oggi la sua sede, costruita su solidi ponti e gallerie, \u00e8 la principale via escursionistica per visitare la valle.<\/p>\n\n\n\n<p><br>Il PAESAGGIO: tipico in quest\u2019area della Sicilia, \u00e8 caratterizzato dall\u2019andamento dolce dei rilievi, delle vallate nette che interrompono l\u2019altopiano, e dall\u2019estrema variet\u00e0 di sottotipi: la parte centrale e la zona litoranea. Nella parte centrale boschi interrompono la maglia regolare<br>dei muri a secco tipici di tutta la punta sud-orientale della Sicilia. L\u2019area litoranea invece, pi\u00f9 antropizzata, alterna alle colline terrazzate semicoperte da macchia mediterranea, l\u2019altopiano a campi chiusi con enormi distese di ulivi e carrubi, vigneti e agrumeti. Durante i secoli l\u2019opera di dissodamento dei mezzadri del luogo, hanno creato una maglia di muretti a secco di notevole fattura.<\/p>\n","protected":false},"excerpt":{"rendered":"<p>Trekking Monti Iblei (Sicilia sud est) tra Modica e Siracusa nei luoghi di Montalbano.<\/p>\n","protected":false},"author":1,"featured_media":0,"comment_status":"closed","ping_status":"closed","sticky":false,"template":"","format":"gallery","meta":{"_jetpack_memberships_contains_paid_content":false,"footnotes":""},"categories":[34,37],"tags":[],"class_list":["post-5454","post","type-post","status-publish","format-gallery","hentry","category-archivio","category-trekking-di-piu-giorni","post_format-post-format-gallery"],"jetpack_featured_media_url":"","jetpack-related-posts":[{"id":10714,"url":"https:\/\/caigualdotadino.it\/?p=10714","url_meta":{"origin":5454,"position":0},"title":"Trekking Nord della Grecia &#8211; Dal 14 al 21 Settembre 2025","author":"Antonella Recchioni","date":"24 Gennaio 2025","format":"gallery","excerpt":"Club Alpino Italiano Sezione di Gualdo Tadino La sezione CAI di Gualdo Tadino, in collaborazione con la Naturaliter, propone un Trekking Nord della Grecia: isole Cefalonia e Itaca Dal 14 al 21 Settembre 2025 Questa proposta \u00e8 una bozza, perch\u00e9 gli orari dei voli, e la disponibilit\u00e0 degli hotel al\u2026","rel":"","context":"In &quot;4 - ARCHIVIO&quot;","block_context":{"text":"4 - ARCHIVIO","link":"https:\/\/caigualdotadino.it\/?cat=34"},"img":{"alt_text":"","src":"","width":0,"height":0},"classes":[]},{"id":374,"url":"https:\/\/caigualdotadino.it\/?p=374","url_meta":{"origin":5454,"position":1},"title":"Trekking sui Monti Lattari","author":"pigiax","date":"26 Febbraio 2018","format":false,"excerpt":"Dall\u20198 al 14 settembre (6 notti per 7 giorni). Trekking sui Monti Lattari (Penisola sorrentina, Costiera amalfitana , isola di Capri) 1\u00b0G.sa.08\/09 Arrivo a Napoli e trasferimento a Capo di Sorrento per sistemazione in hotel. Seguir\u00e0 passeggiata con partenza a piedi dall\u2019Hotel, ai \u201cBagni della Regina\u201d sul mare ( andata\u2026","rel":"","context":"In &quot;4 - ARCHIVIO&quot;","block_context":{"text":"4 - ARCHIVIO","link":"https:\/\/caigualdotadino.it\/?cat=34"},"img":{"alt_text":"","src":"","width":0,"height":0},"classes":[]},{"id":10006,"url":"https:\/\/caigualdotadino.it\/?p=10006","url_meta":{"origin":5454,"position":2},"title":"Trekking urbano nella Ancona storica &#8211; 02\/06\/2024","author":"Antonella Recchioni","date":"27 Maggio 2024","format":"gallery","excerpt":"","rel":"","context":"In &quot;4 - ARCHIVIO&quot;","block_context":{"text":"4 - ARCHIVIO","link":"https:\/\/caigualdotadino.it\/?cat=34"},"img":{"alt_text":"","src":"https:\/\/i0.wp.com\/caigualdotadino.it\/wp-content\/uploads\/2024\/05\/Trekking-urbano-citta-di-Ancona_page-0001.jpg?resize=350%2C200&ssl=1","width":350,"height":200,"srcset":"https:\/\/i0.wp.com\/caigualdotadino.it\/wp-content\/uploads\/2024\/05\/Trekking-urbano-citta-di-Ancona_page-0001.jpg?resize=350%2C200&ssl=1 1x, https:\/\/i0.wp.com\/caigualdotadino.it\/wp-content\/uploads\/2024\/05\/Trekking-urbano-citta-di-Ancona_page-0001.jpg?resize=525%2C300&ssl=1 1.5x, https:\/\/i0.wp.com\/caigualdotadino.it\/wp-content\/uploads\/2024\/05\/Trekking-urbano-citta-di-Ancona_page-0001.jpg?resize=700%2C400&ssl=1 2x"},"classes":[]},{"id":7779,"url":"https:\/\/caigualdotadino.it\/?p=7779","url_meta":{"origin":5454,"position":3},"title":"Domenica 28 Maggio &#8211; Trekking Urbano citt\u00e0 di Ancona","author":"pigiax","date":"22 Maggio 2023","format":"gallery","excerpt":"Club Alpino Italiano Sezione di Gualdo Tadino Trekking urbano: Valli, Colli e Mare di AnconaIntersezionale con CAI sezione di Ancona Partenza: ore 07,00 presso il parcheggio Gala con mezzi propri Difficolt\u00e0: T \u2013 Escursionistica sono richiesti allenamento alla camminata e una resistenza alla fatica. Inizio escursione: ore 9:15 Dislivello: 400\u2026","rel":"","context":"In &quot;4 - ARCHIVIO&quot;","block_context":{"text":"4 - ARCHIVIO","link":"https:\/\/caigualdotadino.it\/?cat=34"},"img":{"alt_text":"","src":"https:\/\/i0.wp.com\/caigualdotadino.it\/wp-content\/uploads\/2023\/05\/image-4.png?resize=350%2C200&ssl=1","width":350,"height":200,"srcset":"https:\/\/i0.wp.com\/caigualdotadino.it\/wp-content\/uploads\/2023\/05\/image-4.png?resize=350%2C200&ssl=1 1x, https:\/\/i0.wp.com\/caigualdotadino.it\/wp-content\/uploads\/2023\/05\/image-4.png?resize=525%2C300&ssl=1 1.5x, https:\/\/i0.wp.com\/caigualdotadino.it\/wp-content\/uploads\/2023\/05\/image-4.png?resize=700%2C400&ssl=1 2x"},"classes":[]},{"id":339,"url":"https:\/\/caigualdotadino.it\/?p=339","url_meta":{"origin":5454,"position":4},"title":"4- 9 Settembre Trekking in Sardegna","author":"pigiax","date":"23 Febbraio 2017","format":false,"excerpt":"Un trekking nella Sardegna Nord \/ Occidentale alla scoperta di una zona ancora poco conosciuta e quindi pi\u00f9 vera, accolti dall\u2019Ospitalit\u00e0 della gente locale. Ai classici itinerari pi\u00f9 noti nella terra del sole e del mare si aggiungono i colori e i sapori dell'interno tra boschi di naturale bellezza e\u2026","rel":"","context":"In &quot;4 - ARCHIVIO&quot;","block_context":{"text":"4 - ARCHIVIO","link":"https:\/\/caigualdotadino.it\/?cat=34"},"img":{"alt_text":"","src":"","width":0,"height":0},"classes":[]},{"id":284,"url":"https:\/\/caigualdotadino.it\/?p=284","url_meta":{"origin":5454,"position":5},"title":"24 &#8211; 29 Agosto &#8211; Trekking sui sentieri del Re","author":"pigiax","date":"8 Maggio 2015","format":false,"excerpt":"Quota di partecipazione di 262,00 euro, comprendente: guida al Parco per 4 gg; 3 trattamenti di mezza pensione in rifugio o posto tappa; 4 pranzi al sacco; bus navetta da San Giacomo di Entracque a Terme di Valdieri. Supplemento (facoltativo) di 30 euro a persona per il trasporto di un\u2026","rel":"","context":"In &quot;4 - ARCHIVIO&quot;","block_context":{"text":"4 - ARCHIVIO","link":"https:\/\/caigualdotadino.it\/?cat=34"},"img":{"alt_text":"","src":"","width":0,"height":0},"classes":[]}],"jetpack_sharing_enabled":true,"_links":{"self":[{"href":"https:\/\/caigualdotadino.it\/index.php?rest_route=\/wp\/v2\/posts\/5454","targetHints":{"allow":["GET"]}}],"collection":[{"href":"https:\/\/caigualdotadino.it\/index.php?rest_route=\/wp\/v2\/posts"}],"about":[{"href":"https:\/\/caigualdotadino.it\/index.php?rest_route=\/wp\/v2\/types\/post"}],"author":[{"embeddable":true,"href":"https:\/\/caigualdotadino.it\/index.php?rest_route=\/wp\/v2\/users\/1"}],"replies":[{"embeddable":true,"href":"https:\/\/caigualdotadino.it\/index.php?rest_route=%2Fwp%2Fv2%2Fcomments&post=5454"}],"version-history":[{"count":5,"href":"https:\/\/caigualdotadino.it\/index.php?rest_route=\/wp\/v2\/posts\/5454\/revisions"}],"predecessor-version":[{"id":6012,"href":"https:\/\/caigualdotadino.it\/index.php?rest_route=\/wp\/v2\/posts\/5454\/revisions\/6012"}],"wp:attachment":[{"href":"https:\/\/caigualdotadino.it\/index.php?rest_route=%2Fwp%2Fv2%2Fmedia&parent=5454"}],"wp:term":[{"taxonomy":"category","embeddable":true,"href":"https:\/\/caigualdotadino.it\/index.php?rest_route=%2Fwp%2Fv2%2Fcategories&post=5454"},{"taxonomy":"post_tag","embeddable":true,"href":"https:\/\/caigualdotadino.it\/index.php?rest_route=%2Fwp%2Fv2%2Ftags&post=5454"}],"curies":[{"name":"wp","href":"https:\/\/api.w.org\/{rel}","templated":true}]}}