{"id":5325,"date":"2022-03-19T11:24:22","date_gmt":"2022-03-19T10:24:22","guid":{"rendered":"https:\/\/caigualdotadino.it\/?p=5325"},"modified":"2023-12-30T11:10:50","modified_gmt":"2023-12-30T10:10:50","slug":"assemblea-ordinaria-dei-soci-2","status":"publish","type":"post","link":"https:\/\/caigualdotadino.it\/?p=5325","title":{"rendered":"ASSEMBLEA ORDINARIA DEI SOCI"},"content":{"rendered":"<div class=\"wp-block-image is-style-default\">\n<figure class=\"alignleft is-resized\"><img decoding=\"async\" src=\"https:\/\/caigualdotadino.it\/wp-content\/uploads\/2021\/05\/image.png\" alt=\"Questa immagine ha l'attributo alt vuoto; il nome del file \u00e8 image.png\" style=\"width:115px;height:92px\"\/><\/figure>\n<\/div>\n\n\n<p style=\"font-size:13px\"><strong><span class=\"has-inline-color has-accent-1-color\">Club Alpino Italiano<\/span><\/strong><\/p>\n\n\n\n<p style=\"font-size:13px\"><strong><span class=\"has-inline-color has-accent-1-color\">Sezione di Gualdo Tadino<\/span><\/strong><\/p>\n\n\n\n<p><\/p>\n\n\n\n<div style=\"height:41px\" aria-hidden=\"true\" class=\"wp-block-spacer\"><\/div>\n\n\n\n<p class=\"has-text-align-center has-larger-font-size\"><strong><span style=\"background-color:rgba(0, 0, 0, 0)\" class=\"has-inline-color has-headings-color\"><span style=\"text-decoration: underline;\">SABATO 26 MARZ<\/span><\/span><span style=\"text-decoration: underline;\"><span style=\"background-color:rgba(0, 0, 0, 0)\" class=\"has-inline-color has-headings-color\">O<\/span> 2022<\/span><\/strong><\/p>\n\n\n\n<p><\/p>\n\n\n\n<p>Gentile Socia, Caro Socio,<\/p>\n\n\n\n<p>la presente per comunicarTi che il giorno <strong>SABATO 26 MARZO p.v. <\/strong>alle ore 15,00 in prima convocazione ed <strong>alle ore 17,30 <\/strong>in seconda convocazione, presso la sede in Piazza G. Garibaldi 3, \u00e8 convocata l\u2019Assemblea ordinaria dei Soci per discutere il seguente ordine del giorno:<\/p>\n\n\n\n<!--more-->\n\n\n\n<ol class=\"wp-block-list\" style=\"list-style-type:lower-alpha\">\n<li>Nomina del Presidente dell\u2019Assemblea<\/li>\n\n\n\n<li>Approvazione verbale della seduta precedente<\/li>\n\n\n\n<li>Relazione del Presidente<\/li>\n\n\n\n<li>Approvazione bilancio consuntivo 2021<\/li>\n\n\n\n<li>Varie ed eventuali<\/li>\n<\/ol>\n\n\n\n<p>Al termine dell\u2019assemblea, come consuetudine, alle ore 20,00 ci ritroveremo tutti insieme per un momento conviviale presso il <strong>Ristorante Clelia in via Matteotti<\/strong>. La cena \u00e8 naturalmente aperta a tutti i familiari ed amici; per motivi organizzativi chiediamo la Tua collaborazione confermando la presenza entro gioved\u00ec 24 marzo ad<\/p>\n\n\n\n<div class=\"wp-block-columns is-layout-flex wp-container-core-columns-is-layout-9d6595d7 wp-block-columns-is-layout-flex\">\n<div class=\"wp-block-column is-layout-flow wp-block-column-is-layout-flow\">\n<p>Franco Palazzoni<\/p>\n<\/div>\n\n\n\n<div class=\"wp-block-column is-layout-flow wp-block-column-is-layout-flow\">\n<div class=\"wp-block-jetpack-contact-info\">\n<div class=\"wp-block-jetpack-phone\"><a href=\"tel:+393283057249\">+393283057249<\/a><\/div>\n<\/div>\n<\/div>\n\n\n\n<div class=\"wp-block-column is-layout-flow wp-block-column-is-layout-flow\">\n<div class=\"wp-block-jetpack-send-a-message\">\n<div class=\"wp-block-jetpack-whatsapp-button alignleft is-color-dark has-no-text\"><a class=\"whatsapp-block__button\" href=\"https:\/\/api.whatsapp.com\/send?phone=393283057249&amp;text=Salve%2C%20ho%20preso%20le%20informazioni%20di%20WhatsApp%20dal%20sito%20Cai.\" style=\"background-color:#25D366;color:#fff\" target=\"_blank\" rel=\"noopener noreferrer\"><\/a><\/div>\n<\/div>\n<\/div>\n<\/div>\n\n\n\n<div class=\"wp-block-columns is-layout-flex wp-container-core-columns-is-layout-9d6595d7 wp-block-columns-is-layout-flex\">\n<div class=\"wp-block-column is-layout-flow wp-block-column-is-layout-flow\" style=\"flex-basis:33.33%\">\n<p>Angelo Santarelli<\/p>\n<\/div>\n\n\n\n<div class=\"wp-block-column is-layout-flow wp-block-column-is-layout-flow\" style=\"flex-basis:33.33%\">\n<div class=\"wp-block-jetpack-contact-info\">\n<div class=\"wp-block-jetpack-phone\"><a href=\"tel:+393388895769\">+393388895769 <\/a><\/div>\n<\/div>\n<\/div>\n\n\n\n<div class=\"wp-block-column is-layout-flow wp-block-column-is-layout-flow\" style=\"flex-basis:33.33%\">\n<div class=\"wp-block-jetpack-send-a-message\">\n<div class=\"wp-block-jetpack-whatsapp-button is-color-dark has-no-text\"><a class=\"whatsapp-block__button\" href=\"https:\/\/api.whatsapp.com\/send?phone=393388895769&amp;text=Salve%2C%20ho%20preso%20le%20informazioni%20di%20WhatsApp%20dal%20sito%20CAI.\" style=\"background-color:#25D366;color:#fff\" target=\"_blank\" rel=\"noopener noreferrer\"><\/a><\/div>\n<\/div>\n<\/div>\n<\/div>\n\n\n\n<p>Confidando nella presenza Tua e dei Tuoi familiari, porgo cordiali saluti.<\/p>\n\n\n\n<p>Gualdo Tadino, li 5 marzo 2022<\/p>\n\n\n\n<p><\/p>\n\n\n\n<p>Il Presidente<\/p>\n\n\n\n<p><em>Franco Palazzoni<\/em><\/p>\n","protected":false},"excerpt":{"rendered":"<p>Club Alpino Italiano Sezione di Gualdo Tadino SABATO 26 MARZO 2022 Gentile Socia, Caro Socio, la presente per comunicarTi che il giorno SABATO 26 MARZO &hellip;<\/p>\n","protected":false},"author":2,"featured_media":0,"comment_status":"closed","ping_status":"closed","sticky":false,"template":"","format":"gallery","meta":{"_jetpack_memberships_contains_paid_content":false,"footnotes":""},"categories":[34],"tags":[],"class_list":["post-5325","post","type-post","status-publish","format-gallery","hentry","category-archivio","post_format-post-format-gallery"],"jetpack_featured_media_url":"","jetpack-related-posts":[{"id":11396,"url":"https:\/\/caigualdotadino.it\/?p=11396","url_meta":{"origin":5325,"position":0},"title":"Assemblea dei Soci per sabato 06 dicembre 2025","author":"Antonella Recchioni","date":"13 Novembre 2025","format":"gallery","excerpt":"Club Alpino Italiano Sezione di Gualdo Tadino Convocazione assemblea dei Soci - Sabato 06 dicembre 2025 Cara\/o socia\/o, \u00e8 stata convocata l\u2019assemblea ordinaria degli iscritti alla sezione CAI di Gualdo Tadino per Sabato 06 dicembre 2025 presso la sede della sezione in piazza Garibaldi a Gualdo Tadino, alle ore 13,00\u2026","rel":"","context":"In &quot;4 - ARCHIVIO&quot;","block_context":{"text":"4 - ARCHIVIO","link":"https:\/\/caigualdotadino.it\/?cat=34"},"img":{"alt_text":"","src":"","width":0,"height":0},"classes":[]},{"id":6589,"url":"https:\/\/caigualdotadino.it\/?p=6589","url_meta":{"origin":5325,"position":1},"title":"Assemblea dei soci per sabato 10 dicembre 2022","author":"Antonella Recchioni","date":"5 Novembre 2022","format":"gallery","excerpt":"Club Alpino Italiano Sezione di Gualdo Tadino Convocazione assemblea dei soci - Sabato 10 dicembre 2022 Cara\/o socia\/o, \u00e8 stata convocata l\u2019assemblea degli iscritti alla sezione CAI di Gualdo Tadino per sabato 10 dicembre presso la sede della sezione in piazza Garibaldi a Gualdo Tadino, alle ore 13,00 in prima\u2026","rel":"","context":"In &quot;4 - ARCHIVIO&quot;","block_context":{"text":"4 - ARCHIVIO","link":"https:\/\/caigualdotadino.it\/?cat=34"},"img":{"alt_text":"Questa immagine ha l'attributo alt vuoto; il nome del file \u00e8 image.png","src":"https:\/\/i0.wp.com\/caigualdotadino.it\/wp-content\/uploads\/2021\/05\/image.png?resize=350%2C200&ssl=1","width":350,"height":200},"classes":[]},{"id":4835,"url":"https:\/\/caigualdotadino.it\/?p=4835","url_meta":{"origin":5325,"position":2},"title":"Tesseramento 2023","author":"pigiax","date":"6 Novembre 2021","format":"gallery","excerpt":"Si informano i soci che \u00e8 stato avviato il tesseramento al CAI (Club Alpino Italiano) sia per i rinnovi dei soci gi\u00e0 iscritti e sia per coloro che vogliono iscriversi per la prima volta. Le quote sono rimaste invariate rispetto allo scorso anno, e precisamente: \u00b7 Soci ordinari 43,00 \u20ac\u2026","rel":"","context":"In &quot;4 - ARCHIVIO&quot;","block_context":{"text":"4 - ARCHIVIO","link":"https:\/\/caigualdotadino.it\/?cat=34"},"img":{"alt_text":"","src":"","width":0,"height":0},"classes":[]},{"id":8715,"url":"https:\/\/caigualdotadino.it\/?p=8715","url_meta":{"origin":5325,"position":3},"title":"Tesseramento 2026","author":"Antonella Recchioni","date":"12 Novembre 2023","format":"gallery","excerpt":"Si informano i soci che \u00e8 stato avviato il tesseramento al CAI (Club Alpino Italiano) sia per i rinnovi dei soci gi\u00e0 iscritti e sia per coloro che vogliono iscriversi per la prima volta. Inoltre si ricorda che per iscriversi la sede \u00e8 aperta il venerd\u00ec dalle ore 17,30 alle\u2026","rel":"","context":"In &quot;4 - ARCHIVIO&quot;","block_context":{"text":"4 - ARCHIVIO","link":"https:\/\/caigualdotadino.it\/?cat=34"},"img":{"alt_text":"","src":"https:\/\/i0.wp.com\/caigualdotadino.it\/wp-content\/uploads\/2025\/11\/serrasanta-BOLLINO-2026.jpg?resize=350%2C200&ssl=1","width":350,"height":200,"srcset":"https:\/\/i0.wp.com\/caigualdotadino.it\/wp-content\/uploads\/2025\/11\/serrasanta-BOLLINO-2026.jpg?resize=350%2C200&ssl=1 1x, https:\/\/i0.wp.com\/caigualdotadino.it\/wp-content\/uploads\/2025\/11\/serrasanta-BOLLINO-2026.jpg?resize=525%2C300&ssl=1 1.5x, https:\/\/i0.wp.com\/caigualdotadino.it\/wp-content\/uploads\/2025\/11\/serrasanta-BOLLINO-2026.jpg?resize=700%2C400&ssl=1 2x"},"classes":[]},{"id":1183,"url":"https:\/\/caigualdotadino.it\/?p=1183","url_meta":{"origin":5325,"position":4},"title":"Tesseramento anno 2021","author":"Antonella Recchioni","date":"2 Marzo 2021","format":"gallery","excerpt":"Sono aperte le iscrizioni per il rinnovo delle tessere. Nella quota \u00e8 compreso: soccorso alpino sconti nei rifugi CAI abbonamento alla rivista mensile \"Montagne 360\" assicurazione infortunistica e contro terzi in tutte le attivit\u00e0 programmate dalla sezione convenzione con alcuni negozi della zona, consultare la pagina \"convenzioni e sconti soci\"\u2026","rel":"","context":"In &quot;4 - ARCHIVIO&quot;","block_context":{"text":"4 - ARCHIVIO","link":"https:\/\/caigualdotadino.it\/?cat=34"},"img":{"alt_text":"","src":"","width":0,"height":0},"classes":[]},{"id":4464,"url":"https:\/\/caigualdotadino.it\/?p=4464","url_meta":{"origin":5325,"position":5},"title":"Assemblea elettiva dei Soci","author":"pigiax","date":"30 Settembre 2021","format":"gallery","excerpt":"Gentile Socia, Caro Socio, la presente per comunicarTi che il giorno SABATO 16 OTTOBRE p.v. alle ore 15,00 in prima convocazione ed alle ore 17,30 in seconda convocazione, presso la sede in Piazza G. Garibaldi 3, \u00e8 convocata l\u2019Assemblea Elettiva dei Soci per discutere il seguente ordine del giorno: Nomina\u2026","rel":"","context":"In &quot;4 - ARCHIVIO&quot;","block_context":{"text":"4 - ARCHIVIO","link":"https:\/\/caigualdotadino.it\/?cat=34"},"img":{"alt_text":"","src":"","width":0,"height":0},"classes":[]}],"jetpack_sharing_enabled":true,"_links":{"self":[{"href":"https:\/\/caigualdotadino.it\/index.php?rest_route=\/wp\/v2\/posts\/5325","targetHints":{"allow":["GET"]}}],"collection":[{"href":"https:\/\/caigualdotadino.it\/index.php?rest_route=\/wp\/v2\/posts"}],"about":[{"href":"https:\/\/caigualdotadino.it\/index.php?rest_route=\/wp\/v2\/types\/post"}],"author":[{"embeddable":true,"href":"https:\/\/caigualdotadino.it\/index.php?rest_route=\/wp\/v2\/users\/2"}],"replies":[{"embeddable":true,"href":"https:\/\/caigualdotadino.it\/index.php?rest_route=%2Fwp%2Fv2%2Fcomments&post=5325"}],"version-history":[{"count":17,"href":"https:\/\/caigualdotadino.it\/index.php?rest_route=\/wp\/v2\/posts\/5325\/revisions"}],"predecessor-version":[{"id":9124,"href":"https:\/\/caigualdotadino.it\/index.php?rest_route=\/wp\/v2\/posts\/5325\/revisions\/9124"}],"wp:attachment":[{"href":"https:\/\/caigualdotadino.it\/index.php?rest_route=%2Fwp%2Fv2%2Fmedia&parent=5325"}],"wp:term":[{"taxonomy":"category","embeddable":true,"href":"https:\/\/caigualdotadino.it\/index.php?rest_route=%2Fwp%2Fv2%2Fcategories&post=5325"},{"taxonomy":"post_tag","embeddable":true,"href":"https:\/\/caigualdotadino.it\/index.php?rest_route=%2Fwp%2Fv2%2Ftags&post=5325"}],"curies":[{"name":"wp","href":"https:\/\/api.w.org\/{rel}","templated":true}]}}