{"id":4704,"date":"2021-11-02T09:35:40","date_gmt":"2021-11-02T08:35:40","guid":{"rendered":"https:\/\/caigualdotadino.it\/2021\/11\/02\/settimana-bianca-dal-06-al-13-febbraio-aa-alba-di-canazei\/"},"modified":"2024-02-22T18:29:35","modified_gmt":"2024-02-22T17:29:35","slug":"settimana-bianca-dal-06-al-13-febbraio-aa-alba-di-canazei","status":"publish","type":"post","link":"https:\/\/caigualdotadino.it\/?p=4704","title":{"rendered":"Settimana Bianca dal 06 al 13 Febbraio ad Alba di Canazei"},"content":{"rendered":"\n<div class=\"wp-block-image is-style-default\"><figure class=\"alignleft is-resized\"><img loading=\"lazy\" decoding=\"async\" src=\"https:\/\/caigualdotadino.it\/wp-content\/uploads\/2021\/05\/image.png\" alt=\"Questa immagine ha l'attributo alt vuoto; il nome del file \u00e8 image.png\" width=\"114\" height=\"92\"\/><\/figure><\/div>\n\n\n\n<p><strong><span class=\"has-inline-color has-accent-1-color\">Club Alpino Italiano<\/span><\/strong><\/p>\n\n\n\n<p><strong><span class=\"has-inline-color has-accent-1-color\">Sezione di Gualdo Tadino<\/span><\/strong><\/p>\n\n\n<p><\/p>\n<p style=\"text-align: center;\"><strong>Da domenica 06-02-2022 (arrivo) <\/strong><strong>a domenica 13-02-2022 (partenza).<\/strong><\/p>\n<p style=\"text-align: center;\"><strong>Hotel Madonna delle Vette (Alba di Canazei -TN)<\/strong><\/p>\n<p style=\"text-align: center;\">via Streda de Costa 280- Tel.0462601320<\/p>\n<p>A circa 1,5 km dal centro di Canazei e a soli 150 m dal comprensorio sciistico del Ciampac e funivia Alba-Col dei Rossi (Skiarea Belvedere Col Rodella).<\/p>\n<p><img loading=\"lazy\" decoding=\"async\" class=\" wp-image-4707 aligncenter\" src=\"https:\/\/caigualdotadino.it\/wp-content\/uploads\/2021\/11\/Immagine1-150x150.jpg\" alt=\"\" width=\"233\" height=\"233\"><\/p>\n<p><!--more--><\/p>\n<p><strong>COSTI<\/strong> (al giorno, a persona, a mezza pensione compresa l\u2019acqua, cena del giorno d\u2019arrivo e colazione del giorno della partenza)<\/p>\n<p>\u2022CAMERA SINGOLA 73,00 \u20ac<\/p>\n<p>\u2022CAMERA DOPPIA 66,00 \u20ac<\/p>\n<p>\u2022 CAMERA doppia+ letto aggiunto 59,00 \u20ac<\/p>\n<p>\u2022 CAMERA doppia+ 2 letti aggiunti 57,00 \u20ac<\/p>\n<p><strong>BAMBINI<\/strong> :da 0 a 1 ANNI gratis;<\/p>\n<p>da 2 a 3 ANNI 10,00\u20ac al giorno;<\/p>\n<p>da 4 a 7 ANNI 20% di sconto;<\/p>\n<p>Tassa di soggiorno: 2,00 \u20ac per persona\/notte (dai 14 anni compiuti)<\/p>\n<p><strong>CAPARRA- 150 euro a camera (che, causa l\u2019emergenza Covid,verr\u00e0 restituita al 100% in caso di disdetta fino a una settimana prima dell&#8217;arrivo)<\/strong><\/p>\n<p><strong>NB- <\/strong>La settimana bianca e&#8217; riservata esclusivamente ai soci CAI in regola con il tesseramento per l&#8217;anno 2022<\/p>\n<p>&#8211; Chi avesse intenzione di partecipare \u00e8 pregato di iscriversi quanto prima perch\u00e9 la voglia di tornare a sciare \u00e8 diffusa; quindi pi\u00f9 si va avanti e maggiore \u00e8 il rischio di non trovare pi\u00f9 camere disponibili.<\/p>\n<p>Per informazioni ed iscrizioni:<\/p>\n\n\n<div class=\"wp-block-columns is-layout-flex wp-container-core-columns-is-layout-9d6595d7 wp-block-columns-is-layout-flex\">\n<div class=\"wp-block-column is-layout-flow wp-block-column-is-layout-flow\" style=\"flex-basis:33.34%\">\n<p>Angelo Santarelli (presso ESSEBI)<\/p>\n<\/div>\n\n\n\n<div class=\"wp-block-column is-layout-flow wp-block-column-is-layout-flow\" style=\"flex-basis:20%\">\n<div class=\"wp-block-jetpack-contact-info\">\n<div class=\"wp-block-jetpack-phone\"><a href=\"tel:+393288486034\">+393288486034<\/a><\/div>\n<\/div>\n<\/div>\n\n\n\n<div class=\"wp-block-column is-layout-flow wp-block-column-is-layout-flow\" style=\"flex-basis:33.33%\">\n<div class=\"wp-block-jetpack-send-a-message\">\n<div class=\"wp-block-jetpack-whatsapp-button is-color-dark has-no-text\"><a class=\"whatsapp-block__button\" href=\"https:\/\/api.whatsapp.com\/send?phone=393288486034&amp;text=Salve%2C%20ho%20preso%20le%20informazioni%20di%20WhatsApp%20dal%20sito%20CAI%3A\" style=\"background-color:#25D366;color:#fff\" target=\"_blank\" rel=\"noopener noreferrer\"><\/a><\/div>\n<\/div>\n<\/div>\n<\/div>\n\n\n\n<div class=\"wp-block-columns is-layout-flex wp-container-core-columns-is-layout-9d6595d7 wp-block-columns-is-layout-flex\">\n<div class=\"wp-block-column is-layout-flow wp-block-column-is-layout-flow\" style=\"flex-basis:33.34%\">\n<p>Enzo Bozzi<\/p>\n<\/div>\n\n\n\n<div class=\"wp-block-column is-layout-flow wp-block-column-is-layout-flow\" style=\"flex-basis:20%\">\n<div class=\"wp-block-jetpack-contact-info\">\n<div class=\"wp-block-jetpack-phone\"><a href=\"tel:+393381818856\">+393381818856<\/a><\/div>\n<\/div>\n<\/div>\n\n\n\n<div class=\"wp-block-column is-layout-flow wp-block-column-is-layout-flow\" style=\"flex-basis:33.33%\">\n<div class=\"wp-block-jetpack-send-a-message\">\n<div class=\"wp-block-jetpack-whatsapp-button is-color-dark has-no-text\"><a class=\"whatsapp-block__button\" href=\"https:\/\/api.whatsapp.com\/send?phone=393381818856&amp;text=Salve%2C%20ho%20preso%20le%20informazioni%20di%20WhatsApp%20dal%20sito%20CAI.\" style=\"background-color:#25D366;color:#fff\" target=\"_blank\" rel=\"noopener noreferrer\"><\/a><\/div>\n<\/div>\n<\/div>\n<\/div>\n","protected":false},"excerpt":{"rendered":"<p>Club Alpino Italiano Sezione di Gualdo Tadino Da domenica 06-02-2022 (arrivo) a domenica 13-02-2022 (partenza). Hotel Madonna delle Vette (Alba di Canazei -TN) via Streda &hellip;<\/p>\n","protected":false},"author":1,"featured_media":0,"comment_status":"closed","ping_status":"closed","sticky":false,"template":"","format":"gallery","meta":{"_jetpack_memberships_contains_paid_content":false,"footnotes":""},"categories":[34,36],"tags":[],"class_list":["post-4704","post","type-post","status-publish","format-gallery","hentry","category-archivio","category-settimana-bianca-verde","post_format-post-format-gallery"],"jetpack_featured_media_url":"","jetpack-related-posts":[{"id":8254,"url":"https:\/\/caigualdotadino.it\/?p=8254","url_meta":{"origin":4704,"position":0},"title":"Settimana Bianca dal 20.01.2024 al 27.01.2024","author":"Antonella Recchioni","date":"27 Settembre 2023","format":"gallery","excerpt":"Ad Alba di Canazei","rel":"","context":"In &quot;4 - ARCHIVIO&quot;","block_context":{"text":"4 - ARCHIVIO","link":"https:\/\/caigualdotadino.it\/?cat=34"},"img":{"alt_text":"","src":"https:\/\/i0.wp.com\/caigualdotadino.it\/wp-content\/uploads\/2023\/09\/Settimana-bianca-2024_page-0001.jpg?resize=350%2C200&ssl=1","width":350,"height":200,"srcset":"https:\/\/i0.wp.com\/caigualdotadino.it\/wp-content\/uploads\/2023\/09\/Settimana-bianca-2024_page-0001.jpg?resize=350%2C200&ssl=1 1x, https:\/\/i0.wp.com\/caigualdotadino.it\/wp-content\/uploads\/2023\/09\/Settimana-bianca-2024_page-0001.jpg?resize=525%2C300&ssl=1 1.5x, https:\/\/i0.wp.com\/caigualdotadino.it\/wp-content\/uploads\/2023\/09\/Settimana-bianca-2024_page-0001.jpg?resize=700%2C400&ssl=1 2x"},"classes":[]},{"id":9619,"url":"https:\/\/caigualdotadino.it\/?p=9619","url_meta":{"origin":4704,"position":1},"title":"Alba di Canazei 20 &#8211; 27 gennaio 2024","author":"Antonella Recchioni","date":"21 Febbraio 2024","format":"gallery","excerpt":"Torna indietro","rel":"","context":"In &quot;3 - GALLERIA FOTOGRAFICA&quot;","block_context":{"text":"3 - GALLERIA FOTOGRAFICA","link":"https:\/\/caigualdotadino.it\/?cat=20"},"img":{"alt_text":"","src":"https:\/\/i0.wp.com\/caigualdotadino.it\/wp-content\/uploads\/2024\/02\/set2.jpg?resize=350%2C200&ssl=1","width":350,"height":200,"srcset":"https:\/\/i0.wp.com\/caigualdotadino.it\/wp-content\/uploads\/2024\/02\/set2.jpg?resize=350%2C200&ssl=1 1x, https:\/\/i0.wp.com\/caigualdotadino.it\/wp-content\/uploads\/2024\/02\/set2.jpg?resize=525%2C300&ssl=1 1.5x, https:\/\/i0.wp.com\/caigualdotadino.it\/wp-content\/uploads\/2024\/02\/set2.jpg?resize=700%2C400&ssl=1 2x"},"classes":[]},{"id":5060,"url":"https:\/\/caigualdotadino.it\/?p=5060","url_meta":{"origin":4704,"position":2},"title":"2022","author":"Antonella Recchioni","date":"17 Gennaio 2022","format":"gallery","excerpt":"Fiaccolata del Beato Angelo 14\/01\/2022 Ciaspolata a Valsorda16\/01\/2022 Pineta del Soldato \u2013 Troscia monte Penna 23\/01\/2022 Settimana bianca a Moena 05-12\/02\/2022 Escursione a Serrasanta 13\/02\/2022 Ciaspolata 27\/02\/2022 Primi passi con i ramponi 13\/03\/2022 Gualdo - Corcia 20\/03\/2022 Con i ramponi sul Monte Vettore 27\/03\/2022 Fontanile Campitella - Eremo Serrasanta 10\/04\/2022\u2026","rel":"","context":"In &quot;3 - GALLERIA FOTOGRAFICA&quot;","block_context":{"text":"3 - GALLERIA FOTOGRAFICA","link":"https:\/\/caigualdotadino.it\/?cat=20"},"img":{"alt_text":"","src":"https:\/\/i0.wp.com\/caigualdotadino.it\/wp-content\/uploads\/2022\/01\/18-dicembre-6.jpg?resize=350%2C200&ssl=1","width":350,"height":200,"srcset":"https:\/\/i0.wp.com\/caigualdotadino.it\/wp-content\/uploads\/2022\/01\/18-dicembre-6.jpg?resize=350%2C200&ssl=1 1x, https:\/\/i0.wp.com\/caigualdotadino.it\/wp-content\/uploads\/2022\/01\/18-dicembre-6.jpg?resize=525%2C300&ssl=1 1.5x, https:\/\/i0.wp.com\/caigualdotadino.it\/wp-content\/uploads\/2022\/01\/18-dicembre-6.jpg?resize=700%2C400&ssl=1 2x"},"classes":[]},{"id":5219,"url":"https:\/\/caigualdotadino.it\/?p=5219","url_meta":{"origin":4704,"position":3},"title":"Settimana verde a Madonna di Campiglio","author":"pigiax","date":"25 Febbraio 2022","format":"gallery","excerpt":"dal 03\/07 al 10\/07\/2022 Settimana verde 2022.pdf","rel":"","context":"In &quot;4 - ARCHIVIO&quot;","block_context":{"text":"4 - ARCHIVIO","link":"https:\/\/caigualdotadino.it\/?cat=34"},"img":{"alt_text":"","src":"https:\/\/i0.wp.com\/caigualdotadino.it\/wp-content\/uploads\/2022\/02\/T7m20k5z0sfyH7r0.jpg?resize=350%2C200&ssl=1","width":350,"height":200,"srcset":"https:\/\/i0.wp.com\/caigualdotadino.it\/wp-content\/uploads\/2022\/02\/T7m20k5z0sfyH7r0.jpg?resize=350%2C200&ssl=1 1x, https:\/\/i0.wp.com\/caigualdotadino.it\/wp-content\/uploads\/2022\/02\/T7m20k5z0sfyH7r0.jpg?resize=525%2C300&ssl=1 1.5x"},"classes":[]},{"id":5145,"url":"https:\/\/caigualdotadino.it\/?p=5145","url_meta":{"origin":4704,"position":4},"title":"Settimana bianca (nuova proposta)","author":"pigiax","date":"29 Gennaio 2022","format":"gallery","excerpt":"Settimana bianca 2022.pdf","rel":"","context":"In &quot;4 - ARCHIVIO&quot;","block_context":{"text":"4 - ARCHIVIO","link":"https:\/\/caigualdotadino.it\/?cat=34"},"img":{"alt_text":"","src":"https:\/\/i0.wp.com\/caigualdotadino.it\/wp-content\/uploads\/2022\/01\/Hotel20Malder.jpg?resize=350%2C200&ssl=1","width":350,"height":200},"classes":[]},{"id":6705,"url":"https:\/\/caigualdotadino.it\/?p=6705","url_meta":{"origin":4704,"position":5},"title":"Settimana bianca 2023","author":"Antonella Recchioni","date":"29 Dicembre 2022","format":"gallery","excerpt":"Settimana Bianca dal 15 al 21 gennaio 2023","rel":"","context":"In &quot;4 - ARCHIVIO&quot;","block_context":{"text":"4 - ARCHIVIO","link":"https:\/\/caigualdotadino.it\/?cat=34"},"img":{"alt_text":"","src":"","width":0,"height":0},"classes":[]}],"jetpack_sharing_enabled":true,"_links":{"self":[{"href":"https:\/\/caigualdotadino.it\/index.php?rest_route=\/wp\/v2\/posts\/4704","targetHints":{"allow":["GET"]}}],"collection":[{"href":"https:\/\/caigualdotadino.it\/index.php?rest_route=\/wp\/v2\/posts"}],"about":[{"href":"https:\/\/caigualdotadino.it\/index.php?rest_route=\/wp\/v2\/types\/post"}],"author":[{"embeddable":true,"href":"https:\/\/caigualdotadino.it\/index.php?rest_route=\/wp\/v2\/users\/1"}],"replies":[{"embeddable":true,"href":"https:\/\/caigualdotadino.it\/index.php?rest_route=%2Fwp%2Fv2%2Fcomments&post=4704"}],"version-history":[{"count":4,"href":"https:\/\/caigualdotadino.it\/index.php?rest_route=\/wp\/v2\/posts\/4704\/revisions"}],"predecessor-version":[{"id":5150,"href":"https:\/\/caigualdotadino.it\/index.php?rest_route=\/wp\/v2\/posts\/4704\/revisions\/5150"}],"wp:attachment":[{"href":"https:\/\/caigualdotadino.it\/index.php?rest_route=%2Fwp%2Fv2%2Fmedia&parent=4704"}],"wp:term":[{"taxonomy":"category","embeddable":true,"href":"https:\/\/caigualdotadino.it\/index.php?rest_route=%2Fwp%2Fv2%2Fcategories&post=4704"},{"taxonomy":"post_tag","embeddable":true,"href":"https:\/\/caigualdotadino.it\/index.php?rest_route=%2Fwp%2Fv2%2Ftags&post=4704"}],"curies":[{"name":"wp","href":"https:\/\/api.w.org\/{rel}","templated":true}]}}