{"id":4697,"date":"2021-10-27T08:53:52","date_gmt":"2021-10-27T06:53:52","guid":{"rendered":"https:\/\/caigualdotadino.it\/?p=4697"},"modified":"2024-02-28T18:15:20","modified_gmt":"2024-02-28T17:15:20","slug":"eletto-il-nuovo-consiglio-della-sezione-cai-di-gualdo-tadino-palazzoni-confermato-alla-presidenza","status":"publish","type":"post","link":"https:\/\/caigualdotadino.it\/?p=4697","title":{"rendered":"Eletto il nuovo Consiglio della sezione CAI di Gualdo Tadino."},"content":{"rendered":"\n<h3 class=\"wp-block-heading has-text-align-center\"><mark style=\"background-color:rgba(0, 0, 0, 0)\" class=\"has-inline-color has-accent-1-color\">Franco Palazzoni confermato Presidente<\/mark><\/h3>\n\n\n\n<!--more-->\n\n\n\n<p><br>Come da Statuto, la sezione CAI di Gualdo Tadino, nell\u2019assemblea del 16 ottobre tenutasi presso la sede in piazza Garibaldi, ha eletto il nuovo consiglio direttivo che rester\u00e0 in carica nei prossimi 3 anni. Il Consiglio, poi, il 25 ottobre, nella prima riunione, ha confermato all\u2019unanimit\u00e0 Franco Palazzoni, presidente in carica, alla guida della sezione ed ha provveduto ad assegnare gli incarichi nelle varie commissioni esistenti.<br>Anche in questa elezione, come nella precedente, \u00e8 stata scelta la strada del rinnovamento. Alcuni storici consiglieri hanno fatto un passo indietro, pur continuando a svolgere attivit\u00e0 per la sezione, ed hanno lasciato spazio a forze nuove, pi\u00f9 giovani e desiderose di dare il proprio apporto nelle varie attivit\u00e0 programmate. Su 11 consiglieri eletti, cos\u00ec, si registrano 4 new entry. Questa la nuova composizione del consiglio :<\/p>\n\n\n\n<p>Franco Palazzoni (Presidente)<\/p>\n\n\n\n<p>Daniela Anastasi(Vicepresidente)<\/p>\n\n\n\n<p> Carlo Baldelli (nuovo eletto)<\/p>\n\n\n\n<p>Mariano Cabras (nuovo eletto)<\/p>\n\n\n\n<p>Daniele Galiotto (nuovo eletto)<\/p>\n\n\n\n<p> Michele Gatti<\/p>\n\n\n\n<p> Pierdomenico Matarazzi<\/p>\n\n\n\n<p> Angelo Santarelli<\/p>\n\n\n\n<p>Marco Scassellati (nuovo eletto)<\/p>\n\n\n\n<p>Riccardo Serroni<\/p>\n\n\n\n<p> Mauro Tavone.<\/p>\n\n\n\n<p>Revisori dei conti: Giancarlo Garofoli, Maria Marini, Giuseppina Spigarelli.<\/p>\n\n\n\n<p>L\u2019attivit\u00e0 della sezione si articola in commissioni coinvolgendo sia consiglieri che i soci disponibili al di fuori del consiglio.<\/p>\n\n\n\n<p>Queste le cariche assegnate.<\/p>\n\n\n\n<p>Tesoriere: Carlo Baldelli;<\/p>\n\n\n\n<p>Commissione TAM: tutto il consiglio, referente Mauro Tavone.<\/p>\n\n\n\n<p>Attivit\u00e0 didattica: Daniela Anastasi, Mauro Tavone, Claudio Parlanti.<\/p>\n\n\n\n<p>Commissione escursionistica: responsabile Marco Scassellati con Angelo Santarelli coordinatore settimana verde e settimana bianca.<\/p>\n\n\n\n<p>Commissione Alpinismo: Responsabile Michele Gatti<\/p>\n\n\n\n<p>Commissione sentieristica: responsabile Mariano Cabras.<\/p>\n\n\n\n<p>Cimmissione gestione rifugio: Enzo Bozzi, Enrico Fiaoni, No\u00e8 Commodi.<\/p>\n\n\n\n<p>Commissione tesseramento: Franco Palazzoni, Angelo Santarelli<\/p>\n\n\n\n<p>SASU (Soccorso Alpini e Spelelogico Umbria): responsabile per la sezione Daniele Galiotto<\/p>\n\n\n\n<p>Delegato al Gruppo Regionale: Pierdomenico Matarazzi.<\/p>\n\n\n\n<p>Delegato alla commissione regionale per la sentieristica: Pierdomenico Matarazzi.<\/p>\n\n\n\n<p>Gestione media: Daniela Anastasi, Antonella Recchioni.<\/p>\n\n\n\n<p>Responsabile della comunicazione: Riccardo Serroni<\/p>\n\n\n\n<p>La prima incombenza per il nuovo consiglio \u00e8 la programmazione dell\u2019attivit\u00e0 per il 2022, sperando che l\u2019incubo del Covid, che negli ultimi due anni ha penalizzato gravemente le iniziative della sezione, sia ormai in una fase irreversibilmente regressiva. Ogni anno il consiglio, allargato a diversi collaboratori, programma una cinquantina di uscite tra escursioni, arrampicate, ciaspolate, sciate, proposte didattiche\u2026 e per ogni attivit\u00e0 vengono individuati come minimo due responsabili che organizzano e guidano l\u2019uscita. Accanto alle classiche ormai storiche come la passeggiata di San Giuseppe a Crocia, l\u2019Ascensione, le 5 cime di Gualdo, la settimana verde, la Valsorda-Monte Alago, la Valsorda Monte Cucco, la Settimana bianca, la Settimana verde, il trekking autunnale, la Gualdo-Assisi, la notturna Valtopina-Spello per l\u2019infiorata, la Festa della Montagna, il raduno regionale\u2026 (appuntamenti che richiamano sempre molti partecipanti) verranno proposte molte altre uscite nelle varie modalit\u00e0. Non appena ultimato il calendario verr\u00e0 reso pubblico. Poi, come sempre, ogni uscita sar\u00e0 adeguatamente pubblicizzata nei vari canali.<\/p>\n\n\n\n<p>Quest\u2019anno ci sar\u00e0 un impegno maggiore nella cura della sentieristica con il progetto \u201cAdotta un sentiero\u201d. Soci CAI, cio\u00e8, si prenderanno cura di un sentiero della nostra montagna monitorandolo frequentemente sia per effettuare piccoli interventi di manutenzione e sia per far presente delle criticit\u00e0 che necessitano di interventi pi\u00f9 consistenti.<\/p>\n\n\n\n<p>Gualdo Tadino 26\/10\/2021<\/p>\n\n\n<p><a href=\"https:\/\/caigualdotadino.it\/wp-content\/uploads\/2021\/10\/Comunicato-stampa-elezione-Direttivo.pdf\">Comunicato stampa elezione Direttivo.pdf<\/a><\/p>","protected":false},"excerpt":{"rendered":"<p>Franco Palazzoni confermato Presidente<\/p>\n","protected":false},"author":1,"featured_media":0,"comment_status":"closed","ping_status":"closed","sticky":false,"template":"","format":"gallery","meta":{"_jetpack_memberships_contains_paid_content":false,"footnotes":""},"categories":[34,98],"tags":[],"class_list":["post-4697","post","type-post","status-publish","format-gallery","hentry","category-archivio","category-notizie-varie","post_format-post-format-gallery"],"jetpack_featured_media_url":"","jetpack-related-posts":[{"id":10594,"url":"https:\/\/caigualdotadino.it\/?p=10594","url_meta":{"origin":4697,"position":0},"title":"Franco Palazzoni ancora Presidente","author":"Antonella Recchioni","date":"20 Dicembre 2024","format":"gallery","excerpt":"Come da Statuto, la sezione CAI di Gualdo Tadino, nell\u2019assemblea del 07 dicembre tenutasi presso la sede in piazza Garibaldi, ha rinnovato il proprio consiglio direttivo che rester\u00e0 in carica nei prossimi 3 anni.I consiglieri eletti sono: Anastasi Daniela Baldelli Carlo Galiotto Daniele Ippoliti Fabio Matarazzi Pierdomenico Palazzoni Franco Parlanti\u2026","rel":"","context":"In &quot;4 - ARCHIVIO&quot;","block_context":{"text":"4 - ARCHIVIO","link":"https:\/\/caigualdotadino.it\/?cat=34"},"img":{"alt_text":"","src":"","width":0,"height":0},"classes":[]},{"id":10496,"url":"https:\/\/caigualdotadino.it\/?p=10496","url_meta":{"origin":4697,"position":1},"title":"Progetto Naturalistico Ambientale \u201cLa cultura della montagna\u201d","author":"Antonella Recchioni","date":"31 Ottobre 2024","format":"gallery","excerpt":"Progetto Naturalistico Ambientale \u201cLa cultura della montagna\u201d Il progetto nasce dalla collaborazione del referente del progetto prof. Claudio Parlanti dell\u2019Istituto Superiore \u201cSigismondi\u201d di Nocera Umbra\u00a0e il presidente Franco Palazzoni del\u00a0C.A.I. Club Alpino Italiano \u2013 Sezione di Gualdo Tadino, per avvicinare i giovani studenti, futuri cittadini dei nostri territori, alla secolare\u2026","rel":"","context":"In &quot;4 - ARCHIVIO&quot;","block_context":{"text":"4 - ARCHIVIO","link":"https:\/\/caigualdotadino.it\/?cat=34"},"img":{"alt_text":"","src":"https:\/\/i0.wp.com\/caigualdotadino.it\/wp-content\/uploads\/2024\/10\/image.png?resize=350%2C200&ssl=1","width":350,"height":200,"srcset":"https:\/\/i0.wp.com\/caigualdotadino.it\/wp-content\/uploads\/2024\/10\/image.png?resize=350%2C200&ssl=1 1x, https:\/\/i0.wp.com\/caigualdotadino.it\/wp-content\/uploads\/2024\/10\/image.png?resize=525%2C300&ssl=1 1.5x, https:\/\/i0.wp.com\/caigualdotadino.it\/wp-content\/uploads\/2024\/10\/image.png?resize=700%2C400&ssl=1 2x"},"classes":[]},{"id":11396,"url":"https:\/\/caigualdotadino.it\/?p=11396","url_meta":{"origin":4697,"position":2},"title":"Assemblea dei Soci per sabato 06 dicembre 2025","author":"Antonella Recchioni","date":"13 Novembre 2025","format":"gallery","excerpt":"Club Alpino Italiano Sezione di Gualdo Tadino Convocazione assemblea dei Soci - Sabato 06 dicembre 2025 Cara\/o socia\/o, \u00e8 stata convocata l\u2019assemblea ordinaria degli iscritti alla sezione CAI di Gualdo Tadino per Sabato 06 dicembre 2025 presso la sede della sezione in piazza Garibaldi a Gualdo Tadino, alle ore 13,00\u2026","rel":"","context":"In &quot;4 - ARCHIVIO&quot;","block_context":{"text":"4 - ARCHIVIO","link":"https:\/\/caigualdotadino.it\/?cat=34"},"img":{"alt_text":"","src":"","width":0,"height":0},"classes":[]},{"id":100,"url":"https:\/\/caigualdotadino.it\/?p=100","url_meta":{"origin":4697,"position":3},"title":"Comunicato 2011","author":"pigiax","date":"15 Dicembre 2011","format":false,"excerpt":"\u00a0 Il consiglio direttivo della sezione Cai di Gualdo Tadino, valutata positivamente l\u2019attivit\u00e0 svolta nell\u2019ultimo triennio, ha rieletto all\u2019unanimit\u00e0 Franco Palazzoni nella carica di Presidente della sezione per il prossimo triennio.\u00a0 Il consiglio ha, altres\u00ec, assegnato le altre cariche sociali previste.\u00a0 Christian Severini: vicepresidente, tesoriere e consigliere regionale presso la\u2026","rel":"","context":"In &quot;4 - ARCHIVIO&quot;","block_context":{"text":"4 - ARCHIVIO","link":"https:\/\/caigualdotadino.it\/?cat=34"},"img":{"alt_text":"","src":"","width":0,"height":0},"classes":[]},{"id":6589,"url":"https:\/\/caigualdotadino.it\/?p=6589","url_meta":{"origin":4697,"position":4},"title":"Assemblea dei soci per sabato 10 dicembre 2022","author":"Antonella Recchioni","date":"5 Novembre 2022","format":"gallery","excerpt":"Club Alpino Italiano Sezione di Gualdo Tadino Convocazione assemblea dei soci - Sabato 10 dicembre 2022 Cara\/o socia\/o, \u00e8 stata convocata l\u2019assemblea degli iscritti alla sezione CAI di Gualdo Tadino per sabato 10 dicembre presso la sede della sezione in piazza Garibaldi a Gualdo Tadino, alle ore 13,00 in prima\u2026","rel":"","context":"In &quot;4 - ARCHIVIO&quot;","block_context":{"text":"4 - ARCHIVIO","link":"https:\/\/caigualdotadino.it\/?cat=34"},"img":{"alt_text":"Questa immagine ha l'attributo alt vuoto; il nome del file \u00e8 image.png","src":"https:\/\/i0.wp.com\/caigualdotadino.it\/wp-content\/uploads\/2021\/05\/image.png?resize=350%2C200&ssl=1","width":350,"height":200},"classes":[]},{"id":1997,"url":"https:\/\/caigualdotadino.it\/?p=1997","url_meta":{"origin":4697,"position":5},"title":"Auguri di Buona Pasqua","author":"pigiax","date":"17 Marzo 2021","format":"gallery","excerpt":"Il presidente Franco Palazzoni ed il Consiglio Direttivo della sezione Cai di Gualdo Tadino augurano agli iscritti ed a tutti gli amanti della montagna con la speranza di poter riprendere al pi\u00f9 presto le attivit\u00e0 sospese a causa della persistenza del virus Covid 19.","rel":"","context":"In &quot;4 - ARCHIVIO&quot;","block_context":{"text":"4 - ARCHIVIO","link":"https:\/\/caigualdotadino.it\/?cat=34"},"img":{"alt_text":"","src":"https:\/\/i0.wp.com\/caigualdotadino.it\/wp-content\/uploads\/2021\/03\/image-3.png?resize=350%2C200&ssl=1","width":350,"height":200,"srcset":"https:\/\/i0.wp.com\/caigualdotadino.it\/wp-content\/uploads\/2021\/03\/image-3.png?resize=350%2C200&ssl=1 1x, https:\/\/i0.wp.com\/caigualdotadino.it\/wp-content\/uploads\/2021\/03\/image-3.png?resize=525%2C300&ssl=1 1.5x"},"classes":[]}],"jetpack_sharing_enabled":true,"_links":{"self":[{"href":"https:\/\/caigualdotadino.it\/index.php?rest_route=\/wp\/v2\/posts\/4697","targetHints":{"allow":["GET"]}}],"collection":[{"href":"https:\/\/caigualdotadino.it\/index.php?rest_route=\/wp\/v2\/posts"}],"about":[{"href":"https:\/\/caigualdotadino.it\/index.php?rest_route=\/wp\/v2\/types\/post"}],"author":[{"embeddable":true,"href":"https:\/\/caigualdotadino.it\/index.php?rest_route=\/wp\/v2\/users\/1"}],"replies":[{"embeddable":true,"href":"https:\/\/caigualdotadino.it\/index.php?rest_route=%2Fwp%2Fv2%2Fcomments&post=4697"}],"version-history":[{"count":12,"href":"https:\/\/caigualdotadino.it\/index.php?rest_route=\/wp\/v2\/posts\/4697\/revisions"}],"predecessor-version":[{"id":8571,"href":"https:\/\/caigualdotadino.it\/index.php?rest_route=\/wp\/v2\/posts\/4697\/revisions\/8571"}],"wp:attachment":[{"href":"https:\/\/caigualdotadino.it\/index.php?rest_route=%2Fwp%2Fv2%2Fmedia&parent=4697"}],"wp:term":[{"taxonomy":"category","embeddable":true,"href":"https:\/\/caigualdotadino.it\/index.php?rest_route=%2Fwp%2Fv2%2Fcategories&post=4697"},{"taxonomy":"post_tag","embeddable":true,"href":"https:\/\/caigualdotadino.it\/index.php?rest_route=%2Fwp%2Fv2%2Ftags&post=4697"}],"curies":[{"name":"wp","href":"https:\/\/api.w.org\/{rel}","templated":true}]}}