{"id":419,"date":"2019-08-28T00:19:25","date_gmt":"2019-08-27T22:19:25","guid":{"rendered":"http:\/\/caigualdotadino.it\/2019\/08\/28\/domenica-1-settembre-raduno-regionale\/"},"modified":"2021-09-21T11:20:00","modified_gmt":"2021-09-21T09:20:00","slug":"domenica-1-settembre-raduno-regionale","status":"publish","type":"post","link":"https:\/\/caigualdotadino.it\/?p=419","title":{"rendered":"Domenica 1 Settembre &#8211; Raduno Regionale"},"content":{"rendered":"<div><\/div>\n<div><\/div>\n<div><img loading=\"lazy\" decoding=\"async\" class=\" size-full wp-image-417\" src=\"https:\/\/caigualdotadino.it\/wp-content\/uploads\/2019\/08\/brochure-raduno-2019_page-0001.jpg\" width=\"702\" height=\"497\" srcset=\"https:\/\/caigualdotadino.it\/wp-content\/uploads\/2019\/08\/brochure-raduno-2019_page-0001.jpg 702w, https:\/\/caigualdotadino.it\/wp-content\/uploads\/2019\/08\/brochure-raduno-2019_page-0001-300x212.jpg 300w\" sizes=\"auto, (max-width: 702px) 100vw, 702px\" \/><\/div>\n<div><\/div>\n<div><img loading=\"lazy\" decoding=\"async\" class=\" size-full wp-image-418\" src=\"https:\/\/caigualdotadino.it\/wp-content\/uploads\/2019\/08\/brochure-raduno-2019_page-0002.jpg\" width=\"702\" height=\"497\" srcset=\"https:\/\/caigualdotadino.it\/wp-content\/uploads\/2019\/08\/brochure-raduno-2019_page-0002.jpg 702w, https:\/\/caigualdotadino.it\/wp-content\/uploads\/2019\/08\/brochure-raduno-2019_page-0002-300x212.jpg 300w\" sizes=\"auto, (max-width: 702px) 100vw, 702px\" \/><\/div>\n","protected":false},"excerpt":{"rendered":"","protected":false},"author":1,"featured_media":417,"comment_status":"closed","ping_status":"closed","sticky":false,"template":"","format":"gallery","meta":{"_jetpack_memberships_contains_paid_content":false,"footnotes":""},"categories":[34,35],"tags":[],"class_list":["post-419","post","type-post","status-publish","format-gallery","has-post-thumbnail","hentry","category-archivio","category-escursioni","post_format-post-format-gallery"],"jetpack_featured_media_url":"https:\/\/caigualdotadino.it\/wp-content\/uploads\/2019\/08\/brochure-raduno-2019_page-0001.jpg","jetpack-related-posts":[{"id":291,"url":"https:\/\/caigualdotadino.it\/?p=291","url_meta":{"origin":419,"position":0},"title":"Domenica 21 Giugno &#8211; Raduno regionale","author":"pigiax","date":"29 Maggio 2015","format":false,"excerpt":"Domenica 21 Giugno si terr\u00e0 il Raduno Regionale organizzato dal gruppo CAI di Citt\u00e0 di Castello. In allegato il programma ricco di attivit\u00e0.","rel":"","context":"In &quot;4 - ARCHIVIO&quot;","block_context":{"text":"4 - ARCHIVIO","link":"https:\/\/caigualdotadino.it\/?cat=34"},"img":{"alt_text":"","src":"","width":0,"height":0},"classes":[]},{"id":325,"url":"https:\/\/caigualdotadino.it\/?p=325","url_meta":{"origin":419,"position":1},"title":"Domenica 18 Settembre &#8211; Raduno Regionale a Ferentillo","author":"pigiax","date":"13 Settembre 2016","format":false,"excerpt":"Il Cai di Terni organizza il tradizionale Raduno Regionale. ore 8.45: ritrovo presso il Centro Formativo Regionale SASU Ferentillo e organizzazione gruppi attivit\u00e0 Ore 9,00:inizio attivit\u00e0: Escursione. Sentiero Ferentillo - Nicciano passando per la Rocca e Gabbio. Durante l\u2019escursione incontreremo e visiteremo delle chiese a Gabbio, Nicciano e Ferentillo dove\u2026","rel":"","context":"In &quot;4 - ARCHIVIO&quot;","block_context":{"text":"4 - ARCHIVIO","link":"https:\/\/caigualdotadino.it\/?cat=34"},"img":{"alt_text":"","src":"","width":0,"height":0},"classes":[]},{"id":7692,"url":"https:\/\/caigualdotadino.it\/?p=7692","url_meta":{"origin":419,"position":2},"title":"Domenica 04 giugno &#8211; RADUNO REGIONALE CAI UMBRIA","author":"Antonella Recchioni","date":"13 Maggio 2023","format":"gallery","excerpt":"RADUNO REGIONALE CAI UMBRIA Organizzato dalla Sezione CAI Orvieto RADUNO-REGIONALE-CAI-ORVIETO-2023Download","rel":"","context":"In &quot;4 - ARCHIVIO&quot;","block_context":{"text":"4 - ARCHIVIO","link":"https:\/\/caigualdotadino.it\/?cat=34"},"img":{"alt_text":"","src":"","width":0,"height":0},"classes":[]},{"id":10179,"url":"https:\/\/caigualdotadino.it\/?p=10179","url_meta":{"origin":419,"position":3},"title":"Raduna Regionale CAI &#8211; 22\/09\/2024","author":"Antonella Recchioni","date":"23 Luglio 2024","format":"gallery","excerpt":"Il Raduno regionale CAI 2024 verr\u00e0 organizzato dalla sezione di Terni domenica 22 Settembre. La partenza da Gualdo Tadino \u00e8 prevista alle ore 07,45 dal parcheggio Gala.Chi vorr\u00e0 usufruire del pranzo dovr\u00e0 prenotarsi entro Gioved\u00ec 12Settembre contattando Franco Palazzoni al 3283057249 o scrivendo sulla chat (al momento risultano 5 partecipanti).\u2026","rel":"","context":"In &quot;4 - ARCHIVIO&quot;","block_context":{"text":"4 - ARCHIVIO","link":"https:\/\/caigualdotadino.it\/?cat=34"},"img":{"alt_text":"","src":"https:\/\/i0.wp.com\/caigualdotadino.it\/wp-content\/uploads\/2024\/06\/raduno-regionale-1-1.jpg?resize=350%2C200&ssl=1","width":350,"height":200,"srcset":"https:\/\/i0.wp.com\/caigualdotadino.it\/wp-content\/uploads\/2024\/06\/raduno-regionale-1-1.jpg?resize=350%2C200&ssl=1 1x, https:\/\/i0.wp.com\/caigualdotadino.it\/wp-content\/uploads\/2024\/06\/raduno-regionale-1-1.jpg?resize=525%2C300&ssl=1 1.5x, https:\/\/i0.wp.com\/caigualdotadino.it\/wp-content\/uploads\/2024\/06\/raduno-regionale-1-1.jpg?resize=700%2C400&ssl=1 2x"},"classes":[]},{"id":387,"url":"https:\/\/caigualdotadino.it\/?p=387","url_meta":{"origin":419,"position":4},"title":"Domenica 10 Giugno &#8211; Raduno Regionale a Gubbio","author":"pigiax","date":"6 Giugno 2018","format":false,"excerpt":"Ore 9.00: Ritrovo dei partecipanti al Teatro Romano Ore 9.30: Inizio escursioni Ore 13.30: Pranzo offerto dalla Sezione di Gubbio sotto gli \"arconi\" di Piazza Grande Ore 15.00: Saluto delle autorit\u00e0 ed esibizione della Banda musicale di Madonna del Ponte e degli Sbandieratori di Gubbio. Per i dettagli sulle varie\u2026","rel":"","context":"In &quot;4 - ARCHIVIO&quot;","block_context":{"text":"4 - ARCHIVIO","link":"https:\/\/caigualdotadino.it\/?cat=34"},"img":{"alt_text":"","src":"","width":0,"height":0},"classes":[]},{"id":347,"url":"https:\/\/caigualdotadino.it\/?p=347","url_meta":{"origin":419,"position":5},"title":"Domenica 7 Maggio &#8211; Raduno regionale a Spoleto","author":"pigiax","date":"3 Maggio 2017","format":false,"excerpt":"Itinerario: Ponti della Caprareggia - Eggi Durata escursione 3h30\u2019 ore circa soste comprese (difficolt\u00e0 E) Dislivello: 350m circa Lunghezza: 12 km circa Partenza dal parcheggio del Famila alle ore 7:30 Alle ore 13:30 \u00e8 previsto un momento conviviale nella frazione di Eggi (comunque \u00e8 bene portare un minimo di viveri\u2026","rel":"","context":"In &quot;4 - ARCHIVIO&quot;","block_context":{"text":"4 - ARCHIVIO","link":"https:\/\/caigualdotadino.it\/?cat=34"},"img":{"alt_text":"","src":"","width":0,"height":0},"classes":[]}],"jetpack_sharing_enabled":true,"_links":{"self":[{"href":"https:\/\/caigualdotadino.it\/index.php?rest_route=\/wp\/v2\/posts\/419","targetHints":{"allow":["GET"]}}],"collection":[{"href":"https:\/\/caigualdotadino.it\/index.php?rest_route=\/wp\/v2\/posts"}],"about":[{"href":"https:\/\/caigualdotadino.it\/index.php?rest_route=\/wp\/v2\/types\/post"}],"author":[{"embeddable":true,"href":"https:\/\/caigualdotadino.it\/index.php?rest_route=\/wp\/v2\/users\/1"}],"replies":[{"embeddable":true,"href":"https:\/\/caigualdotadino.it\/index.php?rest_route=%2Fwp%2Fv2%2Fcomments&post=419"}],"version-history":[{"count":1,"href":"https:\/\/caigualdotadino.it\/index.php?rest_route=\/wp\/v2\/posts\/419\/revisions"}],"predecessor-version":[{"id":864,"href":"https:\/\/caigualdotadino.it\/index.php?rest_route=\/wp\/v2\/posts\/419\/revisions\/864"}],"wp:featuredmedia":[{"embeddable":true,"href":"https:\/\/caigualdotadino.it\/index.php?rest_route=\/wp\/v2\/media\/417"}],"wp:attachment":[{"href":"https:\/\/caigualdotadino.it\/index.php?rest_route=%2Fwp%2Fv2%2Fmedia&parent=419"}],"wp:term":[{"taxonomy":"category","embeddable":true,"href":"https:\/\/caigualdotadino.it\/index.php?rest_route=%2Fwp%2Fv2%2Fcategories&post=419"},{"taxonomy":"post_tag","embeddable":true,"href":"https:\/\/caigualdotadino.it\/index.php?rest_route=%2Fwp%2Fv2%2Ftags&post=419"}],"curies":[{"name":"wp","href":"https:\/\/api.w.org\/{rel}","templated":true}]}}