{"id":3925,"date":"2021-09-20T10:41:00","date_gmt":"2021-09-20T08:41:00","guid":{"rendered":"https:\/\/caigualdotadino.it\/?p=3925"},"modified":"2021-10-05T11:32:53","modified_gmt":"2021-10-05T09:32:53","slug":"trekking-nel-cilento","status":"publish","type":"post","link":"https:\/\/caigualdotadino.it\/?p=3925","title":{"rendered":"TREKKING NEL CILENTO"},"content":{"rendered":"\n<div class=\"wp-block-image is-style-default\"><figure class=\"alignleft size-large\"><img loading=\"lazy\" decoding=\"async\" width=\"135\" height=\"109\" src=\"https:\/\/caigualdotadino.it\/wp-content\/uploads\/2021\/05\/image.png\" alt=\"\" class=\"wp-image-3678\"\/><\/figure><\/div>\n\n\n\n<p><strong><span class=\"has-inline-color has-accent-1-color\">Club Alpino Italiano<\/span><\/strong><\/p>\n\n\n\n<p><strong><span class=\"has-inline-color has-accent-1-color\">Sezione di Gualdo Tadino<\/span><\/strong><\/p>\n\n\n\n<div style=\"height:36px\" aria-hidden=\"true\" class=\"wp-block-spacer\"><\/div>\n\n\n\n<p style=\"font-size:20px\"><span class=\"has-inline-color has-headings-color\">propone un trekking nel Cilento in collaborazione con l\u2019associazione Naturaliter.<\/span><\/p>\n\n\n\n<p style=\"font-size:24px\"><strong><span class=\"has-inline-color has-headings-color\">Dal 27 settembre al 4 ottobre<\/span><\/strong><\/p>\n\n\n\n<!--more-->\n\n\n\n<p class=\"has-large-font-size\"><strong>PROGRAMMA<\/strong><\/p>\n\n\n\n<p style=\"font-size:18px\"><strong>Durata<\/strong>: 8 giorni \/ 7 notti.<\/p>\n\n\n\n<p class=\"has-normal-font-size\"><strong>1\u00b0 giorno: Luned\u00ec 27 settembre <span class=\"has-inline-color has-accent-2-color\">Benvenuti al Sud<\/span><\/strong><br>Arrivo alla stazione FS di Agropoli. Incontro con la guida e transfert di persone e bagagli a Santa Maria di Castellabate per sistemazione in albergo a conduzione famigliare situato a pochi metri dal mare. Cena e pernottamento.<br><strong>2\u00b0 giorno: Marted\u00ec 28 settembre <span class=\"has-inline-color has-accent-2-color\">Monte Licosa, Punta Licosa e Castellabate<\/span><\/strong><br>Prima colazione. Escursione a piedi, con partenza dall\u2019hotel, tra villaggi di pescatori, fattorie e pinete di Pino d\u2019Aleppo: Santa Maria di Castellabate \/ San Marco di Castellabate\/ Monte Licosa (326 m s.l.m.) Punta Licosa (s.l.m) \/ Santa Maria di Castellabate. Possibilit\u00e0 di bagno nel mar Tirreno e consumazione del pranzo al sacco in spiaggia. Durata dell\u2019escursione: circa 5 ore. Successivamente rientro in albergo con sosta a Castellabate, uno dei Borghi pi\u00f9 belli d\u2019Italia, per visita del caratteristico centro storico in cui sono state girate le riprese del film \u201cBenvenuti al Sud\u201d. Cena e pernottamento.<br><strong>3\u00b0 giorno: Mercoled\u00ec 29 Settembre <span class=\"has-inline-color has-accent-2-color\">Monte Stella e San Mauro Cilento<\/span><\/strong><br>Prima colazione. Transfert di 30\u2019 da Santa Maria di Castellabate a San Mauro Cilento. Escursione a piedi: San Mauro (mt 560) \/ vetta del Monte Stella (mt 1120). Bella escursione tra la flora tipica del Parco e panorami mozzafiato che spaziano dalla costiera Amalfitana e dalle catene montuose del parco fino alle Isole Eolie. Sul percorso del ritorno visita ai ruderi del castello longobardo. Tempi escursione: circa 7 ore pause comprese. Dislivelli: 600 mt in salita ed altrettanti in discesa. Al rientro a San Mauro visita al frantoio della Cooperativa Nuovo Cilento che \u00e8 il primo produttore in Italia dell\u2019Olio di oliva biologico. Successivamente transfert in albergo per cena e pernottamento<br><strong>4\u00b0 giorno: Gioved\u00ec 30 Settembre <span class=\"has-inline-color has-accent-2-color\">Paestum, le Grotte dell\u2019Angelo di Pertosa e la Certosa di Padula<\/span><\/strong><br>Prima colazione. Transfert di circa 30\u2019 a Paestum per visita agli scavi archeologici, ove, tra l\u2019altro, si trovano tre Templi tra i pi\u00f9 belli ed integri della Magna Grecia. A seguire proseguimento (60\u2019) per Pertosa. Visita alle caratteristiche ed uniche Grotte dell\u2019Angelo con un tragitto che si snoda per circa 3000 metri sotto il massiccio degli Alburni. Il tratto iniziale delle Grotte \u00e8 invaso dalle acque del fiume Negro, un fiume proveniente dalle pi\u00f9 recondite profondit\u00e0 che offre un affascinante ed inconsueto viaggio in barca fino a raggiungere un piccolo approdo dal quale ci si inoltra nelle viscere della terra immersi in un silenzio magico. Successivamente trasferimento a Padula per visita esterna della Certosa di San Lorenzo, la pi\u00f9 grande e tra le pi\u00f9 famose Certose in Italia. Dopo la visita transfer di circa 60\u2019 a Marina di Camerota per sistemazione in villini presso Camping situato vicino al mare (i villini sono composti da 1 o 2 camere da 2 o 3 posti, letti muniti di lenzuola e coperte, asciugamani, w.c. con lavabo, water, bidet, box doccia e phon, spazio antistante coperto, aria condizionata e televisore con ricezione Tiv\u00f9-Sat). Cena e pernottamento.<br><strong>5\u00b0 giorno: Venerd\u00ec 1 ottobre <span class=\"has-inline-color has-accent-2-color\">Monte Bulgheria<\/span><\/strong><br>Prima colazione. Transfert di circa 45\u2019 a San Giovanni a Piro per escursione a piedi sul Monte Bulgheria (1224 mt). Questa bellissima montagna alpina domina la costa del golfo di Policastro. E\u2019 stato territorio organizzato e gestito dal monachesimo basiliano e dai Principi di San Severino. Oltre ai panorami mozzafiato si passer\u00e0 da un bel bosco di leccio. Sulla vetta i campi di lavanda, timo, elicriso e boschetti di ontani napoletani danno spettacolo!! Durata dell\u2019escursione: circa 7 ore pause comprese. Dislivelli: 690 mt in salita e circa 685 mt in discesa. Rientro a Marina di Camerota per cena e pernottamento.<br><strong>6\u00b0 giorno: Sabato 2 ottobre <span class=\"has-inline-color has-accent-2-color\">Il promontorio di Capo Palinuro<\/span><\/strong><br>Prima colazione. Breve transfer da Marina di<br>Camerota a Palinuro per escursione a piedi nel promontorio di Capo Palinuro, il pi\u00f9 famoso e<br>bello del Parco. Oltre a scenari di notevole bellezza si potranno ammirare grotte preistoriche,<br>baie, falesie con tantissimi uccelli e una interessante cava di macine. Dislivelli: circa 200 metri<br>in salita ed altrettanti in discesa. Durata dell\u2019escursione pause comprese: circa 6 ore.<br>Successivamente rientro in barca a Marina di Camerota con visita alle caratteristiche grotte e<br>baie. Cena e pernottamento.<br><strong>7\u00b0 giorno: Domenica 3 ottobre <span class=\"has-inline-color has-accent-2-color\">Cala Bianca, Cala degli Infresci e le grotte marine<\/span><\/strong><br>Prima colazione. Partenza a piedi per escursione fino a Cala degli Infreschi, spiaggia pi\u00f9 bella d\u2019Italia 2014 dal sondaggio di Legambiente \u201cLa pi\u00f9 bella sei tu\u201d. Questa escursione prevede la visita ad uno dei tratti pi\u00f9 selvaggi e belli della costa del parco caratterizzata da grotte che hanno visto la presenza dell\u2019uomo preistorico e spiagge, tra cui Cala Bianca spiaggia pi\u00f9 bella d\u2019Italia 2013 dal sondaggio di Legambiente \u201cLa pi\u00f9 bella sei tu\u201d, raggiungibili solo a piedi o in barca con scorci panoramici di notevole bellezza. Dislivelli: 350mt in salita ed altrettanti in discesa. Durata dell\u2019escursione: circa 6 ore pause comprese. Rientro a Marina di Camerota in barca, con soste per visita alle grotte marine, per cena e pernottamento.<br><strong>8\u00b0 giorno: Luned\u00ec 4 ottobre <span class=\"has-inline-color has-accent-2-color\">Partenze<\/span><\/strong><br>Prima colazione e transfert (30\u2019) alla stazione Pisciotta\/Palinuro per partenza.<br><\/p>\n\n\n\n<p class=\"has-normal-font-size\"><strong>Cosa Portare<\/strong> (indispensabile): scarponcini da trekking; zaino anche di tipo scolastico poich\u00e9 il bagaglio sar\u00e0 trasportato dall\u2019organizzazione; pronto soccorso personale; borraccia; mantellina e\/o ombrello tascabile per eventuale pioggia, costume e quanto necessario per bagni al Mare.<br><\/p>\n\n\n\n<p class=\"has-normal-font-size\"><strong>Quota individuale di partecipazione<\/strong>: \u20ac 700,00 per minimo 16 partecipanti (ogni 20 paganti gratuit\u00e0 per il ventunesimo o quarantunesimo iscritto). NB. L\u2019eventuale gratuit\u00e0 verr\u00e0 girata alla sezione CAI.<\/p>\n\n\n\n<p class=\"has-normal-font-size\"><br><strong>La quota comprende<\/strong>: <\/p>\n\n\n\n<div class=\"wp-block-group\"><div class=\"wp-block-group__inner-container is-layout-flow wp-block-group-is-layout-flow\">\n<ul class=\"wp-block-list\"><li>vitto (colazioni, n. 7 cene a base di prodotti tipici, vino della casa a volont\u00e0 ed acqua inclusi)<\/li><li>alloggio in hotel 3 stelle a Santa Maria di Castellabate e in villini\/casette in Camping situato vicino al mare a Marina di Camerota (i villini sono composti da 2 camere con 2 o 3 posti, letti muniti di lenzuola, coperte e asciugamani, e w.c. con lavabo, water, bidet, box doccia e phon, spazio antistante coperto, aria condizionata e televisore con ricezione Tiv\u00f9-Sat); Guida locale iscritta all\u2019AIGAE.<\/li><li>pullman per gli spostamenti previsti nel programma; n\u00b0 1 escursione su barcone (solo condizioni del mare permettendo); accompagnatore\/guida Naturaliter sempre al seguito.<\/li><\/ul>\n\n\n\n<p><\/p>\n<\/div><\/div>\n\n\n\n<p><strong>La quota non comprende<\/strong>:<\/p>\n\n\n\n<div class=\"wp-block-group\"><div class=\"wp-block-group__inner-container is-layout-flow wp-block-group-is-layout-flow\">\n<div class=\"wp-block-group\"><div class=\"wp-block-group__inner-container is-layout-flow wp-block-group-is-layout-flow\">\n<div class=\"wp-block-group\"><div class=\"wp-block-group__inner-container is-layout-flow wp-block-group-is-layout-flow\">\n<ul class=\"wp-block-list\"><li>ticket ingresso a Monumenti, Scavi, Musei;<\/li><li>ingresso alle grotte dell\u2019Angelo di Pertosa (facoltativa la visita, circa 12\/15,00\u20ac a persona)<\/li><li>pranzi e pranzi al sacco per le escursioni giornaliere;<\/li><li>tasse di soggiorno dove e se eventualmente previste;<\/li><li>assicurazione dei partecipanti.<\/li><li>tutto quanto non espressamente citato alla voce \u201cLa quota comprende\u201d.<\/li><\/ul>\n<\/div><\/div>\n<\/div><\/div>\n\n\n\n<p><strong>ADESIONI<\/strong>:<\/p>\n\n\n\n<p> Le partecipazioni devono essere comunicate quanto prima per consentire alla Naturaliter di prenotare in tempo gli alberghi. La partecipazione \u00e8 riservata ai soci CAI in regola con il tesseramento per l\u2019anno 2021.<br>La adesioni vanno comunicate a<\/p>\n\n\n\n<div class=\"wp-block-columns is-layout-flex wp-container-core-columns-is-layout-9d6595d7 wp-block-columns-is-layout-flex\">\n<div class=\"wp-block-column is-layout-flow wp-block-column-is-layout-flow\" style=\"flex-basis:33.34%\">\n<p>Daniela Anastasi<\/p>\n<\/div>\n\n\n\n<div class=\"wp-block-column is-layout-flow wp-block-column-is-layout-flow\" style=\"flex-basis:33.34%\">\n<div class=\"wp-block-jetpack-contact-info\">\n<div class=\"wp-block-jetpack-phone\"><a href=\"tel:+393332528145\">+393332528145<\/a><\/div>\n<\/div>\n<\/div>\n\n\n\n<div class=\"wp-block-column is-layout-flow wp-block-column-is-layout-flow\" style=\"flex-basis:33.33%\">\n<div class=\"wp-block-jetpack-send-a-message\">\n<div class=\"wp-block-jetpack-whatsapp-button is-color-dark\"><a class=\"whatsapp-block__button\" href=\"https:\/\/api.whatsapp.com\/send?phone=393332528145&amp;text=Salve%2C%20ho%20preso%20le%20informazioni%20di%20WhatsApp%20dal%20sito%20CAI.\" style=\"background-color:#25D366;color:#fff\" target=\"_blank\" rel=\"noopener noreferrer\">WhatsApp<\/a><\/div>\n<\/div>\n<\/div>\n<\/div>\n\n\n\n<div class=\"wp-block-columns is-layout-flex wp-container-core-columns-is-layout-9d6595d7 wp-block-columns-is-layout-flex\">\n<div class=\"wp-block-column is-layout-flow wp-block-column-is-layout-flow\" style=\"flex-basis:33.33%\">\n<p>Angelo Santarelli<\/p>\n<\/div>\n\n\n\n<div class=\"wp-block-column is-layout-flow wp-block-column-is-layout-flow\" style=\"flex-basis:33.33%\">\n<div class=\"wp-block-jetpack-contact-info\">\n<div class=\"wp-block-jetpack-phone\"><a href=\"tel:+393388895769\">+393388895769 <\/a><\/div>\n<\/div>\n<\/div>\n\n\n\n<div class=\"wp-block-column is-layout-flow wp-block-column-is-layout-flow\" style=\"flex-basis:33.33%\">\n<div class=\"wp-block-jetpack-send-a-message\">\n<div class=\"wp-block-jetpack-whatsapp-button is-color-dark\"><a class=\"whatsapp-block__button\" href=\"https:\/\/api.whatsapp.com\/send?phone=393388895769&amp;text=Salve%2C%20ho%20preso%20le%20informazioni%20di%20WhatsApp%20dal%20sito%20CAI.\" style=\"background-color:#25D366;color:#fff\" target=\"_blank\" rel=\"noopener noreferrer\">WhatsApp<\/a><\/div>\n<\/div>\n<\/div>\n<\/div>\n\n\n\n<div class=\"wp-block-columns is-layout-flex wp-container-core-columns-is-layout-9d6595d7 wp-block-columns-is-layout-flex\">\n<div class=\"wp-block-column is-layout-flow wp-block-column-is-layout-flow\" style=\"flex-basis:33.34%\">\n<p>Riccardo Serroni<\/p>\n<\/div>\n\n\n\n<div class=\"wp-block-column is-layout-flow wp-block-column-is-layout-flow\" style=\"flex-basis:33.34%\">\n<div class=\"wp-block-jetpack-contact-info\">\n<div class=\"wp-block-jetpack-phone\"><a href=\"tel:+393383470811\">+393383470811<\/a><\/div>\n<\/div>\n<\/div>\n\n\n\n<div class=\"wp-block-column is-layout-flow wp-block-column-is-layout-flow\" style=\"flex-basis:33.33%\">\n<div class=\"wp-block-jetpack-send-a-message\">\n<div class=\"wp-block-jetpack-whatsapp-button is-color-dark\"><a class=\"whatsapp-block__button\" href=\"https:\/\/api.whatsapp.com\/send?phone=393383470811&amp;text=Salve%2C%20ho%20preso%20le%20informazioni%20di%20WhatsApp%20dal%20sito%20CAI.\" style=\"background-color:#25D366;color:#fff\" target=\"_blank\" rel=\"noopener noreferrer\">WhatsApp<\/a><\/div>\n<\/div>\n<\/div>\n<\/div>\n\n\n\n<p><\/p>\n<\/div><\/div>\n\n\n\n<p>NB. Il viaggio da Gualdo Tadino alla stazione ferroviaria di Agropoli verr\u00e0 deciso in accordo con i partecipanti (comunque treno o pullman)<\/p>\n","protected":false},"excerpt":{"rendered":"<p>Club Alpino Italiano Sezione di Gualdo Tadino propone un trekking nel Cilento in collaborazione con l\u2019associazione Naturaliter. Dal 27 settembre al 4 ottobre<\/p>\n","protected":false},"author":2,"featured_media":0,"comment_status":"closed","ping_status":"closed","sticky":false,"template":"","format":"gallery","meta":{"_jetpack_memberships_contains_paid_content":false,"footnotes":""},"categories":[34,35],"tags":[],"class_list":["post-3925","post","type-post","status-publish","format-gallery","hentry","category-archivio","category-escursioni","post_format-post-format-gallery"],"jetpack_featured_media_url":"","jetpack-related-posts":[{"id":112,"url":"https:\/\/caigualdotadino.it\/?p=112","url_meta":{"origin":3925,"position":0},"title":"Trekking Monviso","author":"pigiax","date":"10 Marzo 2012","format":false,"excerpt":"La sezione CAI di Gualdo Tadino, in collaborazione con gli amici della sezione CAI di Bra, propone il trekking: Giro del Monviso in tre giorni (alla scoperta delle sorgenti del Po) Dal 20 al 24 agosto 2012 \u00a0 Tutti i dettagli nel volantino allegato \u00a0","rel":"","context":"In &quot;4 - ARCHIVIO&quot;","block_context":{"text":"4 - ARCHIVIO","link":"https:\/\/caigualdotadino.it\/?cat=34"},"img":{"alt_text":"","src":"","width":0,"height":0},"classes":[]},{"id":9763,"url":"https:\/\/caigualdotadino.it\/?p=9763","url_meta":{"origin":3925,"position":1},"title":"Trekking di Primavera (Via Francigena laziale)","author":"Antonella Recchioni","date":"5 Marzo 2024","format":"gallery","excerpt":"","rel":"","context":"In &quot;4 - ARCHIVIO&quot;","block_context":{"text":"4 - ARCHIVIO","link":"https:\/\/caigualdotadino.it\/?cat=34"},"img":{"alt_text":"","src":"https:\/\/i0.wp.com\/caigualdotadino.it\/wp-content\/uploads\/2024\/03\/Trekking-Via-Francigena-laziale_page-0001.jpg?resize=350%2C200&ssl=1","width":350,"height":200,"srcset":"https:\/\/i0.wp.com\/caigualdotadino.it\/wp-content\/uploads\/2024\/03\/Trekking-Via-Francigena-laziale_page-0001.jpg?resize=350%2C200&ssl=1 1x, https:\/\/i0.wp.com\/caigualdotadino.it\/wp-content\/uploads\/2024\/03\/Trekking-Via-Francigena-laziale_page-0001.jpg?resize=525%2C300&ssl=1 1.5x, https:\/\/i0.wp.com\/caigualdotadino.it\/wp-content\/uploads\/2024\/03\/Trekking-Via-Francigena-laziale_page-0001.jpg?resize=700%2C400&ssl=1 2x"},"classes":[]},{"id":10821,"url":"https:\/\/caigualdotadino.it\/?p=10821","url_meta":{"origin":3925,"position":2},"title":"Trekking della via Francigena &#8211; 30 aprile al 05 maggio 2025","author":"Antonella Recchioni","date":"10 Febbraio 2025","format":"gallery","excerpt":"","rel":"","context":"In &quot;4 - ARCHIVIO&quot;","block_context":{"text":"4 - ARCHIVIO","link":"https:\/\/caigualdotadino.it\/?cat=34"},"img":{"alt_text":"","src":"https:\/\/i0.wp.com\/caigualdotadino.it\/wp-content\/uploads\/2025\/02\/Trekking-via-Francigena_page-0001.jpg?resize=350%2C200&ssl=1","width":350,"height":200,"srcset":"https:\/\/i0.wp.com\/caigualdotadino.it\/wp-content\/uploads\/2025\/02\/Trekking-via-Francigena_page-0001.jpg?resize=350%2C200&ssl=1 1x, https:\/\/i0.wp.com\/caigualdotadino.it\/wp-content\/uploads\/2025\/02\/Trekking-via-Francigena_page-0001.jpg?resize=525%2C300&ssl=1 1.5x, https:\/\/i0.wp.com\/caigualdotadino.it\/wp-content\/uploads\/2025\/02\/Trekking-via-Francigena_page-0001.jpg?resize=700%2C400&ssl=1 2x"},"classes":[]},{"id":415,"url":"https:\/\/caigualdotadino.it\/?p=415","url_meta":{"origin":3925,"position":3},"title":"Domenica 21 Luglio &#8211; Trekking del tartufo","author":"pigiax","date":"18 Luglio 2019","format":false,"excerpt":"","rel":"","context":"In &quot;4 - ARCHIVIO&quot;","block_context":{"text":"4 - ARCHIVIO","link":"https:\/\/caigualdotadino.it\/?cat=34"},"img":{"alt_text":"","src":"","width":0,"height":0},"classes":[]},{"id":2829,"url":"https:\/\/caigualdotadino.it\/?p=2829","url_meta":{"origin":3925,"position":4},"title":"Trekking in Sicilia","author":"Antonella Recchioni","date":"9 Settembre 2019","format":"gallery","excerpt":"Torna indietro","rel":"","context":"In &quot;3 - GALLERIA FOTOGRAFICA&quot;","block_context":{"text":"3 - GALLERIA FOTOGRAFICA","link":"https:\/\/caigualdotadino.it\/?cat=20"},"img":{"alt_text":"","src":"https:\/\/i0.wp.com\/caigualdotadino.it\/wp-content\/uploads\/2021\/04\/5-3.jpg?resize=350%2C200&ssl=1","width":350,"height":200,"srcset":"https:\/\/i0.wp.com\/caigualdotadino.it\/wp-content\/uploads\/2021\/04\/5-3.jpg?resize=350%2C200&ssl=1 1x, https:\/\/i0.wp.com\/caigualdotadino.it\/wp-content\/uploads\/2021\/04\/5-3.jpg?resize=525%2C300&ssl=1 1.5x, https:\/\/i0.wp.com\/caigualdotadino.it\/wp-content\/uploads\/2021\/04\/5-3.jpg?resize=700%2C400&ssl=1 2x"},"classes":[]},{"id":3008,"url":"https:\/\/caigualdotadino.it\/?p=3008","url_meta":{"origin":3925,"position":5},"title":"Trekking Costiera amalfitana","author":"Antonella Recchioni","date":"15 Settembre 2018","format":"gallery","excerpt":"Torna indietro","rel":"","context":"In &quot;3 - GALLERIA FOTOGRAFICA&quot;","block_context":{"text":"3 - GALLERIA FOTOGRAFICA","link":"https:\/\/caigualdotadino.it\/?cat=20"},"img":{"alt_text":"","src":"https:\/\/i0.wp.com\/caigualdotadino.it\/wp-content\/uploads\/2021\/05\/7-2.jpg?resize=350%2C200&ssl=1","width":350,"height":200,"srcset":"https:\/\/i0.wp.com\/caigualdotadino.it\/wp-content\/uploads\/2021\/05\/7-2.jpg?resize=350%2C200&ssl=1 1x, https:\/\/i0.wp.com\/caigualdotadino.it\/wp-content\/uploads\/2021\/05\/7-2.jpg?resize=525%2C300&ssl=1 1.5x, https:\/\/i0.wp.com\/caigualdotadino.it\/wp-content\/uploads\/2021\/05\/7-2.jpg?resize=700%2C400&ssl=1 2x"},"classes":[]}],"jetpack_sharing_enabled":true,"_links":{"self":[{"href":"https:\/\/caigualdotadino.it\/index.php?rest_route=\/wp\/v2\/posts\/3925","targetHints":{"allow":["GET"]}}],"collection":[{"href":"https:\/\/caigualdotadino.it\/index.php?rest_route=\/wp\/v2\/posts"}],"about":[{"href":"https:\/\/caigualdotadino.it\/index.php?rest_route=\/wp\/v2\/types\/post"}],"author":[{"embeddable":true,"href":"https:\/\/caigualdotadino.it\/index.php?rest_route=\/wp\/v2\/users\/2"}],"replies":[{"embeddable":true,"href":"https:\/\/caigualdotadino.it\/index.php?rest_route=%2Fwp%2Fv2%2Fcomments&post=3925"}],"version-history":[{"count":15,"href":"https:\/\/caigualdotadino.it\/index.php?rest_route=\/wp\/v2\/posts\/3925\/revisions"}],"predecessor-version":[{"id":4320,"href":"https:\/\/caigualdotadino.it\/index.php?rest_route=\/wp\/v2\/posts\/3925\/revisions\/4320"}],"wp:attachment":[{"href":"https:\/\/caigualdotadino.it\/index.php?rest_route=%2Fwp%2Fv2%2Fmedia&parent=3925"}],"wp:term":[{"taxonomy":"category","embeddable":true,"href":"https:\/\/caigualdotadino.it\/index.php?rest_route=%2Fwp%2Fv2%2Fcategories&post=3925"},{"taxonomy":"post_tag","embeddable":true,"href":"https:\/\/caigualdotadino.it\/index.php?rest_route=%2Fwp%2Fv2%2Ftags&post=3925"}],"curies":[{"name":"wp","href":"https:\/\/api.w.org\/{rel}","templated":true}]}}