{"id":391,"date":"2018-07-05T18:54:06","date_gmt":"2018-07-05T16:54:06","guid":{"rendered":"http:\/\/caigualdotadino.it\/2018\/07\/05\/domenica-8-luglio-escursio-al-m-san-vicino\/"},"modified":"2021-02-28T16:27:09","modified_gmt":"2021-02-28T15:27:09","slug":"domenica-8-luglio-escursio-al-m-san-vicino","status":"publish","type":"post","link":"https:\/\/caigualdotadino.it\/?p=391","title":{"rendered":"Domenica 8 Luglio &#8211; Escursione al M. San Vicino"},"content":{"rendered":"<div>Itinerario: pian dell&#8217;Elmo &#8211; Poggio San Romualdo &#8211; Abbazia di Val di Castro<\/div>\n<div>Durata escursione: 4 ore circa<\/div>\n<div>Abbigliamento adeguato al trekking (giacca a vento, scarponi, berretto ecc&#8230;)<\/div>\n<div>Lunghezza 12km circa<\/div>\n<div>Dislivello 400 metri circa<\/div>\n<\/p>\n<div>Partenza con mezzi propri dal parcheggio del Famila alle ore 7:00.<\/div>\n<\/p>\n<div>Si pu\u00f2 pranzare all&#8217;interno dell&#8217;abbazia Val di Castro (edificio romanico del XII secolo) presso l&#8217;agriturismo cooperativa San Romualdo. Il pranzo ha un costo indicativo di 22 euro cadauno. La prenotazione per pranzare all&#8217;interno dell&#8217;abbazia \u00e8 obbligatoria. il termine massimo \u00e8 fissato entro e non oltre le ore 20 di venerd\u00ec 6 Luglio. Chi vuole pranzare al sacco (viveri propri) potr\u00e0 farlo e usufruire degli spazi esterni dell&#8217;abbazia.<\/div>\n<\/p>\n<div>Per info: Mauro Tavone 333 5275139<\/div>\n","protected":false},"excerpt":{"rendered":"<p>Itinerario: pian dell&#8217;Elmo &#8211; Poggio San Romualdo &#8211; Abbazia di Val di Castro Durata escursione: 4 ore circa Abbigliamento adeguato al trekking (giacca a vento, &hellip;<\/p>\n","protected":false},"author":1,"featured_media":0,"comment_status":"closed","ping_status":"closed","sticky":false,"template":"","format":"standard","meta":{"_jetpack_memberships_contains_paid_content":false,"footnotes":""},"categories":[34,35],"tags":[],"class_list":["post-391","post","type-post","status-publish","format-standard","hentry","category-archivio","category-escursioni"],"jetpack_featured_media_url":"","jetpack-related-posts":[{"id":316,"url":"https:\/\/caigualdotadino.it\/?p=316","url_meta":{"origin":391,"position":0},"title":"Domenica 12 Giugno &#8211; Abbazie e castelli di Salmaregia","author":"pigiax","date":"8 Giugno 2016","format":false,"excerpt":"Itinerario: Castello di Balvedere e Orsaia - Abbazia di San Biagio in Caprile - La Romintella - Castello di Salmaregia - Castello di Oreve - Rocca di Laverino Durata escursione: 6h circa soste comprese Difficolt\u00e0: E Dislivello: 500 m circa Lunghezza totale del percorso: 15 km circa Ritrovo al parcheggio\u2026","rel":"","context":"In &quot;4 - ARCHIVIO&quot;","block_context":{"text":"4 - ARCHIVIO","link":"https:\/\/caigualdotadino.it\/?cat=34"},"img":{"alt_text":"","src":"","width":0,"height":0},"classes":[]},{"id":353,"url":"https:\/\/caigualdotadino.it\/?p=353","url_meta":{"origin":391,"position":1},"title":"Domenica 25 Giugno &#8211; Valle di Salmaregia","author":"pigiax","date":"19 Giugno 2017","format":false,"excerpt":"Escursione tra abbazie e castelli nella valle di Salmaregia. Itinerario di massima: sorgenti del Potenza - Rocca di Laverino - Castello di Orve - Castello di Salmaregia - Castello di Orsaia e Belvedere Durata escursione: 7h e 30 circa soste comprese Difficolt\u00e0: E Dislivello: 500 mt Lunghezza totale del percorso:\u2026","rel":"","context":"In &quot;4 - ARCHIVIO&quot;","block_context":{"text":"4 - ARCHIVIO","link":"https:\/\/caigualdotadino.it\/?cat=34"},"img":{"alt_text":"","src":"","width":0,"height":0},"classes":[]},{"id":5903,"url":"https:\/\/caigualdotadino.it\/?p=5903","url_meta":{"origin":391,"position":2},"title":"Domenica 24 luglio Valsorda- Monte Alago","author":"pigiax","date":"19 Luglio 2022","format":"gallery","excerpt":"Club Alpino Italiano Sezione di Gualdo Tadino Partenza: ore 07,00 da Valsorda (di fronte al ristorante Clelia) Itinerario: Valsorda- Chiavellara- Pian delle Vescole- Val del Pero -Trivio di Luticchio- Monte Merlana- Monte Alago Tempo di percorrenza : 5h 30\u2019 circa Difficolt\u00e0: EE per la lunghezza di circa 20 Km Lunghezza:\u2026","rel":"","context":"In &quot;4 - ARCHIVIO&quot;","block_context":{"text":"4 - ARCHIVIO","link":"https:\/\/caigualdotadino.it\/?cat=34"},"img":{"alt_text":"Questa immagine ha l'attributo alt vuoto; il nome del file \u00e8 image.png","src":"https:\/\/i0.wp.com\/caigualdotadino.it\/wp-content\/uploads\/2021\/05\/image.png?resize=350%2C200&ssl=1","width":350,"height":200},"classes":[]},{"id":195,"url":"https:\/\/caigualdotadino.it\/?p=195","url_meta":{"origin":391,"position":3},"title":"15 Settembre &#8211; Valsorda Monte Alago","author":"pigiax","date":"11 Settembre 2013","format":false,"excerpt":"Valsorda- Monte Alago (Valsorda- M. Serrasanta- Val del Pero - M. Merlana- M. Alago) Tempo di percorrenza: 5h circa Ritrovo e partenza: ore 7,45 da Valsorda Difficolt\u00e0: EE (per la lunghezza) Pranzo: possibilit\u00e0 di pranzare presso il ristorante Cinicchia a M. Alago Ritorno: nel primo pomeriggio con mezzi propri da\u2026","rel":"","context":"In &quot;4 - ARCHIVIO&quot;","block_context":{"text":"4 - ARCHIVIO","link":"https:\/\/caigualdotadino.it\/?cat=34"},"img":{"alt_text":"","src":"","width":0,"height":0},"classes":[]},{"id":3947,"url":"https:\/\/caigualdotadino.it\/?p=3947","url_meta":{"origin":391,"position":4},"title":"Escursione Domenica 27 giugno","author":"pigiax","date":"22 Giugno 2021","format":"gallery","excerpt":"Club Alpino Italiano Sezione di Gualdo Tadino TRAVERSATA SUL MONTE CONERO INTERSEZIONALE CON IL CAI DI ANCONA PARTENZA CON MEZZI PROPRI DAL PARCHEGGIO \u201cGALA\u2019\u201d ALLE ORE 7:30 ITINERARIO: POGGIO \u2013 PIAN GRANDE \u2013 EREMO DI SAN PIETRO \u2013 PIAN DI RAGGETTI \u2013 PIAN DEI CILIEGI \u2013 EX CAVA BIVIO MASSIGNANO\u2026","rel":"","context":"In &quot;4 - ARCHIVIO&quot;","block_context":{"text":"4 - ARCHIVIO","link":"https:\/\/caigualdotadino.it\/?cat=34"},"img":{"alt_text":"","src":"https:\/\/i0.wp.com\/caigualdotadino.it\/wp-content\/uploads\/2021\/05\/image.png?resize=350%2C200&ssl=1","width":350,"height":200},"classes":[]},{"id":309,"url":"https:\/\/caigualdotadino.it\/?p=309","url_meta":{"origin":391,"position":5},"title":"Domenica 24 Aprile &#8211; Sentiero degli Occhialoni e Grotte di Frasassi","author":"pigiax","date":"20 Aprile 2016","format":false,"excerpt":"Il ritrovo \u00e8 alle 8 al Piazzale Baden Powell (Famila) e trasferimento con mezzi propri a Pierosara da dove, alle ore 10, inizia l'escursione. Si percorre un sentiero con poco dislivello, molto caratteristico con tratti nel bosco, in cenge, creste e un meraviglioso panorama sulle grotte di Frasassi. Lungo l'itinerario\u2026","rel":"","context":"In &quot;4 - ARCHIVIO&quot;","block_context":{"text":"4 - ARCHIVIO","link":"https:\/\/caigualdotadino.it\/?cat=34"},"img":{"alt_text":"","src":"","width":0,"height":0},"classes":[]}],"jetpack_sharing_enabled":true,"_links":{"self":[{"href":"https:\/\/caigualdotadino.it\/index.php?rest_route=\/wp\/v2\/posts\/391","targetHints":{"allow":["GET"]}}],"collection":[{"href":"https:\/\/caigualdotadino.it\/index.php?rest_route=\/wp\/v2\/posts"}],"about":[{"href":"https:\/\/caigualdotadino.it\/index.php?rest_route=\/wp\/v2\/types\/post"}],"author":[{"embeddable":true,"href":"https:\/\/caigualdotadino.it\/index.php?rest_route=\/wp\/v2\/users\/1"}],"replies":[{"embeddable":true,"href":"https:\/\/caigualdotadino.it\/index.php?rest_route=%2Fwp%2Fv2%2Fcomments&post=391"}],"version-history":[{"count":1,"href":"https:\/\/caigualdotadino.it\/index.php?rest_route=\/wp\/v2\/posts\/391\/revisions"}],"predecessor-version":[{"id":790,"href":"https:\/\/caigualdotadino.it\/index.php?rest_route=\/wp\/v2\/posts\/391\/revisions\/790"}],"wp:attachment":[{"href":"https:\/\/caigualdotadino.it\/index.php?rest_route=%2Fwp%2Fv2%2Fmedia&parent=391"}],"wp:term":[{"taxonomy":"category","embeddable":true,"href":"https:\/\/caigualdotadino.it\/index.php?rest_route=%2Fwp%2Fv2%2Fcategories&post=391"},{"taxonomy":"post_tag","embeddable":true,"href":"https:\/\/caigualdotadino.it\/index.php?rest_route=%2Fwp%2Fv2%2Ftags&post=391"}],"curies":[{"name":"wp","href":"https:\/\/api.w.org\/{rel}","templated":true}]}}