{"id":390,"date":"2018-06-29T08:26:56","date_gmt":"2018-06-29T06:26:56","guid":{"rendered":"http:\/\/caigualdotadino.it\/2018\/06\/29\/domenica-1-luglio-traversata-monte-conero\/"},"modified":"2021-02-28T16:27:09","modified_gmt":"2021-02-28T15:27:09","slug":"domenica-1-luglio-traversata-monte-conero","status":"publish","type":"post","link":"https:\/\/caigualdotadino.it\/?p=390","title":{"rendered":"Domenica 1 Luglio &#8211; Traversata Monte Conero"},"content":{"rendered":"<div>Itinerario: Poggio di Ancona, sentiero 301, bivio Passo del Lupo, Sirolo, Sassi Neri, Spiaggia San Michele (con bagno finale)<\/div>\n<div>Partenza : ore 7,15 dal piazzale Famila<\/div>\n<div>Dislivello : 400m piu&#8217; risalita dalla spiaggia<\/div>\n<div>Durata escursione : ore 5,00 circa<\/div>\n<div>Chilometri complessivi : 13,00 circa<\/div>\n<div>Pranzo: al sacco(si consiglia di portare acqua in abbondanza causa assenza fonti lungo il percorso).<\/div>\n<div>Portare:costume da bagno e ciabatte<\/div>\n<div>Rientro: previsto nel tardo pomeriggio.<\/div>\n<\/p>\n<div>Per informazioni contattare seguenti numeri<\/div>\n<div>TAVONE MAURO            3335275139<\/div>\n<div>SANTARELLI ANGELO   3288486034  3388895769<\/div>\n","protected":false},"excerpt":{"rendered":"<p>Itinerario: Poggio di Ancona, sentiero 301, bivio Passo del Lupo, Sirolo, Sassi Neri, Spiaggia San Michele (con bagno finale) Partenza : ore 7,15 dal piazzale &hellip;<\/p>\n","protected":false},"author":1,"featured_media":0,"comment_status":"closed","ping_status":"closed","sticky":false,"template":"","format":"standard","meta":{"_jetpack_memberships_contains_paid_content":false,"footnotes":""},"categories":[34,35],"tags":[],"class_list":["post-390","post","type-post","status-publish","format-standard","hentry","category-archivio","category-escursioni"],"jetpack_featured_media_url":"","jetpack-related-posts":[{"id":3925,"url":"https:\/\/caigualdotadino.it\/?p=3925","url_meta":{"origin":390,"position":0},"title":"TREKKING NEL CILENTO","author":"Antonella Recchioni","date":"20 Settembre 2021","format":"gallery","excerpt":"Club Alpino Italiano Sezione di Gualdo Tadino propone un trekking nel Cilento in collaborazione con l\u2019associazione Naturaliter. Dal 27 settembre al 4 ottobre PROGRAMMA Durata: 8 giorni \/ 7 notti. 1\u00b0 giorno: Luned\u00ec 27 settembre Benvenuti al SudArrivo alla stazione FS di Agropoli. Incontro con la guida e transfert di\u2026","rel":"","context":"In &quot;4 - ARCHIVIO&quot;","block_context":{"text":"4 - ARCHIVIO","link":"https:\/\/caigualdotadino.it\/?cat=34"},"img":{"alt_text":"","src":"https:\/\/i0.wp.com\/caigualdotadino.it\/wp-content\/uploads\/2021\/05\/image.png?resize=350%2C200&ssl=1","width":350,"height":200},"classes":[]},{"id":347,"url":"https:\/\/caigualdotadino.it\/?p=347","url_meta":{"origin":390,"position":1},"title":"Domenica 7 Maggio &#8211; Raduno regionale a Spoleto","author":"pigiax","date":"3 Maggio 2017","format":false,"excerpt":"Itinerario: Ponti della Caprareggia - Eggi Durata escursione 3h30\u2019 ore circa soste comprese (difficolt\u00e0 E) Dislivello: 350m circa Lunghezza: 12 km circa Partenza dal parcheggio del Famila alle ore 7:30 Alle ore 13:30 \u00e8 previsto un momento conviviale nella frazione di Eggi (comunque \u00e8 bene portare un minimo di viveri\u2026","rel":"","context":"In &quot;4 - ARCHIVIO&quot;","block_context":{"text":"4 - ARCHIVIO","link":"https:\/\/caigualdotadino.it\/?cat=34"},"img":{"alt_text":"","src":"","width":0,"height":0},"classes":[]},{"id":388,"url":"https:\/\/caigualdotadino.it\/?p=388","url_meta":{"origin":390,"position":2},"title":"Domenica 17 Giugno &#8211; Da Fonte Avellana alla cima del Catria","author":"pigiax","date":"13 Giugno 2018","format":false,"excerpt":"Percorso: Si inizia l\u2019escursione da Fonte Avellana e si sale\u00a0per il sentiero nr 77 attraversando monumentali faggete e antichi sentieri fino alla cima\u00a0del Monte Catria. In discesa si percorrer\u00e0 il sentiero nr 69. Partenza: ore 7,30 dal parcheggio Famila (con mezzi propri) Inizio escursione: ore 8,30 circa Dislivello: 1000 m\u2026","rel":"","context":"In &quot;4 - ARCHIVIO&quot;","block_context":{"text":"4 - ARCHIVIO","link":"https:\/\/caigualdotadino.it\/?cat=34"},"img":{"alt_text":"","src":"","width":0,"height":0},"classes":[]},{"id":11421,"url":"https:\/\/caigualdotadino.it\/?p=11421","url_meta":{"origin":390,"position":3},"title":"Trekking nella Sardegna Sud-Occidentale dal 12 al 19 Settembre 2026","author":"Antonella Recchioni","date":"5 Dicembre 2025","format":"gallery","excerpt":"Trekking nella Sardegna Sud-Occidentale dal 12 al 19 Settembre 2026 Il filo conduttore di buona parte di questa settimana sono le miniere, siti dismessi ma non dimenticati, oggi valorizzati grazie ai percorsi escursionistici a rimarcare ancora l\u2019importanza che l\u2019estrazione mineraria ha avuto, in particolare tra l\u2019800 e il 900, per\u2026","rel":"","context":"In &quot;4 - ARCHIVIO&quot;","block_context":{"text":"4 - ARCHIVIO","link":"https:\/\/caigualdotadino.it\/?cat=34"},"img":{"alt_text":"","src":"https:\/\/i0.wp.com\/caigualdotadino.it\/wp-content\/uploads\/2025\/12\/image.png?resize=350%2C200&ssl=1","width":350,"height":200,"srcset":"https:\/\/i0.wp.com\/caigualdotadino.it\/wp-content\/uploads\/2025\/12\/image.png?resize=350%2C200&ssl=1 1x, https:\/\/i0.wp.com\/caigualdotadino.it\/wp-content\/uploads\/2025\/12\/image.png?resize=525%2C300&ssl=1 1.5x"},"classes":[]},{"id":358,"url":"https:\/\/caigualdotadino.it\/?p=358","url_meta":{"origin":390,"position":4},"title":"Domenica 13 Agosto &#8211; Escursione a Monte Cucco","author":"pigiax","date":"8 Agosto 2017","format":false,"excerpt":"Partenza ore 07,45 \u2013 (parcheggio Famila) con mezzi propri Partenza escursione- 8,15 circa da Val di Ranco Percorso- Val di Ranco, sentiero nr 2 (per Pian di Monte, ingresso grotta, Valrachena, Pian delle Macinare) - ritorno a Val di Ranco per il sentiero nr 1 (sentiero Italia). Tempo di percorrenza-\u2026","rel":"","context":"In &quot;4 - ARCHIVIO&quot;","block_context":{"text":"4 - ARCHIVIO","link":"https:\/\/caigualdotadino.it\/?cat=34"},"img":{"alt_text":"","src":"","width":0,"height":0},"classes":[]},{"id":294,"url":"https:\/\/caigualdotadino.it\/?p=294","url_meta":{"origin":390,"position":5},"title":"Domenica 28 Giugno &#8211; Rio Vitoschio","author":"pigiax","date":"23 Giugno 2015","format":false,"excerpt":"Discesa del Rio Vitoschio - comune di Piobbico (PU) Durata escursione 5h circa Difficolt\u00e0: EE Partenza con mezzi propri dal parcheggio del Famila di Gualdo Tadino alle ore 6:45. NB: parte del percorso si svolge all'interno dell'alveo di ruscelli, pertanto si consiglia di portare un vestiario di ricambio completo, scarpe\u2026","rel":"","context":"In &quot;4 - ARCHIVIO&quot;","block_context":{"text":"4 - ARCHIVIO","link":"https:\/\/caigualdotadino.it\/?cat=34"},"img":{"alt_text":"","src":"","width":0,"height":0},"classes":[]}],"jetpack_sharing_enabled":true,"_links":{"self":[{"href":"https:\/\/caigualdotadino.it\/index.php?rest_route=\/wp\/v2\/posts\/390","targetHints":{"allow":["GET"]}}],"collection":[{"href":"https:\/\/caigualdotadino.it\/index.php?rest_route=\/wp\/v2\/posts"}],"about":[{"href":"https:\/\/caigualdotadino.it\/index.php?rest_route=\/wp\/v2\/types\/post"}],"author":[{"embeddable":true,"href":"https:\/\/caigualdotadino.it\/index.php?rest_route=\/wp\/v2\/users\/1"}],"replies":[{"embeddable":true,"href":"https:\/\/caigualdotadino.it\/index.php?rest_route=%2Fwp%2Fv2%2Fcomments&post=390"}],"version-history":[{"count":1,"href":"https:\/\/caigualdotadino.it\/index.php?rest_route=\/wp\/v2\/posts\/390\/revisions"}],"predecessor-version":[{"id":792,"href":"https:\/\/caigualdotadino.it\/index.php?rest_route=\/wp\/v2\/posts\/390\/revisions\/792"}],"wp:attachment":[{"href":"https:\/\/caigualdotadino.it\/index.php?rest_route=%2Fwp%2Fv2%2Fmedia&parent=390"}],"wp:term":[{"taxonomy":"category","embeddable":true,"href":"https:\/\/caigualdotadino.it\/index.php?rest_route=%2Fwp%2Fv2%2Fcategories&post=390"},{"taxonomy":"post_tag","embeddable":true,"href":"https:\/\/caigualdotadino.it\/index.php?rest_route=%2Fwp%2Fv2%2Ftags&post=390"}],"curies":[{"name":"wp","href":"https:\/\/api.w.org\/{rel}","templated":true}]}}