{"id":3866,"date":"2021-06-07T21:08:46","date_gmt":"2021-06-07T19:08:46","guid":{"rendered":"https:\/\/caigualdotadino.it\/?p=3866"},"modified":"2021-09-21T11:15:45","modified_gmt":"2021-09-21T09:15:45","slug":"escursione-domenica-13-giugno","status":"publish","type":"post","link":"https:\/\/caigualdotadino.it\/?p=3866","title":{"rendered":"Escursione domenica 13 giugno"},"content":{"rendered":"<p><a href=\"https:\/\/caigualdotadino.it\/wp-content\/uploads\/2021\/06\/Escursione-domenica-13-giugno.jpg\" rel=\"attachment wp-att-3867\"><img loading=\"lazy\" decoding=\"async\" class=\"alignnone  wp-image-3867\" title=\"escursione-domenica-13-giugno-jpg\" src=\"https:\/\/caigualdotadino.it\/wp-content\/uploads\/2021\/06\/Escursione-domenica-13-giugno.jpg\" alt=\"\" width=\"868\" height=\"1178\" srcset=\"https:\/\/caigualdotadino.it\/wp-content\/uploads\/2021\/06\/Escursione-domenica-13-giugno.jpg 755w, https:\/\/caigualdotadino.it\/wp-content\/uploads\/2021\/06\/Escursione-domenica-13-giugno-221x300.jpg 221w\" sizes=\"auto, (max-width: 868px) 100vw, 868px\" \/><\/a><\/p>\n","protected":false},"excerpt":{"rendered":"","protected":false},"author":1,"featured_media":0,"comment_status":"closed","ping_status":"closed","sticky":false,"template":"","format":"gallery","meta":{"_jetpack_memberships_contains_paid_content":false,"footnotes":""},"categories":[34,35],"tags":[],"class_list":["post-3866","post","type-post","status-publish","format-gallery","hentry","category-archivio","category-escursioni","post_format-post-format-gallery"],"jetpack_featured_media_url":"","jetpack-related-posts":[{"id":412,"url":"https:\/\/caigualdotadino.it\/?p=412","url_meta":{"origin":3866,"position":0},"title":"Domenica 16 Giugno &#8211; Montagne in movimento","author":"pigiax","date":"13 Giugno 2019","format":false,"excerpt":"","rel":"","context":"In &quot;4 - ARCHIVIO&quot;","block_context":{"text":"4 - ARCHIVIO","link":"https:\/\/caigualdotadino.it\/?cat=34"},"img":{"alt_text":"locandina 2 serrasanta montagne in movimento 2019_page-0001","src":"https:\/\/i0.wp.com\/caigualdotadino.it\/wp-content\/uploads\/2019\/06\/locandina-2-serrasanta-montagne-in-movimento-2019_page-0001.jpg?resize=350%2C200&ssl=1","width":350,"height":200},"classes":[]},{"id":7692,"url":"https:\/\/caigualdotadino.it\/?p=7692","url_meta":{"origin":3866,"position":1},"title":"Domenica 04 giugno &#8211; RADUNO REGIONALE CAI UMBRIA","author":"Antonella Recchioni","date":"13 Maggio 2023","format":"gallery","excerpt":"RADUNO REGIONALE CAI UMBRIA Organizzato dalla Sezione CAI Orvieto RADUNO-REGIONALE-CAI-ORVIETO-2023Download","rel":"","context":"In &quot;4 - ARCHIVIO&quot;","block_context":{"text":"4 - ARCHIVIO","link":"https:\/\/caigualdotadino.it\/?cat=34"},"img":{"alt_text":"","src":"","width":0,"height":0},"classes":[]},{"id":410,"url":"https:\/\/caigualdotadino.it\/?p=410","url_meta":{"origin":3866,"position":2},"title":"Domenica 9 Giugno &#8211; Castelli di Salmaregia","author":"pigiax","date":"6 Giugno 2019","format":false,"excerpt":"","rel":"","context":"In &quot;4 - ARCHIVIO&quot;","block_context":{"text":"4 - ARCHIVIO","link":"https:\/\/caigualdotadino.it\/?cat=34"},"img":{"alt_text":"","src":"","width":0,"height":0},"classes":[]},{"id":387,"url":"https:\/\/caigualdotadino.it\/?p=387","url_meta":{"origin":3866,"position":3},"title":"Domenica 10 Giugno &#8211; Raduno Regionale a Gubbio","author":"pigiax","date":"6 Giugno 2018","format":false,"excerpt":"Ore 9.00: Ritrovo dei partecipanti al Teatro Romano Ore 9.30: Inizio escursioni Ore 13.30: Pranzo offerto dalla Sezione di Gubbio sotto gli \"arconi\" di Piazza Grande Ore 15.00: Saluto delle autorit\u00e0 ed esibizione della Banda musicale di Madonna del Ponte e degli Sbandieratori di Gubbio. Per i dettagli sulle varie\u2026","rel":"","context":"In &quot;4 - ARCHIVIO&quot;","block_context":{"text":"4 - ARCHIVIO","link":"https:\/\/caigualdotadino.it\/?cat=34"},"img":{"alt_text":"","src":"","width":0,"height":0},"classes":[]},{"id":291,"url":"https:\/\/caigualdotadino.it\/?p=291","url_meta":{"origin":3866,"position":4},"title":"Domenica 21 Giugno &#8211; Raduno regionale","author":"pigiax","date":"29 Maggio 2015","format":false,"excerpt":"Domenica 21 Giugno si terr\u00e0 il Raduno Regionale organizzato dal gruppo CAI di Citt\u00e0 di Castello. In allegato il programma ricco di attivit\u00e0.","rel":"","context":"In &quot;4 - ARCHIVIO&quot;","block_context":{"text":"4 - ARCHIVIO","link":"https:\/\/caigualdotadino.it\/?cat=34"},"img":{"alt_text":"","src":"","width":0,"height":0},"classes":[]},{"id":7879,"url":"https:\/\/caigualdotadino.it\/?p=7879","url_meta":{"origin":3866,"position":5},"title":"Domenica 25 giugno &#8211; Giornata Nazionale Sentiero Italia","author":"Antonella Recchioni","date":"21 Giugno 2023","format":"gallery","excerpt":"","rel":"","context":"In &quot;4 - ARCHIVIO&quot;","block_context":{"text":"4 - ARCHIVIO","link":"https:\/\/caigualdotadino.it\/?cat=34"},"img":{"alt_text":"","src":"https:\/\/i0.wp.com\/caigualdotadino.it\/wp-content\/uploads\/2023\/06\/LOCANDINA-25.06.2023-PERCORSO_page-0001-150x150.jpg?resize=350%2C200&ssl=1","width":350,"height":200,"srcset":"https:\/\/i0.wp.com\/caigualdotadino.it\/wp-content\/uploads\/2023\/06\/LOCANDINA-25.06.2023-PERCORSO_page-0001-150x150.jpg?resize=350%2C200&ssl=1 1x, https:\/\/i0.wp.com\/caigualdotadino.it\/wp-content\/uploads\/2023\/06\/LOCANDINA-25.06.2023-PERCORSO_page-0001-150x150.jpg?resize=525%2C300&ssl=1 1.5x, https:\/\/i0.wp.com\/caigualdotadino.it\/wp-content\/uploads\/2023\/06\/LOCANDINA-25.06.2023-PERCORSO_page-0001-150x150.jpg?resize=700%2C400&ssl=1 2x"},"classes":[]}],"jetpack_sharing_enabled":true,"_links":{"self":[{"href":"https:\/\/caigualdotadino.it\/index.php?rest_route=\/wp\/v2\/posts\/3866","targetHints":{"allow":["GET"]}}],"collection":[{"href":"https:\/\/caigualdotadino.it\/index.php?rest_route=\/wp\/v2\/posts"}],"about":[{"href":"https:\/\/caigualdotadino.it\/index.php?rest_route=\/wp\/v2\/types\/post"}],"author":[{"embeddable":true,"href":"https:\/\/caigualdotadino.it\/index.php?rest_route=\/wp\/v2\/users\/1"}],"replies":[{"embeddable":true,"href":"https:\/\/caigualdotadino.it\/index.php?rest_route=%2Fwp%2Fv2%2Fcomments&post=3866"}],"version-history":[{"count":4,"href":"https:\/\/caigualdotadino.it\/index.php?rest_route=\/wp\/v2\/posts\/3866\/revisions"}],"predecessor-version":[{"id":3871,"href":"https:\/\/caigualdotadino.it\/index.php?rest_route=\/wp\/v2\/posts\/3866\/revisions\/3871"}],"wp:attachment":[{"href":"https:\/\/caigualdotadino.it\/index.php?rest_route=%2Fwp%2Fv2%2Fmedia&parent=3866"}],"wp:term":[{"taxonomy":"category","embeddable":true,"href":"https:\/\/caigualdotadino.it\/index.php?rest_route=%2Fwp%2Fv2%2Fcategories&post=3866"},{"taxonomy":"post_tag","embeddable":true,"href":"https:\/\/caigualdotadino.it\/index.php?rest_route=%2Fwp%2Fv2%2Ftags&post=3866"}],"curies":[{"name":"wp","href":"https:\/\/api.w.org\/{rel}","templated":true}]}}