{"id":3827,"date":"2021-06-02T12:12:00","date_gmt":"2021-06-02T10:12:00","guid":{"rendered":"https:\/\/caigualdotadino.it\/?p=3827"},"modified":"2021-09-21T11:16:00","modified_gmt":"2021-09-21T09:16:00","slug":"annullata-la-notturna-valtopina-spello-2","status":"publish","type":"post","link":"https:\/\/caigualdotadino.it\/?p=3827","title":{"rendered":"Notturna Valtopina-Spello"},"content":{"rendered":"\n<div class=\"wp-block-image is-style-default\"><figure class=\"alignleft\"><img loading=\"lazy\" decoding=\"async\" width=\"135\" height=\"109\" src=\"https:\/\/caigualdotadino.it\/wp-content\/uploads\/2021\/05\/image.png\" alt=\"\" class=\"wp-image-3678\"\/><\/figure><\/div>\n\n\n\n<p>Club Alpino Italiano&nbsp;<\/p>\n\n\n\n<p>Sezione di Gualdo Tadino<\/p>\n\n\n\n<p><\/p>\n\n\n\n<h3 class=\"wp-block-heading\"><span style=\"color:#b0070c\" class=\"has-inline-color\">Annullata la notturna VALTOPINA &#8211; SPELLO<\/span><\/h3>\n\n\n\n<p>PERCHE&#8217; L&#8217;INFIORATA NON SI FARA&#8217; NEANCHE QUEST&#8217;ANNO.<\/p>\n\n\n\n<!--more-->\n\n\n\n<figure class=\"wp-block-image size-full is-style-default\"><img decoding=\"async\" src=\"https:\/\/caigualdotadino.it\/wp-content\/uploads\/2021\/06\/INFIORATApng.png\" alt=\"\" class=\"wp-image-3820\"\/><\/figure>\n\n\n\n<p>Nel programmare l\u2019attivit\u00e0 escursionistica per il 2021, eravamo stati fiduciosi e per sabato 5 nel calendario avevamo inserito l\u2019ormai tradizionale notturna Valtopina-Spello. Causa covid 19, per\u00f2, l\u2019infiorata \u00e8 stata annullata anche quest\u2019anno e di conseguenza non faremo nemmeno la notturna.<br>L\u2019appuntamento \u00e8 rinviato al 18 giugno 2022 (sperando che a quella data il virus sia ormai un brutto e lontano ricordo).<\/p>\n\n\n\n<p>La prossima escursione sar\u00e0 quindi quella di domenica 13 giugno PIAN DELLE MACINARE \u2013 PIAN DI ROLLA \u2013 PASCELUPO \u2013 ISOLA FOSSARA.<br>Nei prossimi giorni verr\u00e0 comunicato il programma.<\/p>\n\n\n\n<p><a href=\"https:\/\/caigualdotadino.it\/wp-content\/uploads\/2021\/06\/Valtopina-Spello-annullata.pdf\">Valtopina-Spello annullata.pdf<\/a><\/p>\n","protected":false},"excerpt":{"rendered":"<p>Club Alpino Italiano&nbsp; Sezione di Gualdo Tadino Annullata la notturna VALTOPINA &#8211; SPELLO PERCHE&#8217; L&#8217;INFIORATA NON SI FARA&#8217; NEANCHE QUEST&#8217;ANNO.<\/p>\n","protected":false},"author":2,"featured_media":0,"comment_status":"closed","ping_status":"closed","sticky":false,"template":"","format":"gallery","meta":{"_jetpack_memberships_contains_paid_content":false,"footnotes":""},"categories":[34,35],"tags":[],"class_list":["post-3827","post","type-post","status-publish","format-gallery","hentry","category-archivio","category-escursioni","post_format-post-format-gallery"],"jetpack_featured_media_url":"","jetpack-related-posts":[{"id":413,"url":"https:\/\/caigualdotadino.it\/?p=413","url_meta":{"origin":3827,"position":0},"title":"Sabato 22 Giugno &#8211; Notturna Valtopina Spello","author":"pigiax","date":"20 Giugno 2019","format":false,"excerpt":"","rel":"","context":"In &quot;4 - ARCHIVIO&quot;","block_context":{"text":"4 - ARCHIVIO","link":"https:\/\/caigualdotadino.it\/?cat=34"},"img":{"alt_text":"","src":"","width":0,"height":0},"classes":[]},{"id":10000,"url":"https:\/\/caigualdotadino.it\/?p=10000","url_meta":{"origin":3827,"position":1},"title":"Notturna Valtopina-Spello &#8211; 01\/06\/2024","author":"Antonella Recchioni","date":"27 Maggio 2024","format":"gallery","excerpt":"NB: Per chi lo desidera il mulino Buccilli servir\u00e0 un pasto a 20 euro (vino della casa compreso). Chi intende usufruirne dovr\u00e0 comunicarlo entro le ore 18 di venerd\u00ec 31 maggio a:Daniela Anastasi 3332528145 (anche tramite la chat del Gruppo CAI)","rel":"","context":"In &quot;4 - ARCHIVIO&quot;","block_context":{"text":"4 - ARCHIVIO","link":"https:\/\/caigualdotadino.it\/?cat=34"},"img":{"alt_text":"","src":"https:\/\/i0.wp.com\/caigualdotadino.it\/wp-content\/uploads\/2024\/05\/Valtopina-Spello_page-0001.jpg?resize=350%2C200&ssl=1","width":350,"height":200,"srcset":"https:\/\/i0.wp.com\/caigualdotadino.it\/wp-content\/uploads\/2024\/05\/Valtopina-Spello_page-0001.jpg?resize=350%2C200&ssl=1 1x, https:\/\/i0.wp.com\/caigualdotadino.it\/wp-content\/uploads\/2024\/05\/Valtopina-Spello_page-0001.jpg?resize=525%2C300&ssl=1 1.5x, https:\/\/i0.wp.com\/caigualdotadino.it\/wp-content\/uploads\/2024\/05\/Valtopina-Spello_page-0001.jpg?resize=700%2C400&ssl=1 2x"},"classes":[]},{"id":182,"url":"https:\/\/caigualdotadino.it\/?p=182","url_meta":{"origin":3827,"position":2},"title":"Sabato 1 Giugno &#8211; Notturna per l&#8217;Infiorata a Spello","author":"pigiax","date":"29 Maggio 2013","format":false,"excerpt":"Partenza: ore 18:30 dalla piazza del mercato di Gualdo Tadino con mezzi propri fino a raggiungere Valtopina \u00a0\u00a0\u00a0\u00a0\u00a0\u00a0\u00a0\u00a0\u00a0\u00a0\u00a0\u00a0\u00a0 ore 20 inizio escursione Lunghezza: 15 km su strade asfaltate Dislivello: 300 mt in salita e circa 300 mt in discesa E' necessario portare una torcia elettrica Sosta al Molino di Valentino\u2026","rel":"","context":"In &quot;4 - ARCHIVIO&quot;","block_context":{"text":"4 - ARCHIVIO","link":"https:\/\/caigualdotadino.it\/?cat=34"},"img":{"alt_text":"","src":"","width":0,"height":0},"classes":[]},{"id":314,"url":"https:\/\/caigualdotadino.it\/?p=314","url_meta":{"origin":3827,"position":3},"title":"Sabato 28 Maggio &#8211; Notturna Valtopina Spello","author":"pigiax","date":"23 Maggio 2016","format":false,"excerpt":"Lunghezza percorso: Km 15 su strade (in parte) asfaltate Dislivello: 300 m. in salita 300 m circa in discesa. Oltre il normale equipaggiamento da escursione, portare una torcia elettrica. Partenza: Ore 19,00 di sabato 28 maggio dalla piazza del mercato di Gualdo Tadino (si raggiunge Valtopina con mezzi propri). Inizio\u2026","rel":"","context":"In &quot;4 - ARCHIVIO&quot;","block_context":{"text":"4 - ARCHIVIO","link":"https:\/\/caigualdotadino.it\/?cat=34"},"img":{"alt_text":"","src":"","width":0,"height":0},"classes":[]},{"id":386,"url":"https:\/\/caigualdotadino.it\/?p=386","url_meta":{"origin":3827,"position":4},"title":"Sabato 2 Giugno &#8211; Notturna Valtopina Spello per l&#8217;infiorata","author":"pigiax","date":"29 Maggio 2018","format":false,"excerpt":"Lunghezza percorso: Km 15 su strade (in parte) asfaltate Dislivello: 300 m. in salita 300 m circa in discesa. Oltre il normale equipaggiamento da escursione, portare una torcia elettrica ed un gilet catarifrangente (va bene quello della macchina). Partenza: Ore 18,45 di sabato 2 giugno dalla piazza del mercato di\u2026","rel":"","context":"In &quot;4 - ARCHIVIO&quot;","block_context":{"text":"4 - ARCHIVIO","link":"https:\/\/caigualdotadino.it\/?cat=34"},"img":{"alt_text":"","src":"","width":0,"height":0},"classes":[]},{"id":11150,"url":"https:\/\/caigualdotadino.it\/?p=11150","url_meta":{"origin":3827,"position":5},"title":"A Grello per l\u2019inizio della festa (in sostituzione di Valtopina Spello) &#8211; 21\/06\/202","author":"Antonella Recchioni","date":"18 Giugno 2025","format":"gallery","excerpt":"","rel":"","context":"In &quot;4 - ARCHIVIO&quot;","block_context":{"text":"4 - ARCHIVIO","link":"https:\/\/caigualdotadino.it\/?cat=34"},"img":{"alt_text":"","src":"https:\/\/i0.wp.com\/caigualdotadino.it\/wp-content\/uploads\/2025\/06\/Grello-21-Giugno_page-0001.jpg?resize=350%2C200&ssl=1","width":350,"height":200,"srcset":"https:\/\/i0.wp.com\/caigualdotadino.it\/wp-content\/uploads\/2025\/06\/Grello-21-Giugno_page-0001.jpg?resize=350%2C200&ssl=1 1x, https:\/\/i0.wp.com\/caigualdotadino.it\/wp-content\/uploads\/2025\/06\/Grello-21-Giugno_page-0001.jpg?resize=525%2C300&ssl=1 1.5x, https:\/\/i0.wp.com\/caigualdotadino.it\/wp-content\/uploads\/2025\/06\/Grello-21-Giugno_page-0001.jpg?resize=700%2C400&ssl=1 2x"},"classes":[]}],"jetpack_sharing_enabled":true,"_links":{"self":[{"href":"https:\/\/caigualdotadino.it\/index.php?rest_route=\/wp\/v2\/posts\/3827","targetHints":{"allow":["GET"]}}],"collection":[{"href":"https:\/\/caigualdotadino.it\/index.php?rest_route=\/wp\/v2\/posts"}],"about":[{"href":"https:\/\/caigualdotadino.it\/index.php?rest_route=\/wp\/v2\/types\/post"}],"author":[{"embeddable":true,"href":"https:\/\/caigualdotadino.it\/index.php?rest_route=\/wp\/v2\/users\/2"}],"replies":[{"embeddable":true,"href":"https:\/\/caigualdotadino.it\/index.php?rest_route=%2Fwp%2Fv2%2Fcomments&post=3827"}],"version-history":[{"count":3,"href":"https:\/\/caigualdotadino.it\/index.php?rest_route=\/wp\/v2\/posts\/3827\/revisions"}],"predecessor-version":[{"id":3832,"href":"https:\/\/caigualdotadino.it\/index.php?rest_route=\/wp\/v2\/posts\/3827\/revisions\/3832"}],"wp:attachment":[{"href":"https:\/\/caigualdotadino.it\/index.php?rest_route=%2Fwp%2Fv2%2Fmedia&parent=3827"}],"wp:term":[{"taxonomy":"category","embeddable":true,"href":"https:\/\/caigualdotadino.it\/index.php?rest_route=%2Fwp%2Fv2%2Fcategories&post=3827"},{"taxonomy":"post_tag","embeddable":true,"href":"https:\/\/caigualdotadino.it\/index.php?rest_route=%2Fwp%2Fv2%2Ftags&post=3827"}],"curies":[{"name":"wp","href":"https:\/\/api.w.org\/{rel}","templated":true}]}}