{"id":377,"date":"2018-03-15T21:09:59","date_gmt":"2018-03-15T20:09:59","guid":{"rendered":"http:\/\/caigualdotadino.it\/2018\/03\/15\/venerdi-16-marzo-incontro-dibattito\/"},"modified":"2021-02-28T16:25:30","modified_gmt":"2021-02-28T15:25:30","slug":"venerdi-16-marzo-incontro-dibattito","status":"publish","type":"post","link":"https:\/\/caigualdotadino.it\/?p=377","title":{"rendered":"Venerd\u00ec 16 Marzo &#8211; Incontro dibattito"},"content":{"rendered":"<div>&#8220;Perch\u00e8 vado in montagna?&#8221;<\/div>\n<div>Venerd\u00ec 16 Marzo ore 21:00<\/div>\n<div>Sala conferenze di San Guido<\/div>\n<\/p>\n<div>Testimonianze: Mauro Tavone, Cesare Capoccia e Michele Gatti<\/div>\n<div>Coordinamento e conclusioni: prof. Antonio Pieretti<\/div>\n<div><\/div>\n<div>\n<p>La sezione Cai di Gualdo Tadino propone un momento di riflessione sulle motivazioni che spingono sempre pi\u00f9 persone ad andare in montagna. Un confronto utile per prendere coscienza di un\u2019attivit\u00e0 fisica salutare sia dal punto di vista fisico che mentale e per renderci sempre pi\u00f9 consapevoli degli elementi positivi che ci spingono a trascorrere parte del nostro tempo libero immersi nella natura.<\/p>\n<p>L\u2019incontro \u00e8 aperto a tutti<\/p>\n<\/p><\/div>\n","protected":false},"excerpt":{"rendered":"<p>&#8220;Perch\u00e8 vado in montagna?&#8221; Venerd\u00ec 16 Marzo ore 21:00 Sala conferenze di San Guido Testimonianze: Mauro Tavone, Cesare Capoccia e Michele Gatti Coordinamento e conclusioni: &hellip;<\/p>\n","protected":false},"author":1,"featured_media":0,"comment_status":"closed","ping_status":"closed","sticky":false,"template":"","format":"standard","meta":{"_jetpack_memberships_contains_paid_content":false,"footnotes":""},"categories":[34,39],"tags":[],"class_list":["post-377","post","type-post","status-publish","format-standard","hentry","category-archivio","category-comunicati-delle-sezione"],"jetpack_featured_media_url":"","jetpack-related-posts":[{"id":5536,"url":"https:\/\/caigualdotadino.it\/?p=5536","url_meta":{"origin":377,"position":0},"title":"Il corso di escursionismo delle sezioni di Gualdo e Gubbio","author":"pigiax","date":"8 Maggio 2022","format":"gallery","excerpt":"Il corso base di escursionismo promosso dalle sezioni CAI di Gubbio e Gualdo Tadino Grazie anche alle intense attivit\u00e0 escursionistiche promosse dal CAI, che costituiscono un ottimo veicolo promozionale, c\u2019\u00e8 sempre pi\u00f9 gente che frequenta i sentieri delle nostre montagne. Molti partecipando alle uscite programmate dalle sezioni CAI, tanti altri\u2026","rel":"","context":"In &quot;4 - ARCHIVIO&quot;","block_context":{"text":"4 - ARCHIVIO","link":"https:\/\/caigualdotadino.it\/?cat=34"},"img":{"alt_text":"","src":"","width":0,"height":0},"classes":[]},{"id":7648,"url":"https:\/\/caigualdotadino.it\/?p=7648","url_meta":{"origin":377,"position":1},"title":"Corso su come comportarsi in\u2026","author":"Antonella Recchioni","date":"4 Maggio 2023","format":"gallery","excerpt":"Corso su come comportarsi in un'emergenza in montagna 14 aprile 2023 Il corso organizzato il 14 aprile 2023 dalla sezione CAI in collaborazione con il Soccorso alpino e speleologico. Il convegno si \u00e8 tenuto con grande partecipazione presso il birrificio Flea di Gualdo Tadino accompagnata da una visita al birrificio.\u2026","rel":"","context":"In &quot;4 - ARCHIVIO&quot;","block_context":{"text":"4 - ARCHIVIO","link":"https:\/\/caigualdotadino.it\/?cat=34"},"img":{"alt_text":"","src":"https:\/\/i0.wp.com\/caigualdotadino.it\/wp-content\/uploads\/2023\/03\/05-03-3.jpg?resize=350%2C200&ssl=1","width":350,"height":200,"srcset":"https:\/\/i0.wp.com\/caigualdotadino.it\/wp-content\/uploads\/2023\/03\/05-03-3.jpg?resize=350%2C200&ssl=1 1x, https:\/\/i0.wp.com\/caigualdotadino.it\/wp-content\/uploads\/2023\/03\/05-03-3.jpg?resize=525%2C300&ssl=1 1.5x, https:\/\/i0.wp.com\/caigualdotadino.it\/wp-content\/uploads\/2023\/03\/05-03-3.jpg?resize=700%2C400&ssl=1 2x"},"classes":[]},{"id":7671,"url":"https:\/\/caigualdotadino.it\/?p=7671","url_meta":{"origin":377,"position":2},"title":"Venerd\u00ec 2 giugno &#8211; Montagne in movimento","author":"Antonella Recchioni","date":"11 Maggio 2023","format":"gallery","excerpt":"Club Alpino Italiano Sezione di Gualdo Tadino Gruppo Speleologico di Gualdo Tadino Visita guidata alla Grotta di Monte Cucco","rel":"","context":"In &quot;4 - ARCHIVIO&quot;","block_context":{"text":"4 - ARCHIVIO","link":"https:\/\/caigualdotadino.it\/?cat=34"},"img":{"alt_text":"","src":"https:\/\/i0.wp.com\/caigualdotadino.it\/wp-content\/uploads\/2023\/05\/Immagine-WhatsApp-2023-05-25-ore-10.43.41.jpg?resize=350%2C200&ssl=1","width":350,"height":200,"srcset":"https:\/\/i0.wp.com\/caigualdotadino.it\/wp-content\/uploads\/2023\/05\/Immagine-WhatsApp-2023-05-25-ore-10.43.41.jpg?resize=350%2C200&ssl=1 1x, https:\/\/i0.wp.com\/caigualdotadino.it\/wp-content\/uploads\/2023\/05\/Immagine-WhatsApp-2023-05-25-ore-10.43.41.jpg?resize=525%2C300&ssl=1 1.5x, https:\/\/i0.wp.com\/caigualdotadino.it\/wp-content\/uploads\/2023\/05\/Immagine-WhatsApp-2023-05-25-ore-10.43.41.jpg?resize=700%2C400&ssl=1 2x"},"classes":[]},{"id":378,"url":"https:\/\/caigualdotadino.it\/?p=378","url_meta":{"origin":377,"position":3},"title":"Sabato 24 Marzo &#8211; Incontro conferenza","author":"pigiax","date":"22 Marzo 2018","format":false,"excerpt":"Sabato 24 Marzo alle ore 15:45 presso la Rocca Flea incontro-conferenza \"Le acque sotteranee dei monti di Gualdo\" Relatore: Dott. Geol. Roberto Checcucci (ervizio Risorse Idriche e Rischio Idraulico - Regione Umbria) Interventi: Dott. Ing. Renzo Patacca (Dirigente responsabile investimenti e sviluppo di Umbra Acque) Dott. Ing. Andrea Vitali (responsabile\u2026","rel":"","context":"In &quot;4 - ARCHIVIO&quot;","block_context":{"text":"4 - ARCHIVIO","link":"https:\/\/caigualdotadino.it\/?cat=34"},"img":{"alt_text":"","src":"","width":0,"height":0},"classes":[]},{"id":17,"url":"https:\/\/caigualdotadino.it\/?p=17","url_meta":{"origin":377,"position":4},"title":"Utilizzo del Rifugio","author":"pigiax","date":"25 Febbraio 2011","format":false,"excerpt":"Continuano a pervenire al consiglio direttivo della sezione Cai di Gualdo Tadino delle richieste di utilizzo del rifugio Monte Maggio che risultano improprie rispetto al regolamento vigente.. A tale proposito ricordiamo che il rifugio \u00e8 di propriet\u00e0 comunale ed \u00e8 stato assegnato in gestione al Cai sulla base di una\u2026","rel":"","context":"In &quot;4 - ARCHIVIO&quot;","block_context":{"text":"4 - ARCHIVIO","link":"https:\/\/caigualdotadino.it\/?cat=34"},"img":{"alt_text":"","src":"","width":0,"height":0},"classes":[]},{"id":10021,"url":"https:\/\/caigualdotadino.it\/?p=10021","url_meta":{"origin":377,"position":5},"title":"&#8220;La Cultura della Montagna&#8221;","author":"Antonella Recchioni","date":"28 Maggio 2024","format":"gallery","excerpt":"Il 24 maggio si \u00e8 svolta a Valsorda la manifestazione \"La cultura della Montagna\" organizzato dall'Istituto Tecnico Industriale e Liceo Scienze Umane di Nocera Umbra. Grazie al progetto \u201cCultura della montagna\u201d, che vede come referente il professor\u00a0Claudio Parlanti, venerd\u00ec 24 maggio\u00a0pi\u00f9 di 150 alunni\u00a0dell\u2019Istituto Tecnico Industriale e del Liceo delle\u2026","rel":"","context":"In &quot;4 - ARCHIVIO&quot;","block_context":{"text":"4 - ARCHIVIO","link":"https:\/\/caigualdotadino.it\/?cat=34"},"img":{"alt_text":"","src":"https:\/\/i0.wp.com\/caigualdotadino.it\/wp-content\/uploads\/2024\/05\/scuola-8.jpg?resize=350%2C200&ssl=1","width":350,"height":200,"srcset":"https:\/\/i0.wp.com\/caigualdotadino.it\/wp-content\/uploads\/2024\/05\/scuola-8.jpg?resize=350%2C200&ssl=1 1x, https:\/\/i0.wp.com\/caigualdotadino.it\/wp-content\/uploads\/2024\/05\/scuola-8.jpg?resize=525%2C300&ssl=1 1.5x, https:\/\/i0.wp.com\/caigualdotadino.it\/wp-content\/uploads\/2024\/05\/scuola-8.jpg?resize=700%2C400&ssl=1 2x"},"classes":[]}],"jetpack_sharing_enabled":true,"_links":{"self":[{"href":"https:\/\/caigualdotadino.it\/index.php?rest_route=\/wp\/v2\/posts\/377","targetHints":{"allow":["GET"]}}],"collection":[{"href":"https:\/\/caigualdotadino.it\/index.php?rest_route=\/wp\/v2\/posts"}],"about":[{"href":"https:\/\/caigualdotadino.it\/index.php?rest_route=\/wp\/v2\/types\/post"}],"author":[{"embeddable":true,"href":"https:\/\/caigualdotadino.it\/index.php?rest_route=\/wp\/v2\/users\/1"}],"replies":[{"embeddable":true,"href":"https:\/\/caigualdotadino.it\/index.php?rest_route=%2Fwp%2Fv2%2Fcomments&post=377"}],"version-history":[{"count":1,"href":"https:\/\/caigualdotadino.it\/index.php?rest_route=\/wp\/v2\/posts\/377\/revisions"}],"predecessor-version":[{"id":809,"href":"https:\/\/caigualdotadino.it\/index.php?rest_route=\/wp\/v2\/posts\/377\/revisions\/809"}],"wp:attachment":[{"href":"https:\/\/caigualdotadino.it\/index.php?rest_route=%2Fwp%2Fv2%2Fmedia&parent=377"}],"wp:term":[{"taxonomy":"category","embeddable":true,"href":"https:\/\/caigualdotadino.it\/index.php?rest_route=%2Fwp%2Fv2%2Fcategories&post=377"},{"taxonomy":"post_tag","embeddable":true,"href":"https:\/\/caigualdotadino.it\/index.php?rest_route=%2Fwp%2Fv2%2Ftags&post=377"}],"curies":[{"name":"wp","href":"https:\/\/api.w.org\/{rel}","templated":true}]}}