{"id":374,"date":"2018-02-26T21:27:45","date_gmt":"2018-02-26T20:27:45","guid":{"rendered":"http:\/\/caigualdotadino.it\/2018\/02\/26\/trekking-sui-monti-lattari\/"},"modified":"2021-02-28T16:28:11","modified_gmt":"2021-02-28T15:28:11","slug":"trekking-sui-monti-lattari","status":"publish","type":"post","link":"https:\/\/caigualdotadino.it\/?p=374","title":{"rendered":"Trekking sui Monti Lattari"},"content":{"rendered":"<div>Dall\u20198 al 14 settembre (6 notti per 7 giorni).<\/div>\n<div>Trekking sui Monti Lattari (Penisola sorrentina, Costiera amalfitana , isola di Capri)<\/div>\n<\/p>\n<div>1\u00b0G.sa.08\/09 Arrivo a Napoli e trasferimento a Capo di Sorrento per sistemazione in hotel. Seguir\u00e0 passeggiata con partenza a piedi dall\u2019Hotel, ai \u201cBagni della Regina\u201d sul mare ( andata e ritorno a piedi: km 1,600). Cena e pernottamento.<\/div>\n<div>NOTE: il programma del giorno \u00e8 dipendente dall\u2019orario di arrivo a Napoli<\/div>\n<div><\/div>\n<div>2\u00b0G.dom.09\/09 itinerario: Monte Faito-Molare-Sant\u2019Angelo Tre Pizzi.<\/div>\n<div>Breakfast. Consegna del pranzo al sacco. Transfer al piazzale di Monte Faito (mt. 1100). Trek &#8211; anello: sentiero in cresta con vista sulla piana di Castellammare di Stabia e sul Vesuvio. Salita al Molare (mt. 1444: punto pi\u00f9 alto del monte Sant\u2019Angelo a Tre Pizzi); poi rientro su sentiero al Faito. Tempi: 5h. Transfer per rientro in Hotel. Cena e pernottamento.<\/div>\n<div><\/div>\n<div>3\u00b0G.lu.10\/09 itinerario: isola di Capri.<\/div>\n<div>Breakfast. Consegna del pranzo al sacco. A piedi dal Villaggio Turistico per raggiungere il porto d\u2019imbarco per l\u2019isola di Capri. Trek-traversata: a piedi fino a Capri paese (mt.142), salita per monte Solaro (mt.589) passando attraverso il \u201cPassatiello\u201d. Tempi: 2h. Discesa a piedi in 50\u2019 dal m. Solaro fino alla fermata del bus di linea. Transfer su bus di linea fino al centro di Capri. Tempo libero per visita turistica. Proseguimento a piedi al porto. Imbarco per rientro a Sorrento. Cena e pernottamento.<\/div>\n<div><\/div>\n<div>4\u00b0G.ma.11\/09 itinerario: Vallone delle Ferriere-Amalfi.<\/div>\n<div>Breakfast. Consegna del pranzo al sacco. Transfer a Pogerola; trek-traversata: Pogerola (mt.600), salita parte alta Vallone delle Ferriere (mt.480), e poi discesa entrando nella Riserva Naturale, con un paesaggio molto suggestivo (cascate pittoresche, ruderi vecchi mulini, cartiere e ferriere, immensi agrumeti a terrazzo), fino ad Amalfi. Tempi: 5 h. Transfer da Amalfi per rientro in Hotel. Cena e pernottamento.<\/div>\n<div><\/div>\n<div>5\u00b0G.me.12\/09 itinerario: Marina di Ieranto, Area Protetta dal F.A.I.<\/div>\n<div>Breakfast. Transfer a Termini. Trek- andata e ritorno: Termini (mt.323) \/ Nerano (mt.169) \/ marina di Ieranto (mt.00). Tempi: 1h..ca. Sosta balneare e pranzo. Proseguimento a piedi da Marina di Ieranto (mt.00) a Nerano paese (mt 169). Tempi: 45\u2019. Transfer di rientro in hotel, per la cena e il pernottamento.<\/div>\n<div><\/div>\n<div>6\u00b0G.gio.13\/09 itinerario: Sentiero Degli Dei-Positano<\/div>\n<div>Breakfast. Consegna del pranzo al sacco. Transfer a Bomerano. Trek-traversata: Bomerano (mt.638) \/Grotta Biscotto-Colle Serra (mt.578) \/ Nocella (mt.420) \/ Montepertuso paese (mt.365) \/ Positano. Tempi: 5 h. Transfer di rientro in hotel, per la cena e il pernottamento.<\/div>\n<div><\/div>\n<div>7\u00b0.ven.14\/09 itinerario: finetrek<\/div>\n<div>Breakfast. Transfer a Napoli. Fine del trekking.<\/div>\n<div>NOTE: il programma del giorno \u00e8 dipendente dall\u2019orario di partenza da Napoli.<\/div>\n<\/p>\n<div>Note generali sul Programma.<\/div>\n<div>Il programma potr\u00e0 subire variazioni cronologiche di realizzazione, determinate dalla disponibilit\u00e0 dei giorni in cui i fornitori potranno offrire i servizi locali previsti dal programma, e da quelle marine per l\u2019isola di Capri.<\/div>\n<\/p>\n<div>Quota individuale di partecipazione : \u20ac 585,00<\/div>\n<div><\/div>\n<div>La Quota individuale di partecipazione comprende: Transfer da Napoli all\u2019Hotel e vv. Vitto: a partire dalla cena del 1\u00b0 giorno fino al breakfast dell\u2019ultimo. Pranzi al sacco compresi e pranzo a Marina di Jeranto compreso. Alloggio in hotel nr. 06 notti in camere doppie. Guida escursionistica locale. Accompagnatore\/guida Naturaliter. Tutti i transfer previsti nel programma. Assicurazione medico-bagaglio.<\/div>\n<div><\/div>\n<div>La Quota individuale di partecipazione NON comprende: Costi viaggio per Napoli e vv; consumazione bibite extra ai pasti. Supplemento camera singola 20\u20ac a persona x notte (se disponibili al momento della richiesta). Costi navigazione all\u2019isola di Capri e vv; (*). Biglietti su mezzi pubblici a Capri. Dotazione di bottiglie d\u2019acqua extra durante le escursioni quotidiane. Tassa di Soggiorno. Tutto quanto non espressamente citato alla voce \u201cLa quota individuale di partecipazione comprende\u201d.<\/div>\n<div><\/div>\n<div>(*) il costo della navigazione per a da Capri non \u00e8 compreso perch\u00e9 soggetto alle condizioni del mare, in base alle quali sul posto sar\u00e0 valutata l\u2019opportunit\u00e0 di utilizzare, o la motonave privata, o in alternativa gli aliscafi di linea. I prezzi dei due mezzi di trasporto variano (non quantificabili al momento).<\/div>\n<div><\/div>\n<div>NB- Viaggio Gualdo-Napoli (e ritorno)- Anche se \u00e8 prematuro parlarne, la soluzione pi\u00f9 praticabile pu\u00f2 essere quella del treno o del pullman (con partenza da Perugia).<\/div>\n<\/p>\n<div>Adesioni.<\/div>\n<div>Le partecipazioni devono essere comunicate quanto prima perch\u00e9 la Naturaliter ha l\u2019esigenza di prenotare le camere. Ci si pu\u00f2 iscrivere comunicando la propria adesione a:<\/div>\n<div>Daniela Anastasi (3332528145), Mauro Mancini (3209666242), Angelo Santarelli (3388895769) o Riccardo Serroni (3383470811)<\/div>\n<div><\/div>\n<div><\/div>\n<div><\/div>\n<div><\/div>\n<div><\/div>\n<div><\/div>\n<div><\/div>\n","protected":false},"excerpt":{"rendered":"<p>Dall\u20198 al 14 settembre (6 notti per 7 giorni). Trekking sui Monti Lattari (Penisola sorrentina, Costiera amalfitana , isola di Capri) 1\u00b0G.sa.08\/09 Arrivo a Napoli &hellip;<\/p>\n","protected":false},"author":1,"featured_media":0,"comment_status":"closed","ping_status":"closed","sticky":false,"template":"","format":"standard","meta":{"_jetpack_memberships_contains_paid_content":false,"footnotes":""},"categories":[34,37],"tags":[],"class_list":["post-374","post","type-post","status-publish","format-standard","hentry","category-archivio","category-trekking-di-piu-giorni"],"jetpack_featured_media_url":"","jetpack-related-posts":[{"id":10714,"url":"https:\/\/caigualdotadino.it\/?p=10714","url_meta":{"origin":374,"position":0},"title":"Trekking Nord della Grecia &#8211; Dal 14 al 21 Settembre 2025","author":"Antonella Recchioni","date":"24 Gennaio 2025","format":"gallery","excerpt":"Club Alpino Italiano Sezione di Gualdo Tadino La sezione CAI di Gualdo Tadino, in collaborazione con la Naturaliter, propone un Trekking Nord della Grecia: isole Cefalonia e Itaca Dal 14 al 21 Settembre 2025 Questa proposta \u00e8 una bozza, perch\u00e9 gli orari dei voli, e la disponibilit\u00e0 degli hotel al\u2026","rel":"","context":"In &quot;4 - ARCHIVIO&quot;","block_context":{"text":"4 - ARCHIVIO","link":"https:\/\/caigualdotadino.it\/?cat=34"},"img":{"alt_text":"","src":"","width":0,"height":0},"classes":[]},{"id":9773,"url":"https:\/\/caigualdotadino.it\/?p=9773","url_meta":{"origin":374,"position":1},"title":"Trekking nel Gargano &#8211; dal 5 al 12 Ottobre 2024","author":"Antonella Recchioni","date":"5 Marzo 2024","format":"gallery","excerpt":"Club Alpino Italiano Sezione di Gualdo Tadino In collaborazione con l\u2019associazione Naturaliter propone un Trekking nel Gargano Dal 5 al 12 Ottobre 2024 La partecipazione al trekking \u00e8 riservata ai tesserati CAI per il 2024. Il costo \u00e8 di 820 euro a persona. Per informazioni ed iscrizione contattare: Riccardo Serroni\u2026","rel":"","context":"In &quot;4 - ARCHIVIO&quot;","block_context":{"text":"4 - ARCHIVIO","link":"https:\/\/caigualdotadino.it\/?cat=34"},"img":{"alt_text":"","src":"https:\/\/i0.wp.com\/caigualdotadino.it\/wp-content\/uploads\/2024\/03\/GARGANO.jpg.webp?resize=350%2C200&ssl=1","width":350,"height":200,"srcset":"https:\/\/i0.wp.com\/caigualdotadino.it\/wp-content\/uploads\/2024\/03\/GARGANO.jpg.webp?resize=350%2C200&ssl=1 1x, https:\/\/i0.wp.com\/caigualdotadino.it\/wp-content\/uploads\/2024\/03\/GARGANO.jpg.webp?resize=525%2C300&ssl=1 1.5x, https:\/\/i0.wp.com\/caigualdotadino.it\/wp-content\/uploads\/2024\/03\/GARGANO.jpg.webp?resize=700%2C400&ssl=1 2x, https:\/\/i0.wp.com\/caigualdotadino.it\/wp-content\/uploads\/2024\/03\/GARGANO.jpg.webp?resize=1050%2C600&ssl=1 3x"},"classes":[]},{"id":5454,"url":"https:\/\/caigualdotadino.it\/?p=5454","url_meta":{"origin":374,"position":2},"title":"17-24 settembre- Trekking Monti Iblei","author":"pigiax","date":"12 Maggio 2022","format":"gallery","excerpt":"Trekking Monti Iblei (Sicilia sud est) tra Modica e Siracusa nei luoghi di Montalbano. Viaggio Andata e ritorno- in aereo Ancona-Catania (da Ancona 07,55- da Catania 09,55) PROGRAMMA: 1\u00b0Giorno 17\/09\/22: Benvenuti in SiciliaArrivo in mattinata dei partecipanti alla stazione FS o all\u2019aeroporto di Catania. Transfer di 1h circa al fiume\u2026","rel":"","context":"In &quot;4 - ARCHIVIO&quot;","block_context":{"text":"4 - ARCHIVIO","link":"https:\/\/caigualdotadino.it\/?cat=34"},"img":{"alt_text":"","src":"https:\/\/i0.wp.com\/caigualdotadino.it\/wp-content\/uploads\/2022\/04\/iblei-3.jpg?resize=350%2C200&ssl=1","width":350,"height":200,"srcset":"https:\/\/i0.wp.com\/caigualdotadino.it\/wp-content\/uploads\/2022\/04\/iblei-3.jpg?resize=350%2C200&ssl=1 1x, https:\/\/i0.wp.com\/caigualdotadino.it\/wp-content\/uploads\/2022\/04\/iblei-3.jpg?resize=525%2C300&ssl=1 1.5x, https:\/\/i0.wp.com\/caigualdotadino.it\/wp-content\/uploads\/2022\/04\/iblei-3.jpg?resize=700%2C400&ssl=1 2x"},"classes":[]},{"id":3925,"url":"https:\/\/caigualdotadino.it\/?p=3925","url_meta":{"origin":374,"position":3},"title":"TREKKING NEL CILENTO","author":"Antonella Recchioni","date":"20 Settembre 2021","format":"gallery","excerpt":"Club Alpino Italiano Sezione di Gualdo Tadino propone un trekking nel Cilento in collaborazione con l\u2019associazione Naturaliter. Dal 27 settembre al 4 ottobre PROGRAMMA Durata: 8 giorni \/ 7 notti. 1\u00b0 giorno: Luned\u00ec 27 settembre Benvenuti al SudArrivo alla stazione FS di Agropoli. Incontro con la guida e transfert di\u2026","rel":"","context":"In &quot;4 - ARCHIVIO&quot;","block_context":{"text":"4 - ARCHIVIO","link":"https:\/\/caigualdotadino.it\/?cat=34"},"img":{"alt_text":"","src":"https:\/\/i0.wp.com\/caigualdotadino.it\/wp-content\/uploads\/2021\/05\/image.png?resize=350%2C200&ssl=1","width":350,"height":200},"classes":[]},{"id":44,"url":"https:\/\/caigualdotadino.it\/?p=44","url_meta":{"origin":374,"position":4},"title":"Sentiero 210 Giro dei Monti","author":"pigiax","date":"1 Gennaio 2011","format":"gallery","excerpt":"CARATTERISTICHE: Percorso: Rocca Flea -\u00a0 Fonti Rocchetta - Pineta del Soldato - Passo della Sportola - Monte Penna - Monte Nero - Eremo Serrasanta - Valsorda Difficolt\u00e0: EE Lunghezza: km. 15,400 Dislivello: mt. 950 Tempo di percorrenza: h. 6,00 Ambiente: Montano - boschivo Segnaletica: C.A.I. \u00a0 DESCRIZIONE: Il sentiero denominato\u2026","rel":"","context":"In &quot;1 - SENTIERI&quot;","block_context":{"text":"1 - SENTIERI","link":"https:\/\/caigualdotadino.it\/?cat=71"},"img":{"alt_text":"","src":"https:\/\/i0.wp.com\/caigualdotadino.it\/wp-content\/uploads\/2021\/05\/210-modificato.png?resize=350%2C200&ssl=1","width":350,"height":200,"srcset":"https:\/\/i0.wp.com\/caigualdotadino.it\/wp-content\/uploads\/2021\/05\/210-modificato.png?resize=350%2C200&ssl=1 1x, https:\/\/i0.wp.com\/caigualdotadino.it\/wp-content\/uploads\/2021\/05\/210-modificato.png?resize=525%2C300&ssl=1 1.5x, https:\/\/i0.wp.com\/caigualdotadino.it\/wp-content\/uploads\/2021\/05\/210-modificato.png?resize=700%2C400&ssl=1 2x"},"classes":[]},{"id":11864,"url":"https:\/\/caigualdotadino.it\/?p=11864","url_meta":{"origin":374,"position":5},"title":"Trekking di Primavera in Slovenia &#8211;  dal 26 al 30 aprile 2026","author":"Antonella Recchioni","date":"27 Gennaio 2026","format":"gallery","excerpt":"Trekking di Primavera in Slovenia - dal 26 al 30 aprile 2026 Tra Lubiana ed il lago di Bled Un viaggio a piedi tra citt\u00e0 verdi e sentieri panoramici alla scoperta di una Slovenia autentica e sorprendente. Il nostro punto di partenza sar\u00e0 Lubiana, una capitale giovane e vivace, ideale\u2026","rel":"","context":"In &quot;4 - ARCHIVIO&quot;","block_context":{"text":"4 - ARCHIVIO","link":"https:\/\/caigualdotadino.it\/?cat=34"},"img":{"alt_text":"","src":"https:\/\/i0.wp.com\/caigualdotadino.it\/wp-content\/uploads\/2026\/01\/image.png?resize=350%2C200&ssl=1","width":350,"height":200,"srcset":"https:\/\/i0.wp.com\/caigualdotadino.it\/wp-content\/uploads\/2026\/01\/image.png?resize=350%2C200&ssl=1 1x, https:\/\/i0.wp.com\/caigualdotadino.it\/wp-content\/uploads\/2026\/01\/image.png?resize=525%2C300&ssl=1 1.5x, https:\/\/i0.wp.com\/caigualdotadino.it\/wp-content\/uploads\/2026\/01\/image.png?resize=700%2C400&ssl=1 2x"},"classes":[]}],"jetpack_sharing_enabled":true,"_links":{"self":[{"href":"https:\/\/caigualdotadino.it\/index.php?rest_route=\/wp\/v2\/posts\/374","targetHints":{"allow":["GET"]}}],"collection":[{"href":"https:\/\/caigualdotadino.it\/index.php?rest_route=\/wp\/v2\/posts"}],"about":[{"href":"https:\/\/caigualdotadino.it\/index.php?rest_route=\/wp\/v2\/types\/post"}],"author":[{"embeddable":true,"href":"https:\/\/caigualdotadino.it\/index.php?rest_route=\/wp\/v2\/users\/1"}],"replies":[{"embeddable":true,"href":"https:\/\/caigualdotadino.it\/index.php?rest_route=%2Fwp%2Fv2%2Fcomments&post=374"}],"version-history":[{"count":1,"href":"https:\/\/caigualdotadino.it\/index.php?rest_route=\/wp\/v2\/posts\/374\/revisions"}],"predecessor-version":[{"id":812,"href":"https:\/\/caigualdotadino.it\/index.php?rest_route=\/wp\/v2\/posts\/374\/revisions\/812"}],"wp:attachment":[{"href":"https:\/\/caigualdotadino.it\/index.php?rest_route=%2Fwp%2Fv2%2Fmedia&parent=374"}],"wp:term":[{"taxonomy":"category","embeddable":true,"href":"https:\/\/caigualdotadino.it\/index.php?rest_route=%2Fwp%2Fv2%2Fcategories&post=374"},{"taxonomy":"post_tag","embeddable":true,"href":"https:\/\/caigualdotadino.it\/index.php?rest_route=%2Fwp%2Fv2%2Ftags&post=374"}],"curies":[{"name":"wp","href":"https:\/\/api.w.org\/{rel}","templated":true}]}}