{"id":361,"date":"2017-08-29T20:47:24","date_gmt":"2017-08-29T18:47:24","guid":{"rendered":"http:\/\/caigualdotadino.it\/2017\/08\/29\/domenica-3-settembre-30a-festa-della-montagna\/"},"modified":"2021-02-28T16:27:10","modified_gmt":"2021-02-28T15:27:10","slug":"domenica-3-settembre-30a-festa-della-montagna","status":"publish","type":"post","link":"https:\/\/caigualdotadino.it\/?p=361","title":{"rendered":"Domenica 3 Settembre &#8211; 30a Festa della Montagna"},"content":{"rendered":"<div>1\u00b0 Itinerario:<\/div>\n<div>Ore 8,30 &#8211; Partenza da Valsorda.<\/div>\n<div>Percorso- Valsorda-Passo Cattio-strada Chiavellara-sentiero delle fragole-i Quarti- Cima del Serrasanta (Madonnina)-Eremo Serrasanta<\/div>\n<div>Difficolt\u00e0 &#8211; E<\/div>\n<div>(per informazioni Franco Palazzoni  3283057249 &#8211; Riccardo Serroni 3383470811)<\/div>\n<\/p>\n<div>2\u00b0 Itinerario:<\/div>\n<div>Ore 9,30 &#8211; Partenza da Valsorda<\/div>\n<div>Percorso- Valsorda- Serrasanta (l\u2019itinerario verr\u00e0 scelto al momento)<\/div>\n<div>Difficolt\u00e0- T<\/div>\n<div>(per informazioni Goffredo Maurizi- 3337800923)<\/div>\n<\/p>\n<div>Ore 11,15- (eremo di Serrasanta)<\/div>\n<div>Esibizione della Corale Cai-Casimiri (diretta dal maestro Felice Pericoli) che allieter\u00e0 gli escursionisti presenti eseguendo canti di montagna.<\/div>\n<\/p>\n<div>Ore 12,00- Discesa a Valsorda e pranzo presso il rifugio Cai M.Maggio<\/div>\n<\/p>\n<div>N.B. E\u2019 opportuno prenotarsi per il pranzo entro le ore 18,00 di venerd\u00ec 1 settembre contattando:<\/div>\n<div>No\u00e8 Commodi 3138270779 &#8211;   Cesare Capoccia 3382037441<\/div>\n<div>Enrico Fiaoni  3482810413-    Mauro Tavone    3482864684<\/div>\n<div><\/div>\n<div><\/div>\n<div id=\"_mcePaste\" class=\"mcePaste\" style=\"position: absolute; left: -10000px; top: 0px; width: 1px; height: 1px; overflow: hidden;\">\n<p class=\"western\" style=\"margin-bottom: 0cm; line-height: 100%;\"><span style=\"color: #ff0000;\"><span style=\"font-size: medium;\"><b>Percorso-<\/b><\/span><\/span><span style=\"font-size: medium;\"><b> <\/b><\/span><span style=\"font-size: medium;\"><b>Valsorda-Passo Cattio-strada Chiavellara-sentiero delle fragole-i Quarti- Cima del Serrasanta (Madonnina)-Eremo Serrasanta<\/b><\/span><\/p>\n<\/p><\/div>\n","protected":false},"excerpt":{"rendered":"<p>1\u00b0 Itinerario: Ore 8,30 &#8211; Partenza da Valsorda. Percorso- Valsorda-Passo Cattio-strada Chiavellara-sentiero delle fragole-i Quarti- Cima del Serrasanta (Madonnina)-Eremo Serrasanta Difficolt\u00e0 &#8211; E (per informazioni &hellip;<\/p>\n","protected":false},"author":1,"featured_media":0,"comment_status":"closed","ping_status":"closed","sticky":false,"template":"","format":"standard","meta":{"_jetpack_memberships_contains_paid_content":false,"footnotes":""},"categories":[34,35],"tags":[],"class_list":["post-361","post","type-post","status-publish","format-standard","hentry","category-archivio","category-escursioni"],"jetpack_featured_media_url":"","jetpack-related-posts":[{"id":324,"url":"https:\/\/caigualdotadino.it\/?p=324","url_meta":{"origin":361,"position":0},"title":"Festa della Montagna 2016","author":"pigiax","date":"30 Agosto 2016","format":false,"excerpt":"Sabato 3 Settembre ore 17: (Atrio palazzo comunale) Apertura mostra fotografica sul tema \u201cEccellenze ed Emergenze del nostro territorio\u201d. (aperta dal 3 all\u201911 settembre). (Le foto sono state elaborate per la mostra da nostri concittadini) Ore 17,30- (Sala consiliare) Dibattito sul tema \u201cEccellenze ed Emergenze del nostro territorio\u201d. Intervengono Goffredo\u2026","rel":"","context":"In &quot;4 - ARCHIVIO&quot;","block_context":{"text":"4 - ARCHIVIO","link":"https:\/\/caigualdotadino.it\/?cat=34"},"img":{"alt_text":"","src":"","width":0,"height":0},"classes":[]},{"id":394,"url":"https:\/\/caigualdotadino.it\/?p=394","url_meta":{"origin":361,"position":1},"title":"Domenica 2 Settembre &#8211; Festa della Montagna","author":"pigiax","date":"28 Agosto 2018","format":false,"excerpt":"In collaborazione con la Sezione Cai di Perugia PROGRAMMA: 1\u00b0 Percorso :Giro del M.Maggio (3h 30\u2019 circa) Diff. EE Ritrovo: ore 8,30 a Valsorda Itinerario: Valsorda - Passaiola Bassa - Passaiola Alta -M.Maggio - Rifugio Cai Valsorda Per informazioni: Franco Palazzoni (3283057249) Angelo Santarelli (3388895769) Giuseppe Bambini (3389980562) 2\u00b0 Percorso:\u2026","rel":"","context":"In &quot;4 - ARCHIVIO&quot;","block_context":{"text":"4 - ARCHIVIO","link":"https:\/\/caigualdotadino.it\/?cat=34"},"img":{"alt_text":"","src":"","width":0,"height":0},"classes":[]},{"id":299,"url":"https:\/\/caigualdotadino.it\/?p=299","url_meta":{"origin":361,"position":2},"title":"5 e 6 Settembre &#8211; Festa della Montagna","author":"pigiax","date":"23 Agosto 2015","format":false,"excerpt":"Sabato 5 Settembre: Convegno sull'Enciclica di Papa Francesco \"Laudato si...\" Sala della Citt\u00e0 - Rocca Flea Ore 16,30: saluto delle autorit\u00e0 Ore 16,45: Prof. Antonio Pieretti (doc. univ. - vice pres. Societ\u00e0 Italiana di Filosofia Analitica) \"L'Enciclica di Papa Francesco\". Prof. Marco Geri (doc. univ. - Istruttore Nazionale di Alpinismo\u2026","rel":"","context":"In &quot;4 - ARCHIVIO&quot;","block_context":{"text":"4 - ARCHIVIO","link":"https:\/\/caigualdotadino.it\/?cat=34"},"img":{"alt_text":"","src":"","width":0,"height":0},"classes":[]},{"id":6288,"url":"https:\/\/caigualdotadino.it\/?p=6288","url_meta":{"origin":361,"position":3},"title":"Domenica 04 settembre &#8211;  35a FESTA DELLA MONTAGNA","author":"Antonella Recchioni","date":"29 Agosto 2022","format":"gallery","excerpt":"Club Alpino Italiano Sezione di Gualdo Tadino Partenza: ore 08,30 da Valsorda Itinerario: A Strada Chiavellara - B Sentiero delle fragole - C creste dei Quarti- Madonnina cima del Serrasanta- D Eremo del Serrasanta- E Rifugio Caciera \u2013 F Valsorda- G Rifugio CAI Monte Maggio Alternativa: chi ritenesse eccessivamente gravosa\u2026","rel":"","context":"In &quot;4 - ARCHIVIO&quot;","block_context":{"text":"4 - ARCHIVIO","link":"https:\/\/caigualdotadino.it\/?cat=34"},"img":{"alt_text":"Questa immagine ha l'attributo alt vuoto; il nome del file \u00e8 image.png","src":"https:\/\/i0.wp.com\/caigualdotadino.it\/wp-content\/uploads\/2021\/05\/image.png?resize=350%2C200&ssl=1","width":350,"height":200},"classes":[]},{"id":5596,"url":"https:\/\/caigualdotadino.it\/?p=5596","url_meta":{"origin":361,"position":4},"title":"Gioved\u00ec 2 giugno &#8211; Le 5 cime di Gualdo","author":"Antonella Recchioni","date":"30 Maggio 2022","format":"gallery","excerpt":"Club Alpino Italiano Sezione di Gualdo Tadino 1\u00b0 Partenza: ore 07.00 da Valsorda. 2\u00b0 Partenza: ore 09.45 da rifugio CAI. 3\u00b0 Partenza: ore 11.15 da rifugio Serrasanta. Ore 07,00 - 1\u00b0 partenza da Valsorda Questa escursione collega le cinque cime pi\u00f9 alte che sormontano la nostra citt\u00e0: monte Senate (1325\u2026","rel":"","context":"In &quot;4 - ARCHIVIO&quot;","block_context":{"text":"4 - ARCHIVIO","link":"https:\/\/caigualdotadino.it\/?cat=34"},"img":{"alt_text":"","src":"https:\/\/i0.wp.com\/caigualdotadino.it\/wp-content\/uploads\/2022\/05\/tre-cime-di-gualdo.jpg?resize=350%2C200&ssl=1","width":350,"height":200,"srcset":"https:\/\/i0.wp.com\/caigualdotadino.it\/wp-content\/uploads\/2022\/05\/tre-cime-di-gualdo.jpg?resize=350%2C200&ssl=1 1x, https:\/\/i0.wp.com\/caigualdotadino.it\/wp-content\/uploads\/2022\/05\/tre-cime-di-gualdo.jpg?resize=525%2C300&ssl=1 1.5x, https:\/\/i0.wp.com\/caigualdotadino.it\/wp-content\/uploads\/2022\/05\/tre-cime-di-gualdo.jpg?resize=700%2C400&ssl=1 2x"},"classes":[]},{"id":194,"url":"https:\/\/caigualdotadino.it\/?p=194","url_meta":{"origin":361,"position":5},"title":"Domenica 8 Settembre &#8211; 26a Festa della Montagna","author":"pigiax","date":"2 Settembre 2013","format":false,"excerpt":"PROGRAMMA 1\u00aa parte itinerario Unico: Ore 8,30 - Valsorda - Passaiola Bassa - Valmare 2\u00aa parte: itinerario A: Valmare - Sentiero Italia - Rifugio (3h e mezza circa in tutto) Difficolt\u00e0: E itinerario B: Valmare - Buca della neve - M.Senate - M.Maggio- Rifugio Cai (4h circa in tutto) Difficolt\u00e0:\u2026","rel":"","context":"In &quot;4 - ARCHIVIO&quot;","block_context":{"text":"4 - ARCHIVIO","link":"https:\/\/caigualdotadino.it\/?cat=34"},"img":{"alt_text":"","src":"","width":0,"height":0},"classes":[]}],"jetpack_sharing_enabled":true,"_links":{"self":[{"href":"https:\/\/caigualdotadino.it\/index.php?rest_route=\/wp\/v2\/posts\/361","targetHints":{"allow":["GET"]}}],"collection":[{"href":"https:\/\/caigualdotadino.it\/index.php?rest_route=\/wp\/v2\/posts"}],"about":[{"href":"https:\/\/caigualdotadino.it\/index.php?rest_route=\/wp\/v2\/types\/post"}],"author":[{"embeddable":true,"href":"https:\/\/caigualdotadino.it\/index.php?rest_route=\/wp\/v2\/users\/1"}],"replies":[{"embeddable":true,"href":"https:\/\/caigualdotadino.it\/index.php?rest_route=%2Fwp%2Fv2%2Fcomments&post=361"}],"version-history":[{"count":1,"href":"https:\/\/caigualdotadino.it\/index.php?rest_route=\/wp\/v2\/posts\/361\/revisions"}],"predecessor-version":[{"id":878,"href":"https:\/\/caigualdotadino.it\/index.php?rest_route=\/wp\/v2\/posts\/361\/revisions\/878"}],"wp:attachment":[{"href":"https:\/\/caigualdotadino.it\/index.php?rest_route=%2Fwp%2Fv2%2Fmedia&parent=361"}],"wp:term":[{"taxonomy":"category","embeddable":true,"href":"https:\/\/caigualdotadino.it\/index.php?rest_route=%2Fwp%2Fv2%2Fcategories&post=361"},{"taxonomy":"post_tag","embeddable":true,"href":"https:\/\/caigualdotadino.it\/index.php?rest_route=%2Fwp%2Fv2%2Ftags&post=361"}],"curies":[{"name":"wp","href":"https:\/\/api.w.org\/{rel}","templated":true}]}}