{"id":325,"date":"2016-09-13T20:13:40","date_gmt":"2016-09-13T18:13:40","guid":{"rendered":"http:\/\/caigualdotadino.it\/2016\/09\/13\/domenica-settembre-raduno-regionale-a-ferentillo\/"},"modified":"2021-02-28T16:27:10","modified_gmt":"2021-02-28T15:27:10","slug":"domenica-settembre-raduno-regionale-a-ferentillo","status":"publish","type":"post","link":"https:\/\/caigualdotadino.it\/?p=325","title":{"rendered":"Domenica 18 Settembre &#8211; Raduno Regionale a Ferentillo"},"content":{"rendered":"<div>Il Cai di Terni organizza il tradizionale Raduno Regionale.<\/div>\n<\/p>\n<div>ore 8.45: ritrovo presso il Centro Formativo Regionale SASU Ferentillo e organizzazione gruppi attivit\u00e0<\/div>\n<\/p>\n<div>Ore 9,00:inizio attivit\u00e0:<\/div>\n<div><strong>Escursione<\/strong>. Sentiero Ferentillo &#8211; Nicciano passando per la Rocca e Gabbio. Durante l\u2019escursione incontreremo e visiteremo delle chiese a Gabbio, Nicciano e Ferentillo dove si esibiranno rispettivamente i Cori del CAI di Perugia, Terni e Gualdo Tadino;<\/div>\n<div><strong>Giochi senza frontiere<\/strong> &#8211; sfida amatoriale a squadre tra le sezioni CAI dell\u2019Umbria direttamente al Centro Formativo Regionale del SASU (OgniSezione e Sotto Sezione CAI dell\u2019Umbria potr\u00e0 partecipare con una squadra composta da un minimo di 3 ed un massimo di 5 giocatori tutti soci CAI,mista tra uomini e donne si consiglia di formare squadre composte da giocatori di et\u00e0 diversa (bambini, ragazzi, adulti, mamme, pap\u00e0, nonni);<\/div>\n<div><strong>Alpinismo Giovanile<\/strong> Arrampicata sportiva in falesia naturale a Ferentillo;<\/div>\n<div><strong>Arrampicata sportiva<\/strong> in falesia Ferentillo per adulti;<\/div>\n<div><strong>Speleologia<\/strong> Grotta delle Colonne e Condotte ai Campacci di Marmore;<\/div>\n<\/p>\n<div>ore 13.15 inizio pranzo presso il Centro Formativo Regionale SASU \u201cCristiano Parasecolo\u201d.<\/div>\n<\/p>\n<div>Per informazioni pi\u00f9 dettagliate e contatti consultare l&#8217;allegato.<\/div>\n","protected":false},"excerpt":{"rendered":"<p>Il Cai di Terni organizza il tradizionale Raduno Regionale. ore 8.45: ritrovo presso il Centro Formativo Regionale SASU Ferentillo e organizzazione gruppi attivit\u00e0 Ore 9,00:inizio &hellip;<\/p>\n","protected":false},"author":1,"featured_media":0,"comment_status":"closed","ping_status":"closed","sticky":false,"template":"","format":"standard","meta":{"_jetpack_memberships_contains_paid_content":false,"footnotes":""},"categories":[34,35],"tags":[],"class_list":["post-325","post","type-post","status-publish","format-standard","hentry","category-archivio","category-escursioni"],"jetpack_featured_media_url":"","jetpack-related-posts":[{"id":7692,"url":"https:\/\/caigualdotadino.it\/?p=7692","url_meta":{"origin":325,"position":0},"title":"Domenica 04 giugno &#8211; RADUNO REGIONALE CAI UMBRIA","author":"Antonella Recchioni","date":"13 Maggio 2023","format":"gallery","excerpt":"RADUNO REGIONALE CAI UMBRIA Organizzato dalla Sezione CAI Orvieto RADUNO-REGIONALE-CAI-ORVIETO-2023Download","rel":"","context":"In &quot;4 - ARCHIVIO&quot;","block_context":{"text":"4 - ARCHIVIO","link":"https:\/\/caigualdotadino.it\/?cat=34"},"img":{"alt_text":"","src":"","width":0,"height":0},"classes":[]},{"id":10179,"url":"https:\/\/caigualdotadino.it\/?p=10179","url_meta":{"origin":325,"position":1},"title":"Raduna Regionale CAI &#8211; 22\/09\/2024","author":"Antonella Recchioni","date":"23 Luglio 2024","format":"gallery","excerpt":"Il Raduno regionale CAI 2024 verr\u00e0 organizzato dalla sezione di Terni domenica 22 Settembre. La partenza da Gualdo Tadino \u00e8 prevista alle ore 07,45 dal parcheggio Gala.Chi vorr\u00e0 usufruire del pranzo dovr\u00e0 prenotarsi entro Gioved\u00ec 12Settembre contattando Franco Palazzoni al 3283057249 o scrivendo sulla chat (al momento risultano 5 partecipanti).\u2026","rel":"","context":"In &quot;4 - ARCHIVIO&quot;","block_context":{"text":"4 - ARCHIVIO","link":"https:\/\/caigualdotadino.it\/?cat=34"},"img":{"alt_text":"","src":"https:\/\/i0.wp.com\/caigualdotadino.it\/wp-content\/uploads\/2024\/06\/raduno-regionale-1-1.jpg?resize=350%2C200&ssl=1","width":350,"height":200,"srcset":"https:\/\/i0.wp.com\/caigualdotadino.it\/wp-content\/uploads\/2024\/06\/raduno-regionale-1-1.jpg?resize=350%2C200&ssl=1 1x, https:\/\/i0.wp.com\/caigualdotadino.it\/wp-content\/uploads\/2024\/06\/raduno-regionale-1-1.jpg?resize=525%2C300&ssl=1 1.5x, https:\/\/i0.wp.com\/caigualdotadino.it\/wp-content\/uploads\/2024\/06\/raduno-regionale-1-1.jpg?resize=700%2C400&ssl=1 2x"},"classes":[]},{"id":11101,"url":"https:\/\/caigualdotadino.it\/?p=11101","url_meta":{"origin":325,"position":2},"title":"Raduno Regionale CAI Umbria -08\/06\/2025","author":"Antonella Recchioni","date":"24 Maggio 2025","format":"gallery","excerpt":"","rel":"","context":"In &quot;4 - ARCHIVIO&quot;","block_context":{"text":"4 - ARCHIVIO","link":"https:\/\/caigualdotadino.it\/?cat=34"},"img":{"alt_text":"","src":"https:\/\/i0.wp.com\/caigualdotadino.it\/wp-content\/uploads\/2025\/05\/raduno-regionale_page-0002.jpg?resize=350%2C200&ssl=1","width":350,"height":200,"srcset":"https:\/\/i0.wp.com\/caigualdotadino.it\/wp-content\/uploads\/2025\/05\/raduno-regionale_page-0002.jpg?resize=350%2C200&ssl=1 1x, https:\/\/i0.wp.com\/caigualdotadino.it\/wp-content\/uploads\/2025\/05\/raduno-regionale_page-0002.jpg?resize=525%2C300&ssl=1 1.5x, https:\/\/i0.wp.com\/caigualdotadino.it\/wp-content\/uploads\/2025\/05\/raduno-regionale_page-0002.jpg?resize=700%2C400&ssl=1 2x"},"classes":[]},{"id":9723,"url":"https:\/\/caigualdotadino.it\/?p=9723","url_meta":{"origin":325,"position":3},"title":"ALLA VALSORDA DI GUALDO TADINO IL RADUNO REGIONALE DEL CAI.","author":"Antonella Recchioni","date":"1 Settembre 2019","format":"gallery","excerpt":"In 400 al Rifugio Chiesetta Quasi 400 escursionisti, 8 sezioni CAI dell'Umbria per una giornata baciata dal sole contro ogni previsione metereologica. E' stata la Valsorda di Gualdo Tadino ad ospitare domenica 1 settembre, con il patrocinio di Comune e Comunanza Agraria Appennino Gualdese e la sponsorizzazione di aziende locali,\u2026","rel":"","context":"In &quot;4 - ARCHIVIO&quot;","block_context":{"text":"4 - ARCHIVIO","link":"https:\/\/caigualdotadino.it\/?cat=34"},"img":{"alt_text":"","src":"https:\/\/i0.wp.com\/caigualdotadino.it\/wp-content\/uploads\/2024\/02\/raduno-1.jpeg?resize=350%2C200&ssl=1","width":350,"height":200},"classes":[]},{"id":291,"url":"https:\/\/caigualdotadino.it\/?p=291","url_meta":{"origin":325,"position":4},"title":"Domenica 21 Giugno &#8211; Raduno regionale","author":"pigiax","date":"29 Maggio 2015","format":false,"excerpt":"Domenica 21 Giugno si terr\u00e0 il Raduno Regionale organizzato dal gruppo CAI di Citt\u00e0 di Castello. In allegato il programma ricco di attivit\u00e0.","rel":"","context":"In &quot;4 - ARCHIVIO&quot;","block_context":{"text":"4 - ARCHIVIO","link":"https:\/\/caigualdotadino.it\/?cat=34"},"img":{"alt_text":"","src":"","width":0,"height":0},"classes":[]},{"id":5181,"url":"https:\/\/caigualdotadino.it\/?p=5181","url_meta":{"origin":325,"position":5},"title":"Calendario attivit\u00e0 2022 sezioni CAI Umbria","author":"pigiax","date":"19 Febbraio 2022","format":"gallery","excerpt":"CALENDARIO ATTIVITA' sezioni UMBRIA 2022.pdf","rel":"","context":"In &quot;4 - ARCHIVIO&quot;","block_context":{"text":"4 - ARCHIVIO","link":"https:\/\/caigualdotadino.it\/?cat=34"},"img":{"alt_text":"","src":"https:\/\/i0.wp.com\/caigualdotadino.it\/wp-content\/uploads\/2022\/02\/P0MXnVXyRrDig5i0.jpg?resize=350%2C200&ssl=1","width":350,"height":200,"srcset":"https:\/\/i0.wp.com\/caigualdotadino.it\/wp-content\/uploads\/2022\/02\/P0MXnVXyRrDig5i0.jpg?resize=350%2C200&ssl=1 1x, https:\/\/i0.wp.com\/caigualdotadino.it\/wp-content\/uploads\/2022\/02\/P0MXnVXyRrDig5i0.jpg?resize=525%2C300&ssl=1 1.5x, https:\/\/i0.wp.com\/caigualdotadino.it\/wp-content\/uploads\/2022\/02\/P0MXnVXyRrDig5i0.jpg?resize=700%2C400&ssl=1 2x"},"classes":[]}],"jetpack_sharing_enabled":true,"_links":{"self":[{"href":"https:\/\/caigualdotadino.it\/index.php?rest_route=\/wp\/v2\/posts\/325","targetHints":{"allow":["GET"]}}],"collection":[{"href":"https:\/\/caigualdotadino.it\/index.php?rest_route=\/wp\/v2\/posts"}],"about":[{"href":"https:\/\/caigualdotadino.it\/index.php?rest_route=\/wp\/v2\/types\/post"}],"author":[{"embeddable":true,"href":"https:\/\/caigualdotadino.it\/index.php?rest_route=\/wp\/v2\/users\/1"}],"replies":[{"embeddable":true,"href":"https:\/\/caigualdotadino.it\/index.php?rest_route=%2Fwp%2Fv2%2Fcomments&post=325"}],"version-history":[{"count":1,"href":"https:\/\/caigualdotadino.it\/index.php?rest_route=\/wp\/v2\/posts\/325\/revisions"}],"predecessor-version":[{"id":913,"href":"https:\/\/caigualdotadino.it\/index.php?rest_route=\/wp\/v2\/posts\/325\/revisions\/913"}],"wp:attachment":[{"href":"https:\/\/caigualdotadino.it\/index.php?rest_route=%2Fwp%2Fv2%2Fmedia&parent=325"}],"wp:term":[{"taxonomy":"category","embeddable":true,"href":"https:\/\/caigualdotadino.it\/index.php?rest_route=%2Fwp%2Fv2%2Fcategories&post=325"},{"taxonomy":"post_tag","embeddable":true,"href":"https:\/\/caigualdotadino.it\/index.php?rest_route=%2Fwp%2Fv2%2Ftags&post=325"}],"curies":[{"name":"wp","href":"https:\/\/api.w.org\/{rel}","templated":true}]}}