{"id":3185,"date":"2021-05-11T19:18:15","date_gmt":"2021-05-11T17:18:15","guid":{"rendered":"https:\/\/caigualdotadino.it\/?p=3185"},"modified":"2021-09-21T11:17:24","modified_gmt":"2021-09-21T09:17:24","slug":"escursione-di-sabato-15-maggio-al-foro-degli-occhialoni","status":"publish","type":"post","link":"https:\/\/caigualdotadino.it\/?p=3185","title":{"rendered":"Sabato 15 maggio &#8211; Escursione al Foro degli Occhialoni"},"content":{"rendered":"\n<p class=\"has-larger-font-size\"><strong><span style=\"color:#a30900\" class=\"has-inline-color\">Rinviata a causa delle condizioni atmosferiche non idonee<\/span><\/strong><\/p>\n\n\n\n<h5 class=\"wp-block-heading\"><img loading=\"lazy\" decoding=\"async\" class=\"alignnone size-full wp-image-2845\" src=\"https:\/\/caigualdotadino.it\/wp-content\/uploads\/2021\/04\/image-2.png\" alt=\"\" width=\"87\" height=\"73\">CLUB ALPINO ITALIANO&nbsp; &nbsp;&#8211;&nbsp; SEZ. GUALDO TADINO<\/h5>\n\n\n\n<p class=\"has-text-align-left\">Un\u2019 interessante formazione rocciosa nel Parco Naturale della Gola della Rossa e di Frasassi, forse residuo di un\u2019antica grotta ormai crollata.<\/p>\n\n\n\n<p class=\"has-text-align-left\"><strong>Ritrovo<\/strong>: ore <strong><span style=\"color: #ff0000;\">7,00<\/span><\/strong>&#8211; presso parcheggio Gala (ex Famila)<\/p>\n\n\n\n<!--more-->\n\n\n\n<p class=\"has-text-align-left\"><strong>Partenza escursione<\/strong>: ore <strong><span style=\"color: #ff0000;\">7,30<\/span><\/strong> dal parcheggio del Santuario Madonna di Frasassi.<br><strong>Percorso<\/strong>: ad anello di circa 8 Km e 500 m (circa) di dislivello<br><strong>Tempo di percorrenza<\/strong>: 3\/4 ore circa per il sentiero + 1 ora per il sentiero attrezzato!<br><strong>Itinerario<\/strong>: <\/p>\n\n\n\n<ol class=\"wp-block-list\"><li>&nbsp;dal parcheggio all\u2019eremo di Santa Maria infra Saxa.<\/li><li>&nbsp;da Santa Maria infra Saxa per il Sentiero dei gradoni (tratto esposto).<\/li><li>&nbsp;foro degli Occhialoni (per chi fosse interessato ed attrezzato c\u2019\u00e8 la possibilit\u00e0 di fare il sentiero attrezzato esposto e dissestato. Chi avesse questo desiderio dovrebbe contattare anticipatamente gli organizzatori dell\u2019escursione per dare loro la possibilit\u00e0 di organizzarsi)<\/li><li>&nbsp;arrivo a San Vittore (il ritorno al parcheggio di partenza avverr\u00e0 per la strada asfaltata).<\/li><\/ol>\n\n\n\n<p><strong>Difficolt\u00e0<\/strong>: <strong><span style=\"color: #ff0000;\">EE<\/span><\/strong><br><strong>Informazioni utili<\/strong>: Ci si pu\u00f2 rifornire di acqua al parcheggio di partenza ed a San Vittore. Il pranzo sar\u00e0 al sacco. Il programma di partenza potr\u00e0 subire possibili variazioni (o l\u2019annullamento) se dovesse piovere o il percorso fosse bagnato, perch\u00e9 in tal caso sarebbe eccessivamente scivoloso ed impercorribile.<\/p>\n\n\n\n<p><strong>Per informazioni e prenotazioni<\/strong>:<\/p>\n\n\n\n<div class=\"wp-block-group\"><div class=\"wp-block-group__inner-container is-layout-flow wp-block-group-is-layout-flow\">\n<div class=\"wp-block-group alignwide\"><div class=\"wp-block-group__inner-container is-layout-flow wp-block-group-is-layout-flow\">\n<div class=\"wp-block-columns alignwide are-vertically-aligned-top is-layout-flex wp-container-core-columns-is-layout-9d6595d7 wp-block-columns-is-layout-flex\">\n<div class=\"wp-block-column is-vertically-aligned-top is-layout-flow wp-block-column-is-layout-flow\">\n<p>Mariano Cabras<\/p>\n<\/div>\n\n\n\n<div class=\"wp-block-column is-layout-flow wp-block-column-is-layout-flow\">\n<div class=\"wp-block-jetpack-send-a-message\">\n<div class=\"wp-block-jetpack-whatsapp-button is-color-dark has-no-text\"><a class=\"whatsapp-block__button\" href=\"https:\/\/api.whatsapp.com\/send?phone=393396314127&amp;text=Salve%2C%20ho%20preso%20le%20informazioni%20di%20WhatsApp%20dal%20sito%20CAI.\" style=\"background-color:#25D366;color:#fff\" target=\"_blank\" rel=\"noopener noreferrer\"><\/a><\/div>\n<\/div>\n<\/div>\n\n\n\n<div class=\"wp-block-column is-vertically-aligned-top is-layout-flow wp-block-column-is-layout-flow\">\n<a href=\"tel:\/\/+393396314127\">Chiama ora<\/a>\n<\/div>\n<\/div>\n<\/div><\/div>\n\n\n\n<div class=\"wp-block-columns is-layout-flex wp-container-core-columns-is-layout-9d6595d7 wp-block-columns-is-layout-flex\">\n<div class=\"wp-block-column is-layout-flow wp-block-column-is-layout-flow\">\n<p>Pierdomenico Materazzi<\/p>\n<\/div>\n\n\n\n<div class=\"wp-block-column is-layout-flow wp-block-column-is-layout-flow\">\n<div class=\"wp-block-jetpack-send-a-message\">\n<div class=\"wp-block-jetpack-whatsapp-button is-color-dark has-no-text\"><a class=\"whatsapp-block__button\" href=\"https:\/\/api.whatsapp.com\/send?phone=393480162087&amp;text=Salve%2C%20ho%20preso%20le%20informazioni%20di%20WhatsApp%20dal%20sito%20CAI\" style=\"background-color:#25D366;color:#fff\" target=\"_blank\" rel=\"noopener noreferrer\"><\/a><\/div>\n<\/div>\n<\/div>\n\n\n\n<div class=\"wp-block-column is-layout-flow wp-block-column-is-layout-flow\">\n<a href=\"tel:\/\/+39 3480162087\">Chiama ora<\/a>\n<\/div>\n<\/div>\n\n\n\n<p><\/p>\n<\/div><\/div>\n\n\n\n<p>NB- Le uscite in calendario sono aperte ai soli soci CAI in regola con il tesseramento dell\u2019anno in corso. Potranno tuttavia partecipare anche i non iscritti i quali, con la propria partecipazione, si assumeranno personalmente tutti i rischi nonch\u00e9 la responsabilit\u00e0 per idanni che potranno arrecare, direttamente o indirettamente, ad altri partecipanti.<br>L\u2019uscita verr\u00e0 effettuata in osservanza alle norme anticovid in vigore.<\/p>\n\n\n\n<p><a href=\"https:\/\/caigualdotadino.it\/wp-content\/uploads\/2021\/05\/Escursione-Occhialoni-15-maggio.pdf\">Escursione Occhialoni 15 maggio.pdf<\/a><\/p>\n","protected":false},"excerpt":{"rendered":"<p>Rinviata a causa delle condizioni atmosferiche non idonee CLUB ALPINO ITALIANO&nbsp; &nbsp;&#8211;&nbsp; SEZ. GUALDO TADINO Un\u2019 interessante formazione rocciosa nel Parco Naturale della Gola della &hellip;<\/p>\n","protected":false},"author":1,"featured_media":0,"comment_status":"closed","ping_status":"closed","sticky":false,"template":"","format":"gallery","meta":{"_jetpack_memberships_contains_paid_content":false,"footnotes":""},"categories":[34,35],"tags":[],"class_list":["post-3185","post","type-post","status-publish","format-gallery","hentry","category-archivio","category-escursioni","post_format-post-format-gallery"],"jetpack_featured_media_url":"","jetpack-related-posts":[{"id":2160,"url":"https:\/\/caigualdotadino.it\/?p=2160","url_meta":{"origin":3185,"position":0},"title":"Galleria Fotografica","author":"Antonella Recchioni","date":"20 Marzo 2021","format":"gallery","excerpt":"Settimane verdi e trekking di pi\u00f9 giorni Escursioni 2026 Escursioni 2025 Escursioni 2024 Escursioni 2023 Escursioni 2022 Escursioni 2021 Escursioni 2020 Escursioni 2019 Escursioni 2018 Escursioni 2016 Escursioni 2015 Escursioni 2013 Escursioni 2012 Escursioni 2011 Escursioni 2010","rel":"","context":"In &quot;3 - GALLERIA FOTOGRAFICA&quot;","block_context":{"text":"3 - GALLERIA FOTOGRAFICA","link":"https:\/\/caigualdotadino.it\/?cat=20"},"img":{"alt_text":"","src":"https:\/\/i0.wp.com\/caigualdotadino.it\/wp-content\/uploads\/2022\/01\/copertina.jpeg?resize=350%2C200&ssl=1","width":350,"height":200,"srcset":"https:\/\/i0.wp.com\/caigualdotadino.it\/wp-content\/uploads\/2022\/01\/copertina.jpeg?resize=350%2C200&ssl=1 1x, https:\/\/i0.wp.com\/caigualdotadino.it\/wp-content\/uploads\/2022\/01\/copertina.jpeg?resize=525%2C300&ssl=1 1.5x, https:\/\/i0.wp.com\/caigualdotadino.it\/wp-content\/uploads\/2022\/01\/copertina.jpeg?resize=700%2C400&ssl=1 2x"},"classes":[]},{"id":4692,"url":"https:\/\/caigualdotadino.it\/?p=4692","url_meta":{"origin":3185,"position":1},"title":"Escursione domenica 24 ottobre","author":"pigiax","date":"21 Ottobre 2021","format":"gallery","excerpt":"escursione 24 ottobre 2021.pdf","rel":"","context":"In &quot;4 - ARCHIVIO&quot;","block_context":{"text":"4 - ARCHIVIO","link":"https:\/\/caigualdotadino.it\/?cat=34"},"img":{"alt_text":"","src":"","width":0,"height":0},"classes":[]},{"id":3866,"url":"https:\/\/caigualdotadino.it\/?p=3866","url_meta":{"origin":3185,"position":2},"title":"Escursione domenica 13 giugno","author":"pigiax","date":"7 Giugno 2021","format":"gallery","excerpt":"","rel":"","context":"In &quot;4 - ARCHIVIO&quot;","block_context":{"text":"4 - ARCHIVIO","link":"https:\/\/caigualdotadino.it\/?cat=34"},"img":{"alt_text":"","src":"https:\/\/i0.wp.com\/caigualdotadino.it\/wp-content\/uploads\/2021\/06\/Escursione-domenica-13-giugno.jpg?resize=350%2C200&ssl=1","width":350,"height":200,"srcset":"https:\/\/i0.wp.com\/caigualdotadino.it\/wp-content\/uploads\/2021\/06\/Escursione-domenica-13-giugno.jpg?resize=350%2C200&ssl=1 1x, https:\/\/i0.wp.com\/caigualdotadino.it\/wp-content\/uploads\/2021\/06\/Escursione-domenica-13-giugno.jpg?resize=525%2C300&ssl=1 1.5x, https:\/\/i0.wp.com\/caigualdotadino.it\/wp-content\/uploads\/2021\/06\/Escursione-domenica-13-giugno.jpg?resize=700%2C400&ssl=1 2x"},"classes":[]},{"id":124,"url":"https:\/\/caigualdotadino.it\/?p=124","url_meta":{"origin":3185,"position":3},"title":"29 luglio Escursione rio Garrafo","author":"pigiax","date":"24 Luglio 2012","format":false,"excerpt":"DOMENICA 29 LUGLIO 2012 ESCURSIONE AL \u201cRIO GARRAFO\u201d ACQUASANTA TERME (ASCOLI PICENO) PRENOTAZIONE OBBLIGATORIA ENTRO SABATO 28.07.2012 ALLE ORE 12:00 Ulteriori informazioni nell'allegato. Direttori di escursione (INFO): Franco Palazzoni cell. 333 2804932 Mauro Tavone cell. 333 5275139","rel":"","context":"In &quot;4 - ARCHIVIO&quot;","block_context":{"text":"4 - ARCHIVIO","link":"https:\/\/caigualdotadino.it\/?cat=34"},"img":{"alt_text":"","src":"","width":0,"height":0},"classes":[]},{"id":6503,"url":"https:\/\/caigualdotadino.it\/?p=6503","url_meta":{"origin":3185,"position":4},"title":"Fwd: Escursione domenica 23 ottobre","author":"pigiax","date":"19 Ottobre 2022","format":"gallery","excerpt":"","rel":"","context":"In &quot;4 - ARCHIVIO&quot;","block_context":{"text":"4 - ARCHIVIO","link":"https:\/\/caigualdotadino.it\/?cat=34"},"img":{"alt_text":"","src":"https:\/\/i0.wp.com\/caigualdotadino.it\/wp-content\/uploads\/2022\/10\/IMG-20221017-WA0006.jpg?resize=350%2C200&ssl=1","width":350,"height":200,"srcset":"https:\/\/i0.wp.com\/caigualdotadino.it\/wp-content\/uploads\/2022\/10\/IMG-20221017-WA0006.jpg?resize=350%2C200&ssl=1 1x, https:\/\/i0.wp.com\/caigualdotadino.it\/wp-content\/uploads\/2022\/10\/IMG-20221017-WA0006.jpg?resize=525%2C300&ssl=1 1.5x, https:\/\/i0.wp.com\/caigualdotadino.it\/wp-content\/uploads\/2022\/10\/IMG-20221017-WA0006.jpg?resize=700%2C400&ssl=1 2x"},"classes":[]},{"id":10529,"url":"https:\/\/caigualdotadino.it\/?p=10529","url_meta":{"origin":3185,"position":5},"title":"Escursione in collina &#8211;  10\/11\/2024","author":"Antonella Recchioni","date":"7 Novembre 2024","format":"gallery","excerpt":"","rel":"","context":"In &quot;4 - ARCHIVIO&quot;","block_context":{"text":"4 - ARCHIVIO","link":"https:\/\/caigualdotadino.it\/?cat=34"},"img":{"alt_text":"","src":"https:\/\/i0.wp.com\/caigualdotadino.it\/wp-content\/uploads\/2024\/11\/San-Lazzaro-Montecamera_page-0001.jpg?resize=350%2C200&ssl=1","width":350,"height":200,"srcset":"https:\/\/i0.wp.com\/caigualdotadino.it\/wp-content\/uploads\/2024\/11\/San-Lazzaro-Montecamera_page-0001.jpg?resize=350%2C200&ssl=1 1x, https:\/\/i0.wp.com\/caigualdotadino.it\/wp-content\/uploads\/2024\/11\/San-Lazzaro-Montecamera_page-0001.jpg?resize=525%2C300&ssl=1 1.5x, https:\/\/i0.wp.com\/caigualdotadino.it\/wp-content\/uploads\/2024\/11\/San-Lazzaro-Montecamera_page-0001.jpg?resize=700%2C400&ssl=1 2x"},"classes":[]}],"jetpack_sharing_enabled":true,"_links":{"self":[{"href":"https:\/\/caigualdotadino.it\/index.php?rest_route=\/wp\/v2\/posts\/3185","targetHints":{"allow":["GET"]}}],"collection":[{"href":"https:\/\/caigualdotadino.it\/index.php?rest_route=\/wp\/v2\/posts"}],"about":[{"href":"https:\/\/caigualdotadino.it\/index.php?rest_route=\/wp\/v2\/types\/post"}],"author":[{"embeddable":true,"href":"https:\/\/caigualdotadino.it\/index.php?rest_route=\/wp\/v2\/users\/1"}],"replies":[{"embeddable":true,"href":"https:\/\/caigualdotadino.it\/index.php?rest_route=%2Fwp%2Fv2%2Fcomments&post=3185"}],"version-history":[{"count":17,"href":"https:\/\/caigualdotadino.it\/index.php?rest_route=\/wp\/v2\/posts\/3185\/revisions"}],"predecessor-version":[{"id":3464,"href":"https:\/\/caigualdotadino.it\/index.php?rest_route=\/wp\/v2\/posts\/3185\/revisions\/3464"}],"wp:attachment":[{"href":"https:\/\/caigualdotadino.it\/index.php?rest_route=%2Fwp%2Fv2%2Fmedia&parent=3185"}],"wp:term":[{"taxonomy":"category","embeddable":true,"href":"https:\/\/caigualdotadino.it\/index.php?rest_route=%2Fwp%2Fv2%2Fcategories&post=3185"},{"taxonomy":"post_tag","embeddable":true,"href":"https:\/\/caigualdotadino.it\/index.php?rest_route=%2Fwp%2Fv2%2Ftags&post=3185"}],"curies":[{"name":"wp","href":"https:\/\/api.w.org\/{rel}","templated":true}]}}