{"id":297,"date":"2015-08-04T22:48:16","date_gmt":"2015-08-04T20:48:16","guid":{"rendered":"http:\/\/caigualdotadino.it\/2015\/08\/04\/domenica-9-agosto-gran-sasso\/"},"modified":"2021-02-28T16:27:10","modified_gmt":"2021-02-28T15:27:10","slug":"domenica-9-agosto-gran-sasso","status":"publish","type":"post","link":"https:\/\/caigualdotadino.it\/?p=297","title":{"rendered":"Domenica 9 Agosto &#8211; Gran Sasso"},"content":{"rendered":"<div>Escursione al Corno Grande del Gran Sasso (via normale).<\/div>\n<\/p>\n<div>Partenza: ore 5 con mezzi propri dal piazzale antistante il Famila.<\/div>\n<div>Arrivo: ore 8,30 circa arrivo ad Assergi. Salita a Campo Imperatore con la cabinovia (costo circa 20 euro a.r.). All\u2019arrivo della cabinovia (2.100m) inizier\u00e0 l\u2019escursione.<\/div>\n<div>Percorso: salita al Corno Grande (2.915 m) attraverso il sentiero (815 m di dislivello) e ritorno per lo stesso sentiero.<\/div>\n<div>Difficolt\u00e0: EE (per il dislivello)<\/div>\n<div>Tempi: 6 h circa (a.r)<\/div>\n<div>Pranzo: al sacco<\/div>\n<div>Abbigliamento: da alta montagna (scarponi, giacca a vento, acqua in abbondanza)<\/div>\n<div>Prenotazioni: E\u2019 assolutamente richiesta l\u2019adesione entro le ore  20,00 di sabato 8 agosto telefonando a:<\/div>\n<\/p>\n<div>Enzo Bozzi\t\t   338 181 8856<\/div>\n<div>Angelo Santarelli 338 889 5769<\/div>\n","protected":false},"excerpt":{"rendered":"<p>Escursione al Corno Grande del Gran Sasso (via normale). Partenza: ore 5 con mezzi propri dal piazzale antistante il Famila. Arrivo: ore 8,30 circa arrivo &hellip;<\/p>\n","protected":false},"author":1,"featured_media":0,"comment_status":"closed","ping_status":"closed","sticky":false,"template":"","format":"standard","meta":{"_jetpack_memberships_contains_paid_content":false,"footnotes":""},"categories":[34,35],"tags":[],"class_list":["post-297","post","type-post","status-publish","format-standard","hentry","category-archivio","category-escursioni"],"jetpack_featured_media_url":"","jetpack-related-posts":[{"id":323,"url":"https:\/\/caigualdotadino.it\/?p=323","url_meta":{"origin":297,"position":0},"title":"Domenica 21 Agosto &#8211; Il Sasso Spicco e l\u2019Eremo di Montecasale","author":"pigiax","date":"19 Agosto 2016","format":false,"excerpt":"Partenza: ore 07,00 (parcheggio Famila) con mezzi propri. Partenza escursione: ore 8,30 circa da La Villa Tempo di percorrenza: 4,30 ore circa Dislivello: 450m in salita e 450m in discesa Difficolt\u00e0: E Pranzo al sacco Il sentiero, ad anello, \u00e8 descritto da Enzo Cori nel libro \u201cUmbria: le pi\u00f9 belle\u2026","rel":"","context":"In &quot;4 - ARCHIVIO&quot;","block_context":{"text":"4 - ARCHIVIO","link":"https:\/\/caigualdotadino.it\/?cat=34"},"img":{"alt_text":"","src":"","width":0,"height":0},"classes":[]},{"id":120,"url":"https:\/\/caigualdotadino.it\/?p=120","url_meta":{"origin":297,"position":1},"title":"Escursione al Gran Sasso","author":"pigiax","date":"13 Giugno 2012","format":false,"excerpt":"16 - 17 Giugno Partenze: 1\u00b0:ore 12,00 -\u00a02\u00b0:ore 5,00 di sabato dalla sede del CAI in via Rocchetta \u00a0 Si raggiunger\u00e0 la vetta del Gran Sasso salendo dal versante teramano che segue un percorso in un abiente molto caratteristico, veramente unico. La partenza \u00e8 alle ore 12 dalla sede del\u2026","rel":"","context":"In &quot;4 - ARCHIVIO&quot;","block_context":{"text":"4 - ARCHIVIO","link":"https:\/\/caigualdotadino.it\/?cat=34"},"img":{"alt_text":"","src":"","width":0,"height":0},"classes":[]},{"id":359,"url":"https:\/\/caigualdotadino.it\/?p=359","url_meta":{"origin":297,"position":2},"title":"19 e 20 Agosto &#8211; Escursione al Gran Sasso","author":"pigiax","date":"12 Agosto 2017","format":false,"excerpt":"Come da calendario \u00e8 stata programmata un\u2019escursione al Gran Sasso (via normale, Corno Grande) per il 20 agosto. Data la distanza da Gualdo Tadino, \u00e8 indispensabile partire sabato pomeriggio 19 agosto con pernottamento all\u2019hotel Miramonti a Prati di Tivo (costo 50 euro a persona per mezza pensione con cena di\u2026","rel":"","context":"In &quot;4 - ARCHIVIO&quot;","block_context":{"text":"4 - ARCHIVIO","link":"https:\/\/caigualdotadino.it\/?cat=34"},"img":{"alt_text":"","src":"","width":0,"height":0},"classes":[]},{"id":4028,"url":"https:\/\/caigualdotadino.it\/?p=4028","url_meta":{"origin":297,"position":3},"title":"Escursione Domenica 25 luglio","author":"Antonella Recchioni","date":"20 Luglio 2021","format":"gallery","excerpt":"Club Alpino Italiano Sezione di Gualdo Tadino TRAVERSATA DA FRONTONE A VALDORBIA Partenza: ore 08.00 dal parcheggio del Gala ITINERARIO:\u00a0 CAPRILE DI FRONTONE \u2013 FUNIVIA DEL CATRIA \u2013 COTALINE (M.ACUTO) \u2013 SELLA DELL\u2019INFILATOIO \u2013 CIMA M.CATRIA \u2013 PIAN D\u2019ORTICA \u2013 RIFUGIO BOCCATORE \u2013 CORNO DEL CATRIA \u2013 VALDORBIA LA FUNIVIA\u2026","rel":"","context":"In &quot;4 - ARCHIVIO&quot;","block_context":{"text":"4 - ARCHIVIO","link":"https:\/\/caigualdotadino.it\/?cat=34"},"img":{"alt_text":"Questa immagine ha l'attributo alt vuoto; il nome del file \u00e8 image.png","src":"https:\/\/i0.wp.com\/caigualdotadino.it\/wp-content\/uploads\/2021\/05\/image.png?resize=350%2C200&ssl=1","width":350,"height":200},"classes":[]},{"id":11234,"url":"https:\/\/caigualdotadino.it\/?p=11234","url_meta":{"origin":297,"position":4},"title":"Corno Grande del Gran Sasso d\u2019Italia &#8211; 27\/07\/2025","author":"Antonella Recchioni","date":"24 Luglio 2025","format":"gallery","excerpt":"","rel":"","context":"In &quot;4 - ARCHIVIO&quot;","block_context":{"text":"4 - ARCHIVIO","link":"https:\/\/caigualdotadino.it\/?cat=34"},"img":{"alt_text":"","src":"https:\/\/i0.wp.com\/caigualdotadino.it\/wp-content\/uploads\/2025\/07\/gransa-sasso-27-luglo-2025_page-0001.jpg?resize=350%2C200&ssl=1","width":350,"height":200,"srcset":"https:\/\/i0.wp.com\/caigualdotadino.it\/wp-content\/uploads\/2025\/07\/gransa-sasso-27-luglo-2025_page-0001.jpg?resize=350%2C200&ssl=1 1x, https:\/\/i0.wp.com\/caigualdotadino.it\/wp-content\/uploads\/2025\/07\/gransa-sasso-27-luglo-2025_page-0001.jpg?resize=525%2C300&ssl=1 1.5x, https:\/\/i0.wp.com\/caigualdotadino.it\/wp-content\/uploads\/2025\/07\/gransa-sasso-27-luglo-2025_page-0001.jpg?resize=700%2C400&ssl=1 2x"},"classes":[]},{"id":290,"url":"https:\/\/caigualdotadino.it\/?p=290","url_meta":{"origin":297,"position":5},"title":"Marted\u00ec 2 Giugno &#8211; Le 5 cime di Gualdo","author":"pigiax","date":"28 Maggio 2015","format":false,"excerpt":"Questa escursione collega le cinque cime che sormontano la nostra citt\u00e0 (monte Senate, monte Maggio, Serrasanta, monte Nero e monte Penna), \u00e8 panoramico e di grande soddisfazione. Sar\u00e0 possibile vedere il mare adriatico come il lago trasimeno, il monte Nerone come i Sibillini e\u2026 . La partenza \u00e8 dal Castagneto\u2026","rel":"","context":"In &quot;4 - ARCHIVIO&quot;","block_context":{"text":"4 - ARCHIVIO","link":"https:\/\/caigualdotadino.it\/?cat=34"},"img":{"alt_text":"","src":"","width":0,"height":0},"classes":[]}],"jetpack_sharing_enabled":true,"_links":{"self":[{"href":"https:\/\/caigualdotadino.it\/index.php?rest_route=\/wp\/v2\/posts\/297","targetHints":{"allow":["GET"]}}],"collection":[{"href":"https:\/\/caigualdotadino.it\/index.php?rest_route=\/wp\/v2\/posts"}],"about":[{"href":"https:\/\/caigualdotadino.it\/index.php?rest_route=\/wp\/v2\/types\/post"}],"author":[{"embeddable":true,"href":"https:\/\/caigualdotadino.it\/index.php?rest_route=\/wp\/v2\/users\/1"}],"replies":[{"embeddable":true,"href":"https:\/\/caigualdotadino.it\/index.php?rest_route=%2Fwp%2Fv2%2Fcomments&post=297"}],"version-history":[{"count":1,"href":"https:\/\/caigualdotadino.it\/index.php?rest_route=\/wp\/v2\/posts\/297\/revisions"}],"predecessor-version":[{"id":940,"href":"https:\/\/caigualdotadino.it\/index.php?rest_route=\/wp\/v2\/posts\/297\/revisions\/940"}],"wp:attachment":[{"href":"https:\/\/caigualdotadino.it\/index.php?rest_route=%2Fwp%2Fv2%2Fmedia&parent=297"}],"wp:term":[{"taxonomy":"category","embeddable":true,"href":"https:\/\/caigualdotadino.it\/index.php?rest_route=%2Fwp%2Fv2%2Fcategories&post=297"},{"taxonomy":"post_tag","embeddable":true,"href":"https:\/\/caigualdotadino.it\/index.php?rest_route=%2Fwp%2Fv2%2Ftags&post=297"}],"curies":[{"name":"wp","href":"https:\/\/api.w.org\/{rel}","templated":true}]}}