{"id":11101,"date":"2025-05-24T11:58:11","date_gmt":"2025-05-24T09:58:11","guid":{"rendered":"https:\/\/caigualdotadino.it\/?p=11101"},"modified":"2025-05-24T11:58:16","modified_gmt":"2025-05-24T09:58:16","slug":"raduno-regionale-cai-umbria-08-06-2025","status":"publish","type":"post","link":"https:\/\/caigualdotadino.it\/?p=11101","title":{"rendered":"Raduno Regionale CAI Umbria -08\/06\/2025"},"content":{"rendered":"<div class=\"wp-block-image\">\n<figure class=\"aligncenter size-full is-resized\"><img loading=\"lazy\" decoding=\"async\" width=\"724\" height=\"1024\" src=\"https:\/\/caigualdotadino.it\/wp-content\/uploads\/2025\/05\/raduno-regionale_page-0001.jpg\" alt=\"\" class=\"wp-image-11102\" style=\"width:747px;height:auto\" srcset=\"https:\/\/caigualdotadino.it\/wp-content\/uploads\/2025\/05\/raduno-regionale_page-0001.jpg 724w, https:\/\/caigualdotadino.it\/wp-content\/uploads\/2025\/05\/raduno-regionale_page-0001-212x300.jpg 212w\" sizes=\"auto, (max-width: 724px) 100vw, 724px\" \/><\/figure>\n<\/div>\n\n<div class=\"wp-block-image\">\n<figure class=\"aligncenter size-full is-resized\"><img loading=\"lazy\" decoding=\"async\" width=\"724\" height=\"1024\" src=\"https:\/\/caigualdotadino.it\/wp-content\/uploads\/2025\/05\/raduno-regionale_page-0002.jpg\" alt=\"\" class=\"wp-image-11104\" style=\"width:752px;height:auto\" srcset=\"https:\/\/caigualdotadino.it\/wp-content\/uploads\/2025\/05\/raduno-regionale_page-0002.jpg 724w, https:\/\/caigualdotadino.it\/wp-content\/uploads\/2025\/05\/raduno-regionale_page-0002-212x300.jpg 212w\" sizes=\"auto, (max-width: 724px) 100vw, 724px\" \/><\/figure>\n<\/div>","protected":false},"excerpt":{"rendered":"","protected":false},"author":2,"featured_media":0,"comment_status":"closed","ping_status":"closed","sticky":false,"template":"","format":"gallery","meta":{"_jetpack_memberships_contains_paid_content":false,"footnotes":""},"categories":[34,35],"tags":[],"class_list":["post-11101","post","type-post","status-publish","format-gallery","hentry","category-archivio","category-escursioni","post_format-post-format-gallery"],"jetpack_featured_media_url":"","jetpack-related-posts":[{"id":7692,"url":"https:\/\/caigualdotadino.it\/?p=7692","url_meta":{"origin":11101,"position":0},"title":"Domenica 04 giugno &#8211; RADUNO REGIONALE CAI UMBRIA","author":"Antonella Recchioni","date":"13 Maggio 2023","format":"gallery","excerpt":"RADUNO REGIONALE CAI UMBRIA Organizzato dalla Sezione CAI Orvieto RADUNO-REGIONALE-CAI-ORVIETO-2023Download","rel":"","context":"In &quot;4 - ARCHIVIO&quot;","block_context":{"text":"4 - ARCHIVIO","link":"https:\/\/caigualdotadino.it\/?cat=34"},"img":{"alt_text":"","src":"","width":0,"height":0},"classes":[]},{"id":325,"url":"https:\/\/caigualdotadino.it\/?p=325","url_meta":{"origin":11101,"position":1},"title":"Domenica 18 Settembre &#8211; Raduno Regionale a Ferentillo","author":"pigiax","date":"13 Settembre 2016","format":false,"excerpt":"Il Cai di Terni organizza il tradizionale Raduno Regionale. ore 8.45: ritrovo presso il Centro Formativo Regionale SASU Ferentillo e organizzazione gruppi attivit\u00e0 Ore 9,00:inizio attivit\u00e0: Escursione. Sentiero Ferentillo - Nicciano passando per la Rocca e Gabbio. Durante l\u2019escursione incontreremo e visiteremo delle chiese a Gabbio, Nicciano e Ferentillo dove\u2026","rel":"","context":"In &quot;4 - ARCHIVIO&quot;","block_context":{"text":"4 - ARCHIVIO","link":"https:\/\/caigualdotadino.it\/?cat=34"},"img":{"alt_text":"","src":"","width":0,"height":0},"classes":[]},{"id":291,"url":"https:\/\/caigualdotadino.it\/?p=291","url_meta":{"origin":11101,"position":2},"title":"Domenica 21 Giugno &#8211; Raduno regionale","author":"pigiax","date":"29 Maggio 2015","format":false,"excerpt":"Domenica 21 Giugno si terr\u00e0 il Raduno Regionale organizzato dal gruppo CAI di Citt\u00e0 di Castello. In allegato il programma ricco di attivit\u00e0.","rel":"","context":"In &quot;4 - ARCHIVIO&quot;","block_context":{"text":"4 - ARCHIVIO","link":"https:\/\/caigualdotadino.it\/?cat=34"},"img":{"alt_text":"","src":"","width":0,"height":0},"classes":[]},{"id":10179,"url":"https:\/\/caigualdotadino.it\/?p=10179","url_meta":{"origin":11101,"position":3},"title":"Raduna Regionale CAI &#8211; 22\/09\/2024","author":"Antonella Recchioni","date":"23 Luglio 2024","format":"gallery","excerpt":"Il Raduno regionale CAI 2024 verr\u00e0 organizzato dalla sezione di Terni domenica 22 Settembre. La partenza da Gualdo Tadino \u00e8 prevista alle ore 07,45 dal parcheggio Gala.Chi vorr\u00e0 usufruire del pranzo dovr\u00e0 prenotarsi entro Gioved\u00ec 12Settembre contattando Franco Palazzoni al 3283057249 o scrivendo sulla chat (al momento risultano 5 partecipanti).\u2026","rel":"","context":"In &quot;4 - ARCHIVIO&quot;","block_context":{"text":"4 - ARCHIVIO","link":"https:\/\/caigualdotadino.it\/?cat=34"},"img":{"alt_text":"","src":"https:\/\/i0.wp.com\/caigualdotadino.it\/wp-content\/uploads\/2024\/06\/raduno-regionale-1-1.jpg?resize=350%2C200&ssl=1","width":350,"height":200,"srcset":"https:\/\/i0.wp.com\/caigualdotadino.it\/wp-content\/uploads\/2024\/06\/raduno-regionale-1-1.jpg?resize=350%2C200&ssl=1 1x, https:\/\/i0.wp.com\/caigualdotadino.it\/wp-content\/uploads\/2024\/06\/raduno-regionale-1-1.jpg?resize=525%2C300&ssl=1 1.5x, https:\/\/i0.wp.com\/caigualdotadino.it\/wp-content\/uploads\/2024\/06\/raduno-regionale-1-1.jpg?resize=700%2C400&ssl=1 2x"},"classes":[]},{"id":10759,"url":"https:\/\/caigualdotadino.it\/?p=10759","url_meta":{"origin":11101,"position":4},"title":"2025","author":"Antonella Recchioni","date":"31 Gennaio 2025","format":"gallery","excerpt":"Polentata al rifugio CAI 14\/12\/2025 La prima neve di Stagione 23\/11\/2025 Festa della Montagna 07\/09\/2025 Valsorda - Monte Alago 31\/08\/2025 Valsorda - Concerta PFM 09\/08\/2025 Da Frontone all'Eremo di Fonte Avellana 20\/07\/2025 Notturna 12\/07\/2025 Raduno Regionale 08\/06\/2025 Ascensione 01\/06\/2025 Ponte di Sellano 10\/05\/2025 Monte Maggio - Senate 04\/05\/2025 Valsorda -\u2026","rel":"","context":"In &quot;4 - ARCHIVIO&quot;","block_context":{"text":"4 - ARCHIVIO","link":"https:\/\/caigualdotadino.it\/?cat=34"},"img":{"alt_text":"","src":"https:\/\/i0.wp.com\/caigualdotadino.it\/wp-content\/uploads\/2025\/01\/polentata-6.jpeg?resize=350%2C200&ssl=1","width":350,"height":200,"srcset":"https:\/\/i0.wp.com\/caigualdotadino.it\/wp-content\/uploads\/2025\/01\/polentata-6.jpeg?resize=350%2C200&ssl=1 1x, https:\/\/i0.wp.com\/caigualdotadino.it\/wp-content\/uploads\/2025\/01\/polentata-6.jpeg?resize=525%2C300&ssl=1 1.5x, https:\/\/i0.wp.com\/caigualdotadino.it\/wp-content\/uploads\/2025\/01\/polentata-6.jpeg?resize=700%2C400&ssl=1 2x"},"classes":[]},{"id":419,"url":"https:\/\/caigualdotadino.it\/?p=419","url_meta":{"origin":11101,"position":5},"title":"Domenica 1 Settembre &#8211; Raduno Regionale","author":"pigiax","date":"28 Agosto 2019","format":"gallery","excerpt":"","rel":"","context":"In &quot;4 - ARCHIVIO&quot;","block_context":{"text":"4 - ARCHIVIO","link":"https:\/\/caigualdotadino.it\/?cat=34"},"img":{"alt_text":"","src":"https:\/\/i0.wp.com\/caigualdotadino.it\/wp-content\/uploads\/2019\/08\/brochure-raduno-2019_page-0001.jpg?resize=350%2C200&ssl=1","width":350,"height":200,"srcset":"https:\/\/i0.wp.com\/caigualdotadino.it\/wp-content\/uploads\/2019\/08\/brochure-raduno-2019_page-0001.jpg?resize=350%2C200&ssl=1 1x, https:\/\/i0.wp.com\/caigualdotadino.it\/wp-content\/uploads\/2019\/08\/brochure-raduno-2019_page-0001.jpg?resize=525%2C300&ssl=1 1.5x, https:\/\/i0.wp.com\/caigualdotadino.it\/wp-content\/uploads\/2019\/08\/brochure-raduno-2019_page-0001.jpg?resize=700%2C400&ssl=1 2x"},"classes":[]}],"jetpack_sharing_enabled":true,"_links":{"self":[{"href":"https:\/\/caigualdotadino.it\/index.php?rest_route=\/wp\/v2\/posts\/11101","targetHints":{"allow":["GET"]}}],"collection":[{"href":"https:\/\/caigualdotadino.it\/index.php?rest_route=\/wp\/v2\/posts"}],"about":[{"href":"https:\/\/caigualdotadino.it\/index.php?rest_route=\/wp\/v2\/types\/post"}],"author":[{"embeddable":true,"href":"https:\/\/caigualdotadino.it\/index.php?rest_route=\/wp\/v2\/users\/2"}],"replies":[{"embeddable":true,"href":"https:\/\/caigualdotadino.it\/index.php?rest_route=%2Fwp%2Fv2%2Fcomments&post=11101"}],"version-history":[{"count":1,"href":"https:\/\/caigualdotadino.it\/index.php?rest_route=\/wp\/v2\/posts\/11101\/revisions"}],"predecessor-version":[{"id":11105,"href":"https:\/\/caigualdotadino.it\/index.php?rest_route=\/wp\/v2\/posts\/11101\/revisions\/11105"}],"wp:attachment":[{"href":"https:\/\/caigualdotadino.it\/index.php?rest_route=%2Fwp%2Fv2%2Fmedia&parent=11101"}],"wp:term":[{"taxonomy":"category","embeddable":true,"href":"https:\/\/caigualdotadino.it\/index.php?rest_route=%2Fwp%2Fv2%2Fcategories&post=11101"},{"taxonomy":"post_tag","embeddable":true,"href":"https:\/\/caigualdotadino.it\/index.php?rest_route=%2Fwp%2Fv2%2Ftags&post=11101"}],"curies":[{"name":"wp","href":"https:\/\/api.w.org\/{rel}","templated":true}]}}