{"id":11055,"date":"2025-05-08T19:11:49","date_gmt":"2025-05-08T17:11:49","guid":{"rendered":"https:\/\/caigualdotadino.it\/?p=11055"},"modified":"2025-05-08T19:11:54","modified_gmt":"2025-05-08T17:11:54","slug":"la-scienza-dei-rifugi-sabato-17-maggio-0re-17-00","status":"publish","type":"post","link":"https:\/\/caigualdotadino.it\/?p=11055","title":{"rendered":"La scienza dei rifugi &#8211; Sabato 17 maggio 0re 17.00"},"content":{"rendered":"<div class=\"wp-block-image\">\n<figure class=\"aligncenter size-large is-resized\"><img loading=\"lazy\" decoding=\"async\" width=\"722\" height=\"1024\" src=\"https:\/\/caigualdotadino.it\/wp-content\/uploads\/2025\/05\/incontro-rifugio.jpg\" alt=\"\" class=\"wp-image-11057\" style=\"width:666px;height:auto\" srcset=\"https:\/\/caigualdotadino.it\/wp-content\/uploads\/2025\/05\/incontro-rifugio.jpg 722w, https:\/\/caigualdotadino.it\/wp-content\/uploads\/2025\/05\/incontro-rifugio-212x300.jpg 212w\" sizes=\"auto, (max-width: 722px) 100vw, 722px\" \/><\/figure>\n<\/div>","protected":false},"excerpt":{"rendered":"","protected":false},"author":2,"featured_media":0,"comment_status":"closed","ping_status":"closed","sticky":false,"template":"","format":"gallery","meta":{"_jetpack_memberships_contains_paid_content":false,"footnotes":""},"categories":[34,39],"tags":[],"class_list":["post-11055","post","type-post","status-publish","format-gallery","hentry","category-archivio","category-comunicati-delle-sezione","post_format-post-format-gallery"],"jetpack_featured_media_url":"","jetpack-related-posts":[{"id":368,"url":"https:\/\/caigualdotadino.it\/?p=368","url_meta":{"origin":11055,"position":0},"title":"Precisazione in riferimento al rifugio M.Maggio","author":"pigiax","date":"27 Novembre 2017","format":false,"excerpt":"Lo Sci Club Valsorda \u201cR.Matarazzi\u201d di Gualdo Tadino, nel comunicato stampa diffuso il 21 novembre scorso, afferma, tra le altre cose, che \u201cha promosso l\u2019attivit\u00e0 di sci di fondo e sci escursionismo in una delle tre stazioni della Provincia di Perugia. Attivit\u00e0 che \u00e8 stata supportata in questi anni dalla\u2026","rel":"","context":"In &quot;4 - ARCHIVIO&quot;","block_context":{"text":"4 - ARCHIVIO","link":"https:\/\/caigualdotadino.it\/?cat=34"},"img":{"alt_text":"","src":"","width":0,"height":0},"classes":[]},{"id":9755,"url":"https:\/\/caigualdotadino.it\/?p=9755","url_meta":{"origin":11055,"position":1},"title":"Sabato 23 marzo 2024","author":"Antonella Recchioni","date":"4 Marzo 2024","format":"gallery","excerpt":"","rel":"","context":"In &quot;4 - ARCHIVIO&quot;","block_context":{"text":"4 - ARCHIVIO","link":"https:\/\/caigualdotadino.it\/?cat=34"},"img":{"alt_text":"","src":"https:\/\/i0.wp.com\/caigualdotadino.it\/wp-content\/uploads\/2024\/03\/assemblea-23-marzo.jpg?resize=350%2C200&ssl=1","width":350,"height":200,"srcset":"https:\/\/i0.wp.com\/caigualdotadino.it\/wp-content\/uploads\/2024\/03\/assemblea-23-marzo.jpg?resize=350%2C200&ssl=1 1x, https:\/\/i0.wp.com\/caigualdotadino.it\/wp-content\/uploads\/2024\/03\/assemblea-23-marzo.jpg?resize=525%2C300&ssl=1 1.5x, https:\/\/i0.wp.com\/caigualdotadino.it\/wp-content\/uploads\/2024\/03\/assemblea-23-marzo.jpg?resize=700%2C400&ssl=1 2x"},"classes":[]},{"id":11991,"url":"https:\/\/caigualdotadino.it\/?p=11991","url_meta":{"origin":11055,"position":2},"title":"ASSEMBLEA ORDINARIA DEI SOCI &#8211; Sabato 28 marzo2026","author":"Antonella Recchioni","date":"17 Marzo 2026","format":"gallery","excerpt":"","rel":"","context":"In &quot;4 - ARCHIVIO&quot;","block_context":{"text":"4 - ARCHIVIO","link":"https:\/\/caigualdotadino.it\/?cat=34"},"img":{"alt_text":"","src":"https:\/\/i0.wp.com\/caigualdotadino.it\/wp-content\/uploads\/2026\/03\/assemblea-ordinaria-28-Marzo_page-0001.jpg?resize=350%2C200&ssl=1","width":350,"height":200,"srcset":"https:\/\/i0.wp.com\/caigualdotadino.it\/wp-content\/uploads\/2026\/03\/assemblea-ordinaria-28-Marzo_page-0001.jpg?resize=350%2C200&ssl=1 1x, https:\/\/i0.wp.com\/caigualdotadino.it\/wp-content\/uploads\/2026\/03\/assemblea-ordinaria-28-Marzo_page-0001.jpg?resize=525%2C300&ssl=1 1.5x, https:\/\/i0.wp.com\/caigualdotadino.it\/wp-content\/uploads\/2026\/03\/assemblea-ordinaria-28-Marzo_page-0001.jpg?resize=700%2C400&ssl=1 2x"},"classes":[]},{"id":8965,"url":"https:\/\/caigualdotadino.it\/?p=8965","url_meta":{"origin":11055,"position":3},"title":"Domenica 17 dicembre &#8211; Auguri con polentata al rifugio Monte Maggio","author":"Antonella Recchioni","date":"13 Dicembre 2023","format":"gallery","excerpt":"","rel":"","context":"In &quot;4 - ARCHIVIO&quot;","block_context":{"text":"4 - ARCHIVIO","link":"https:\/\/caigualdotadino.it\/?cat=34"},"img":{"alt_text":"","src":"https:\/\/i0.wp.com\/caigualdotadino.it\/wp-content\/uploads\/2023\/12\/Polentata-17-dicembre_page-0001-2.jpg?resize=350%2C200&ssl=1","width":350,"height":200,"srcset":"https:\/\/i0.wp.com\/caigualdotadino.it\/wp-content\/uploads\/2023\/12\/Polentata-17-dicembre_page-0001-2.jpg?resize=350%2C200&ssl=1 1x, https:\/\/i0.wp.com\/caigualdotadino.it\/wp-content\/uploads\/2023\/12\/Polentata-17-dicembre_page-0001-2.jpg?resize=525%2C300&ssl=1 1.5x, https:\/\/i0.wp.com\/caigualdotadino.it\/wp-content\/uploads\/2023\/12\/Polentata-17-dicembre_page-0001-2.jpg?resize=700%2C400&ssl=1 2x"},"classes":[]},{"id":17,"url":"https:\/\/caigualdotadino.it\/?p=17","url_meta":{"origin":11055,"position":4},"title":"Utilizzo del Rifugio","author":"pigiax","date":"25 Febbraio 2011","format":false,"excerpt":"Continuano a pervenire al consiglio direttivo della sezione Cai di Gualdo Tadino delle richieste di utilizzo del rifugio Monte Maggio che risultano improprie rispetto al regolamento vigente.. A tale proposito ricordiamo che il rifugio \u00e8 di propriet\u00e0 comunale ed \u00e8 stato assegnato in gestione al Cai sulla base di una\u2026","rel":"","context":"In &quot;4 - ARCHIVIO&quot;","block_context":{"text":"4 - ARCHIVIO","link":"https:\/\/caigualdotadino.it\/?cat=34"},"img":{"alt_text":"","src":"","width":0,"height":0},"classes":[]},{"id":5078,"url":"https:\/\/caigualdotadino.it\/?p=5078","url_meta":{"origin":11055,"position":5},"title":"Corso base di escursionismo","author":"pigiax","date":"17 Gennaio 2022","format":"gallery","excerpt":"CORSO BASE DI ESCURSIONISMO E1 e DOMANDA DI PARTECIPAZIONE.docx","rel":"","context":"In &quot;4 - ARCHIVIO&quot;","block_context":{"text":"4 - ARCHIVIO","link":"https:\/\/caigualdotadino.it\/?cat=34"},"img":{"alt_text":"","src":"","width":0,"height":0},"classes":[]}],"jetpack_sharing_enabled":true,"_links":{"self":[{"href":"https:\/\/caigualdotadino.it\/index.php?rest_route=\/wp\/v2\/posts\/11055","targetHints":{"allow":["GET"]}}],"collection":[{"href":"https:\/\/caigualdotadino.it\/index.php?rest_route=\/wp\/v2\/posts"}],"about":[{"href":"https:\/\/caigualdotadino.it\/index.php?rest_route=\/wp\/v2\/types\/post"}],"author":[{"embeddable":true,"href":"https:\/\/caigualdotadino.it\/index.php?rest_route=\/wp\/v2\/users\/2"}],"replies":[{"embeddable":true,"href":"https:\/\/caigualdotadino.it\/index.php?rest_route=%2Fwp%2Fv2%2Fcomments&post=11055"}],"version-history":[{"count":1,"href":"https:\/\/caigualdotadino.it\/index.php?rest_route=\/wp\/v2\/posts\/11055\/revisions"}],"predecessor-version":[{"id":11058,"href":"https:\/\/caigualdotadino.it\/index.php?rest_route=\/wp\/v2\/posts\/11055\/revisions\/11058"}],"wp:attachment":[{"href":"https:\/\/caigualdotadino.it\/index.php?rest_route=%2Fwp%2Fv2%2Fmedia&parent=11055"}],"wp:term":[{"taxonomy":"category","embeddable":true,"href":"https:\/\/caigualdotadino.it\/index.php?rest_route=%2Fwp%2Fv2%2Fcategories&post=11055"},{"taxonomy":"post_tag","embeddable":true,"href":"https:\/\/caigualdotadino.it\/index.php?rest_route=%2Fwp%2Fv2%2Ftags&post=11055"}],"curies":[{"name":"wp","href":"https:\/\/api.w.org\/{rel}","templated":true}]}}