{"id":10932,"date":"2025-04-09T18:54:36","date_gmt":"2025-04-09T16:54:36","guid":{"rendered":"https:\/\/caigualdotadino.it\/?p=10932"},"modified":"2025-04-09T18:54:44","modified_gmt":"2025-04-09T16:54:44","slug":"ripulitura-dei-sentieri-13-04-2025","status":"publish","type":"post","link":"https:\/\/caigualdotadino.it\/?p=10932","title":{"rendered":"Ripulitura dei sentieri &#8211; 13\/04\/2025"},"content":{"rendered":"<div class=\"wp-block-image\">\n<figure class=\"aligncenter size-full is-resized\"><img loading=\"lazy\" decoding=\"async\" width=\"724\" height=\"1024\" src=\"https:\/\/caigualdotadino.it\/wp-content\/uploads\/2025\/04\/Ripulitura-sentieri_page-0001.jpg\" alt=\"\" class=\"wp-image-10933\" style=\"width:756px;height:auto\" srcset=\"https:\/\/caigualdotadino.it\/wp-content\/uploads\/2025\/04\/Ripulitura-sentieri_page-0001.jpg 724w, https:\/\/caigualdotadino.it\/wp-content\/uploads\/2025\/04\/Ripulitura-sentieri_page-0001-212x300.jpg 212w\" sizes=\"auto, (max-width: 724px) 100vw, 724px\" \/><\/figure>\n<\/div>","protected":false},"excerpt":{"rendered":"","protected":false},"author":2,"featured_media":0,"comment_status":"closed","ping_status":"closed","sticky":false,"template":"","format":"gallery","meta":{"_jetpack_memberships_contains_paid_content":false,"footnotes":""},"categories":[34,35],"tags":[],"class_list":["post-10932","post","type-post","status-publish","format-gallery","hentry","category-archivio","category-escursioni","post_format-post-format-gallery"],"jetpack_featured_media_url":"","jetpack-related-posts":[{"id":11114,"url":"https:\/\/caigualdotadino.it\/?p=11114","url_meta":{"origin":10932,"position":0},"title":"Giro dei Monti (Ascensione) &#8211; 01\/06\/2025","author":"Antonella Recchioni","date":"28 Maggio 2025","format":"gallery","excerpt":"Percorso breve Partenza- 8,30 dalla MadonnucciaItinerario- Madonnuccia- sentiero Razzipante- Balza di Mezzogiorno- sentiero del rimboschimento- pian di Buceto- rifugio Cannoine- Valsorda- rifugio CAIDifficolt\u00e0- E (adatto a tutti con un minimo di allenamento) N.B- Chi vorr\u00e0, dalla Balza di Mezzogiorno potr\u00e0 salire all\u2019eremo del Serrasanta per il sentiero delle Crocette Accompagnatori\u2026","rel":"","context":"In &quot;4 - ARCHIVIO&quot;","block_context":{"text":"4 - ARCHIVIO","link":"https:\/\/caigualdotadino.it\/?cat=34"},"img":{"alt_text":"","src":"https:\/\/i0.wp.com\/caigualdotadino.it\/wp-content\/uploads\/2025\/05\/01-giugno-2025-ascensione-giro-dei-monti_page-0001-1.jpg?resize=350%2C200&ssl=1","width":350,"height":200,"srcset":"https:\/\/i0.wp.com\/caigualdotadino.it\/wp-content\/uploads\/2025\/05\/01-giugno-2025-ascensione-giro-dei-monti_page-0001-1.jpg?resize=350%2C200&ssl=1 1x, https:\/\/i0.wp.com\/caigualdotadino.it\/wp-content\/uploads\/2025\/05\/01-giugno-2025-ascensione-giro-dei-monti_page-0001-1.jpg?resize=525%2C300&ssl=1 1.5x, https:\/\/i0.wp.com\/caigualdotadino.it\/wp-content\/uploads\/2025\/05\/01-giugno-2025-ascensione-giro-dei-monti_page-0001-1.jpg?resize=700%2C400&ssl=1 2x"},"classes":[]},{"id":11032,"url":"https:\/\/caigualdotadino.it\/?p=11032","url_meta":{"origin":10932,"position":1},"title":"MONTE LE GRONDE &#8211; 27\/04\/2025","author":"Antonella Recchioni","date":"24 Aprile 2025","format":"gallery","excerpt":"","rel":"","context":"In &quot;4 - ARCHIVIO&quot;","block_context":{"text":"4 - ARCHIVIO","link":"https:\/\/caigualdotadino.it\/?cat=34"},"img":{"alt_text":"","src":"https:\/\/i0.wp.com\/caigualdotadino.it\/wp-content\/uploads\/2025\/04\/ESCURSIONE-MONTE-LE-GRONDE2025_page-0001.jpg?resize=350%2C200&ssl=1","width":350,"height":200,"srcset":"https:\/\/i0.wp.com\/caigualdotadino.it\/wp-content\/uploads\/2025\/04\/ESCURSIONE-MONTE-LE-GRONDE2025_page-0001.jpg?resize=350%2C200&ssl=1 1x, https:\/\/i0.wp.com\/caigualdotadino.it\/wp-content\/uploads\/2025\/04\/ESCURSIONE-MONTE-LE-GRONDE2025_page-0001.jpg?resize=525%2C300&ssl=1 1.5x, https:\/\/i0.wp.com\/caigualdotadino.it\/wp-content\/uploads\/2025\/04\/ESCURSIONE-MONTE-LE-GRONDE2025_page-0001.jpg?resize=700%2C400&ssl=1 2x"},"classes":[]},{"id":10922,"url":"https:\/\/caigualdotadino.it\/?p=10922","url_meta":{"origin":10932,"position":2},"title":"Valsorda- Monte Penna e ritorno &#8211; 06\/04\/2025","author":"Antonella Recchioni","date":"4 Aprile 2025","format":"gallery","excerpt":"","rel":"","context":"In &quot;4 - ARCHIVIO&quot;","block_context":{"text":"4 - ARCHIVIO","link":"https:\/\/caigualdotadino.it\/?cat=34"},"img":{"alt_text":"","src":"https:\/\/i0.wp.com\/caigualdotadino.it\/wp-content\/uploads\/2025\/04\/Escrusione-domenica-6-aprile-2025_page-0001.jpg?resize=350%2C200&ssl=1","width":350,"height":200,"srcset":"https:\/\/i0.wp.com\/caigualdotadino.it\/wp-content\/uploads\/2025\/04\/Escrusione-domenica-6-aprile-2025_page-0001.jpg?resize=350%2C200&ssl=1 1x, https:\/\/i0.wp.com\/caigualdotadino.it\/wp-content\/uploads\/2025\/04\/Escrusione-domenica-6-aprile-2025_page-0001.jpg?resize=525%2C300&ssl=1 1.5x, https:\/\/i0.wp.com\/caigualdotadino.it\/wp-content\/uploads\/2025\/04\/Escrusione-domenica-6-aprile-2025_page-0001.jpg?resize=700%2C400&ssl=1 2x"},"classes":[]},{"id":11132,"url":"https:\/\/caigualdotadino.it\/?p=11132","url_meta":{"origin":10932,"position":3},"title":"Notturna Valsorda &#8211; Serrasanta &#8211; 13\/06\/2025","author":"Antonella Recchioni","date":"12 Giugno 2025","format":"gallery","excerpt":"","rel":"","context":"In &quot;4 - ARCHIVIO&quot;","block_context":{"text":"4 - ARCHIVIO","link":"https:\/\/caigualdotadino.it\/?cat=34"},"img":{"alt_text":"","src":"https:\/\/i0.wp.com\/caigualdotadino.it\/wp-content\/uploads\/2025\/06\/Notturna-13-Giugno_page-0001.jpg?resize=350%2C200&ssl=1","width":350,"height":200,"srcset":"https:\/\/i0.wp.com\/caigualdotadino.it\/wp-content\/uploads\/2025\/06\/Notturna-13-Giugno_page-0001.jpg?resize=350%2C200&ssl=1 1x, https:\/\/i0.wp.com\/caigualdotadino.it\/wp-content\/uploads\/2025\/06\/Notturna-13-Giugno_page-0001.jpg?resize=525%2C300&ssl=1 1.5x, https:\/\/i0.wp.com\/caigualdotadino.it\/wp-content\/uploads\/2025\/06\/Notturna-13-Giugno_page-0001.jpg?resize=700%2C400&ssl=1 2x"},"classes":[]},{"id":11038,"url":"https:\/\/caigualdotadino.it\/?p=11038","url_meta":{"origin":10932,"position":4},"title":"Anello Monti Maggio e Senate &#8211; 04\/05\/2025","author":"Antonella Recchioni","date":"1 Maggio 2025","format":"gallery","excerpt":"","rel":"","context":"In &quot;4 - ARCHIVIO&quot;","block_context":{"text":"4 - ARCHIVIO","link":"https:\/\/caigualdotadino.it\/?cat=34"},"img":{"alt_text":"","src":"https:\/\/i0.wp.com\/caigualdotadino.it\/wp-content\/uploads\/2025\/05\/04-maggio-giro-Monte-Maggio-e-Senate_page-0001.jpg?resize=350%2C200&ssl=1","width":350,"height":200,"srcset":"https:\/\/i0.wp.com\/caigualdotadino.it\/wp-content\/uploads\/2025\/05\/04-maggio-giro-Monte-Maggio-e-Senate_page-0001.jpg?resize=350%2C200&ssl=1 1x, https:\/\/i0.wp.com\/caigualdotadino.it\/wp-content\/uploads\/2025\/05\/04-maggio-giro-Monte-Maggio-e-Senate_page-0001.jpg?resize=525%2C300&ssl=1 1.5x, https:\/\/i0.wp.com\/caigualdotadino.it\/wp-content\/uploads\/2025\/05\/04-maggio-giro-Monte-Maggio-e-Senate_page-0001.jpg?resize=700%2C400&ssl=1 2x"},"classes":[]},{"id":11025,"url":"https:\/\/caigualdotadino.it\/?p=11025","url_meta":{"origin":10932,"position":5},"title":"Colazione Pasquale al rifugio Monte Penna &#8211; 20\/04\/2025","author":"Antonella Recchioni","date":"15 Aprile 2025","format":"gallery","excerpt":"","rel":"","context":"In &quot;4 - ARCHIVIO&quot;","block_context":{"text":"4 - ARCHIVIO","link":"https:\/\/caigualdotadino.it\/?cat=34"},"img":{"alt_text":"","src":"https:\/\/i0.wp.com\/caigualdotadino.it\/wp-content\/uploads\/2025\/04\/Colazione-Pasquale-2025_page-0001.jpg?resize=350%2C200&ssl=1","width":350,"height":200,"srcset":"https:\/\/i0.wp.com\/caigualdotadino.it\/wp-content\/uploads\/2025\/04\/Colazione-Pasquale-2025_page-0001.jpg?resize=350%2C200&ssl=1 1x, https:\/\/i0.wp.com\/caigualdotadino.it\/wp-content\/uploads\/2025\/04\/Colazione-Pasquale-2025_page-0001.jpg?resize=525%2C300&ssl=1 1.5x, https:\/\/i0.wp.com\/caigualdotadino.it\/wp-content\/uploads\/2025\/04\/Colazione-Pasquale-2025_page-0001.jpg?resize=700%2C400&ssl=1 2x"},"classes":[]}],"jetpack_sharing_enabled":true,"_links":{"self":[{"href":"https:\/\/caigualdotadino.it\/index.php?rest_route=\/wp\/v2\/posts\/10932","targetHints":{"allow":["GET"]}}],"collection":[{"href":"https:\/\/caigualdotadino.it\/index.php?rest_route=\/wp\/v2\/posts"}],"about":[{"href":"https:\/\/caigualdotadino.it\/index.php?rest_route=\/wp\/v2\/types\/post"}],"author":[{"embeddable":true,"href":"https:\/\/caigualdotadino.it\/index.php?rest_route=\/wp\/v2\/users\/2"}],"replies":[{"embeddable":true,"href":"https:\/\/caigualdotadino.it\/index.php?rest_route=%2Fwp%2Fv2%2Fcomments&post=10932"}],"version-history":[{"count":2,"href":"https:\/\/caigualdotadino.it\/index.php?rest_route=\/wp\/v2\/posts\/10932\/revisions"}],"predecessor-version":[{"id":10935,"href":"https:\/\/caigualdotadino.it\/index.php?rest_route=\/wp\/v2\/posts\/10932\/revisions\/10935"}],"wp:attachment":[{"href":"https:\/\/caigualdotadino.it\/index.php?rest_route=%2Fwp%2Fv2%2Fmedia&parent=10932"}],"wp:term":[{"taxonomy":"category","embeddable":true,"href":"https:\/\/caigualdotadino.it\/index.php?rest_route=%2Fwp%2Fv2%2Fcategories&post=10932"},{"taxonomy":"post_tag","embeddable":true,"href":"https:\/\/caigualdotadino.it\/index.php?rest_route=%2Fwp%2Fv2%2Ftags&post=10932"}],"curies":[{"name":"wp","href":"https:\/\/api.w.org\/{rel}","templated":true}]}}