{"id":10886,"date":"2025-03-14T19:40:14","date_gmt":"2025-03-14T18:40:14","guid":{"rendered":"https:\/\/caigualdotadino.it\/?p=10886"},"modified":"2025-03-14T19:40:20","modified_gmt":"2025-03-14T18:40:20","slug":"alpinismo-invernale-monte-16-03-2025","status":"publish","type":"post","link":"https:\/\/caigualdotadino.it\/?p=10886","title":{"rendered":"Alpinismo invernale Monte &#8211; 16\/03\/2025"},"content":{"rendered":"\n<p>Terminillo<\/p>\n\n\n<div class=\"wp-block-image\">\n<figure class=\"aligncenter size-large is-resized\"><img loading=\"lazy\" decoding=\"async\" width=\"724\" height=\"1024\" src=\"https:\/\/caigualdotadino.it\/wp-content\/uploads\/2025\/03\/16-marzo-2025-Terminillo-con-Ramponi_page-0001.jpg\" alt=\"\" class=\"wp-image-10887\" style=\"width:832px;height:auto\" srcset=\"https:\/\/caigualdotadino.it\/wp-content\/uploads\/2025\/03\/16-marzo-2025-Terminillo-con-Ramponi_page-0001.jpg 724w, https:\/\/caigualdotadino.it\/wp-content\/uploads\/2025\/03\/16-marzo-2025-Terminillo-con-Ramponi_page-0001-212x300.jpg 212w\" sizes=\"auto, (max-width: 724px) 100vw, 724px\" \/><\/figure>\n<\/div>","protected":false},"excerpt":{"rendered":"<p>Terminillo<\/p>\n","protected":false},"author":2,"featured_media":0,"comment_status":"closed","ping_status":"closed","sticky":false,"template":"","format":"gallery","meta":{"_jetpack_memberships_contains_paid_content":false,"footnotes":""},"categories":[34,35],"tags":[],"class_list":["post-10886","post","type-post","status-publish","format-gallery","hentry","category-archivio","category-escursioni","post_format-post-format-gallery"],"jetpack_featured_media_url":"","jetpack-related-posts":[{"id":10759,"url":"https:\/\/caigualdotadino.it\/?p=10759","url_meta":{"origin":10886,"position":0},"title":"2025","author":"Antonella Recchioni","date":"31 Gennaio 2025","format":"gallery","excerpt":"Polentata al rifugio CAI 14\/12\/2025 La prima neve di Stagione 23\/11\/2025 Festa della Montagna 07\/09\/2025 Valsorda - Monte Alago 31\/08\/2025 Valsorda - Concerta PFM 09\/08\/2025 Da Frontone all'Eremo di Fonte Avellana 20\/07\/2025 Notturna 12\/07\/2025 Raduno Regionale 08\/06\/2025 Ascensione 01\/06\/2025 Ponte di Sellano 10\/05\/2025 Monte Maggio - Senate 04\/05\/2025 Valsorda -\u2026","rel":"","context":"In &quot;4 - ARCHIVIO&quot;","block_context":{"text":"4 - ARCHIVIO","link":"https:\/\/caigualdotadino.it\/?cat=34"},"img":{"alt_text":"","src":"https:\/\/i0.wp.com\/caigualdotadino.it\/wp-content\/uploads\/2025\/01\/polentata-6.jpeg?resize=350%2C200&ssl=1","width":350,"height":200,"srcset":"https:\/\/i0.wp.com\/caigualdotadino.it\/wp-content\/uploads\/2025\/01\/polentata-6.jpeg?resize=350%2C200&ssl=1 1x, https:\/\/i0.wp.com\/caigualdotadino.it\/wp-content\/uploads\/2025\/01\/polentata-6.jpeg?resize=525%2C300&ssl=1 1.5x, https:\/\/i0.wp.com\/caigualdotadino.it\/wp-content\/uploads\/2025\/01\/polentata-6.jpeg?resize=700%2C400&ssl=1 2x"},"classes":[]},{"id":10806,"url":"https:\/\/caigualdotadino.it\/?p=10806","url_meta":{"origin":10886,"position":1},"title":"Giornata piccozza e ramponi al Terminillo &#8211; 16\/02\/2025","author":"Antonella Recchioni","date":"10 Febbraio 2025","format":"gallery","excerpt":"","rel":"","context":"In &quot;4 - ARCHIVIO&quot;","block_context":{"text":"4 - ARCHIVIO","link":"https:\/\/caigualdotadino.it\/?cat=34"},"img":{"alt_text":"","src":"https:\/\/i0.wp.com\/caigualdotadino.it\/wp-content\/uploads\/2025\/02\/Terminillo_page-0001.jpg?resize=350%2C200&ssl=1","width":350,"height":200,"srcset":"https:\/\/i0.wp.com\/caigualdotadino.it\/wp-content\/uploads\/2025\/02\/Terminillo_page-0001.jpg?resize=350%2C200&ssl=1 1x, https:\/\/i0.wp.com\/caigualdotadino.it\/wp-content\/uploads\/2025\/02\/Terminillo_page-0001.jpg?resize=525%2C300&ssl=1 1.5x, https:\/\/i0.wp.com\/caigualdotadino.it\/wp-content\/uploads\/2025\/02\/Terminillo_page-0001.jpg?resize=700%2C400&ssl=1 2x"},"classes":[]},{"id":11253,"url":"https:\/\/caigualdotadino.it\/?p=11253","url_meta":{"origin":10886,"position":2},"title":"Giro del Monte Maggio &#8211; 03 agosto 2025","author":"Antonella Recchioni","date":"31 Luglio 2025","format":"gallery","excerpt":"","rel":"","context":"In &quot;4 - ARCHIVIO&quot;","block_context":{"text":"4 - ARCHIVIO","link":"https:\/\/caigualdotadino.it\/?cat=34"},"img":{"alt_text":"","src":"https:\/\/i0.wp.com\/caigualdotadino.it\/wp-content\/uploads\/2025\/07\/3-Agosoto-Giro-del-M.Maggio_page-0001-1.jpg?resize=350%2C200&ssl=1","width":350,"height":200,"srcset":"https:\/\/i0.wp.com\/caigualdotadino.it\/wp-content\/uploads\/2025\/07\/3-Agosoto-Giro-del-M.Maggio_page-0001-1.jpg?resize=350%2C200&ssl=1 1x, https:\/\/i0.wp.com\/caigualdotadino.it\/wp-content\/uploads\/2025\/07\/3-Agosoto-Giro-del-M.Maggio_page-0001-1.jpg?resize=525%2C300&ssl=1 1.5x, https:\/\/i0.wp.com\/caigualdotadino.it\/wp-content\/uploads\/2025\/07\/3-Agosoto-Giro-del-M.Maggio_page-0001-1.jpg?resize=700%2C400&ssl=1 2x"},"classes":[]},{"id":305,"url":"https:\/\/caigualdotadino.it\/?p=305","url_meta":{"origin":10886,"position":3},"title":"Domenica  21 Febbraio &#8211; Monte Terminillo","author":"pigiax","date":"12 Febbraio 2016","format":false,"excerpt":"La partenza dal piazzale Baden Powell (Famila) \u00e8 alle ore 7.00. Inizio escurzione alle ore 9.00 dal rif. Sebastiani. Il pranzo \u00e8 al sacco. Il rientro a Gualdo \u00e8 previsto per il tardo pomeriggio. L\u2019uscita \u00e8 stata programmata per iniziare i primi passi con piccozza e ramponi, per cui \u00e8\u2026","rel":"","context":"In &quot;4 - ARCHIVIO&quot;","block_context":{"text":"4 - ARCHIVIO","link":"https:\/\/caigualdotadino.it\/?cat=34"},"img":{"alt_text":"","src":"","width":0,"height":0},"classes":[]},{"id":10843,"url":"https:\/\/caigualdotadino.it\/?p=10843","url_meta":{"origin":10886,"position":4},"title":"Escursione sul Monte Maggio &#8211; 23\/02\/2025","author":"Antonella Recchioni","date":"19 Febbraio 2025","format":"gallery","excerpt":"","rel":"","context":"In &quot;4 - ARCHIVIO&quot;","block_context":{"text":"4 - ARCHIVIO","link":"https:\/\/caigualdotadino.it\/?cat=34"},"img":{"alt_text":"","src":"https:\/\/i0.wp.com\/caigualdotadino.it\/wp-content\/uploads\/2025\/02\/Escursione-domenica-23-Febbraio_page-0001.jpg?resize=350%2C200&ssl=1","width":350,"height":200,"srcset":"https:\/\/i0.wp.com\/caigualdotadino.it\/wp-content\/uploads\/2025\/02\/Escursione-domenica-23-Febbraio_page-0001.jpg?resize=350%2C200&ssl=1 1x, https:\/\/i0.wp.com\/caigualdotadino.it\/wp-content\/uploads\/2025\/02\/Escursione-domenica-23-Febbraio_page-0001.jpg?resize=525%2C300&ssl=1 1.5x, https:\/\/i0.wp.com\/caigualdotadino.it\/wp-content\/uploads\/2025\/02\/Escursione-domenica-23-Febbraio_page-0001.jpg?resize=700%2C400&ssl=1 2x"},"classes":[]},{"id":336,"url":"https:\/\/caigualdotadino.it\/?p=336","url_meta":{"origin":10886,"position":5},"title":"Domenica 12 Febbraio &#8211; Monte Terminillo","author":"pigiax","date":"1 Febbraio 2017","format":false,"excerpt":"Ore 7.00: partenza dal piazzale Baden Powell (Famila) Ore 9.00: inizio programmi dal Rifugio Sebastiani Il pranzo \u00e8 al sacco, al Sebastiani o presso i servizi della zona sciistica \"Terminillo\" Il rientro a Gualdo \u00e8 previsto per il tardo pomeriggio Sono in programma due diversi itinerari. 1) Iniziare i primi\u2026","rel":"","context":"In &quot;4 - ARCHIVIO&quot;","block_context":{"text":"4 - ARCHIVIO","link":"https:\/\/caigualdotadino.it\/?cat=34"},"img":{"alt_text":"","src":"","width":0,"height":0},"classes":[]}],"jetpack_sharing_enabled":true,"_links":{"self":[{"href":"https:\/\/caigualdotadino.it\/index.php?rest_route=\/wp\/v2\/posts\/10886","targetHints":{"allow":["GET"]}}],"collection":[{"href":"https:\/\/caigualdotadino.it\/index.php?rest_route=\/wp\/v2\/posts"}],"about":[{"href":"https:\/\/caigualdotadino.it\/index.php?rest_route=\/wp\/v2\/types\/post"}],"author":[{"embeddable":true,"href":"https:\/\/caigualdotadino.it\/index.php?rest_route=\/wp\/v2\/users\/2"}],"replies":[{"embeddable":true,"href":"https:\/\/caigualdotadino.it\/index.php?rest_route=%2Fwp%2Fv2%2Fcomments&post=10886"}],"version-history":[{"count":1,"href":"https:\/\/caigualdotadino.it\/index.php?rest_route=\/wp\/v2\/posts\/10886\/revisions"}],"predecessor-version":[{"id":10888,"href":"https:\/\/caigualdotadino.it\/index.php?rest_route=\/wp\/v2\/posts\/10886\/revisions\/10888"}],"wp:attachment":[{"href":"https:\/\/caigualdotadino.it\/index.php?rest_route=%2Fwp%2Fv2%2Fmedia&parent=10886"}],"wp:term":[{"taxonomy":"category","embeddable":true,"href":"https:\/\/caigualdotadino.it\/index.php?rest_route=%2Fwp%2Fv2%2Fcategories&post=10886"},{"taxonomy":"post_tag","embeddable":true,"href":"https:\/\/caigualdotadino.it\/index.php?rest_route=%2Fwp%2Fv2%2Ftags&post=10886"}],"curies":[{"name":"wp","href":"https:\/\/api.w.org\/{rel}","templated":true}]}}