{"id":10714,"date":"2025-01-24T11:43:17","date_gmt":"2025-01-24T10:43:17","guid":{"rendered":"https:\/\/caigualdotadino.it\/?p=10714"},"modified":"2025-01-24T11:43:22","modified_gmt":"2025-01-24T10:43:22","slug":"trekking-nord-della-grecia-dal-14-al-21-settembre-2025","status":"publish","type":"post","link":"https:\/\/caigualdotadino.it\/?p=10714","title":{"rendered":"Trekking Nord della Grecia &#8211; Dal 14 al 21 Settembre 2025"},"content":{"rendered":"\n<div class=\"wp-block-media-text is-stacked-on-mobile is-resized is-style-default\" style=\"grid-template-columns:15% auto\"><figure class=\"wp-block-media-text__media\"><img decoding=\"async\" src=\"https:\/\/caigualdotadino.it\/wp-content\/uploads\/2021\/05\/image.png\" alt=\"Questa immagine ha l'attributo alt vuoto; il nome del file \u00e8 image.png\"\/><\/figure><div class=\"wp-block-media-text__content\">\n<p><strong><span class=\"has-inline-color has-accent-1-color\">Club Alpino Italiano<\/span><\/strong><\/p>\n\n\n\n<p><strong><span class=\"has-inline-color has-accent-1-color\">Sezione di Gualdo Tadino<\/span><\/strong><\/p>\n<\/div><\/div>\n\n\n\n<div style=\"height:55px\" aria-hidden=\"true\" class=\"wp-block-spacer\"><\/div>\n\n\n\n<p class=\"has-text-align-center\">La sezione CAI di Gualdo Tadino, in collaborazione con la Naturaliter, propone un<\/p>\n\n\n\n<h2 class=\"wp-block-heading has-text-align-center\">Trekking Nord della Grecia: isole Cefalonia e Itaca<\/h2>\n\n\n\n<h4 class=\"wp-block-heading has-text-align-center\"><br>Dal 14 al 21 Settembre 2025<\/h4>\n\n\n\n<p>Questa proposta \u00e8 una bozza, perch\u00e9 gli orari dei voli, e la disponibilit\u00e0 degli hotel al momento della richiesta camere, determineranno tutta la logistica.<br>Il trasnfert per Cefalonia \u00e8 previsto in aereo dall\u2019aeroporto di Fiumicino. Al momento le offerte migliori sono sui 200 euro trolley compreso. Eventualmente (una volta raggiunto il nr minimo di partecipanti) con Elena della Ramblas si potranno fare tutti i biglietti distribuendo equamente gli sconti. Le coppie, anzich\u00e9 due trolley, potranno prendere un unico bagaglio da 15\/20 Kg, cos\u00ec risparmierebbero.<\/p>\n\n\n\n<p><br><mark style=\"background-color:rgba(0, 0, 0, 0);color:#f80606\" class=\"has-inline-color\"><strong>Quota individuale di partecipazione: 910\u20ac per minimo 20 paganti<\/strong><\/mark>. Numero max camere disponibili 15, singole comprese.<br>La quota prevista \u00e8 per 20 partecipanti. Con un numero minore si potrebbe fare ugualmente ma il costo individuale verrebbe ritoccato in base al numero.<br>Eventuali caparre verranno comunicate in seguito<\/p>\n\n\n\n<p><br><strong><mark style=\"background-color:rgba(0, 0, 0, 0)\" class=\"has-inline-color has-headings-color\">Iscrizioni<\/mark>:<\/strong> La Naturaliter raccomanda di iscriversi quanto prima perch\u00e9, essendo il periodo in alta stagione molto frequentata, c\u2019\u00e8 il rischio di non trovare pi\u00f9 le camere libere. Inoltre prenotando l\u2019aereo in anticipo si pu\u00f2 risparmiare molto.<\/p>\n\n\n\n<h6 class=\"wp-block-heading\"><br><mark style=\"background-color:rgba(0, 0, 0, 0)\" class=\"has-inline-color has-headings-color\"><strong>Referenti<\/strong>: Daniela Anastasi 3332528145- Angelo Santarelli 3288486034- Riccardo Serroni 3383470811<\/mark><\/h6>\n\n\n\n<p><mark style=\"background-color:rgba(0, 0, 0, 0)\" class=\"has-inline-color has-headings-color\"><br><strong>Iscrizioni: <\/strong>Tramite chat Gruppo Cai o tramite i referenti<\/mark><\/p>\n\n\n\n<h5 class=\"wp-block-heading\"><br><strong><mark style=\"background-color:rgba(0, 0, 0, 0)\" class=\"has-inline-color has-headings-color\">BOZZA DI PROGRAMMA<\/mark><\/strong><\/h5>\n\n\n\n<p><br><strong><mark style=\"background-color:rgba(0, 0, 0, 0);color:#f70b0b\" class=\"has-inline-color\">14 Settembre<\/mark>:<\/strong> arrivo all\u2019aeroporto di Cefalonia-Argostoli ed incontro con la Guida.<br>IL PROGRAMMA DEL GIORNO SARA\u2019 DEFINITIVO QUANDO CONOSCEREMO L\u2019ORARIO DELL\u2019ARRIVO. Cena in ristorante, pernottamento ad Argostoli.<\/p>\n\n\n\n<p><br><strong><mark style=\"background-color:rgba(0, 0, 0, 0);color:#fb0707\" class=\"has-inline-color\">15 Settembre<\/mark><\/strong>.: ITINERARIO trekking: Sami\/Sami antica\/Baia Antisamos\/Sami. Visita alla Grotta Drogarati. Abbigliamento da trekking e balneare. Breakfast in Hotel. <\/p>\n\n\n\n<p>PROGRAMMA: alle ore 09:00 transfer di 1h a Sami. Dal centro di Sami inizier\u00e0 la camminata: Sami (slm) \/ antica \u201eSame\u201c (collina di Haghii Fanendes: mt.277-presenza di Mura ciclopiche Ellenistiche che delimitano un\u2019area archeologica minoica). Sosta all\u2019area archeologica. Si prosegue, attraversando un ovile, su sentiero di macchia meditteranea che scende alla Baia Antisamos. Sosta mare. Successivamente, rientro a Sami su strada asfaltata panoramica (km.4,200). Tempi escursione: da Sami all\u2019area archeologica: 1h30\u2018- dall\u2019area archeologica alla Baia Antisamos 45\u2018. Sosta balneare. Dalla Baia Antisamos, seguir\u00e0 transfer di 30\u2018 alla Grotta Drogarati. Visita alla Grotta facoltativa. Successivamente, trasferimento di 1h ad Argostoli per rientro in Hotel. Cena in ristorante, pernottamento a Cefalonia.<\/p>\n\n\n\n<p><br><strong><mark style=\"background-color:rgba(0, 0, 0, 0);color:#f50707\" class=\"has-inline-color\">16 Settembre<\/mark><\/strong>: ITINERARIO trekking: Monte Enos. Visite a: Monastero di S. Gerasimos-Cantine Robola. Transfer in traghetto a ITACA. Preparazione dei bagagli. Abbigliamento da trekking. Breakfast in Hotel.<\/p>\n\n\n\n<p><br>PROGRAMMA: alle ore 09:00 transfer di circa 1h. Escursione di circa 1 fino a quasi la cima del monte Enos (1628 m.), dislivello in salita circa 150 mt. Seguir\u00e0 transfer di 40\u2018 al Monastero di San Gerasimos. Successivamente, visita alla vicina Cooperativa agricola dei produttori della Robola (vino tipico di Cefalonia). Degustazione. Seguir\u00e0 transfer di 40\u2018 alla Grotta Melissani (Sami). Successivamente, transfer di 10\u2018 a Sami porto, in orario utile per la partenza del traghetto diretto a Itaca (tempi navigazione: 35\u2018). Dal piccolo porto \u201ePisaetos\u201c di Itaca transfer di 30\u2018 a Vath\u00ec (Capoluogo dell\u2018isola). Sistemazione all\u2019Hotel Mentor. Cena in ristorante e pernottamento a Vath\u00ec.<\/p>\n\n\n\n<p><br><strong><mark style=\"background-color:rgba(0, 0, 0, 0);color:#f80101\" class=\"has-inline-color\">17 Settembre<\/mark><\/strong>: ITINERARIO turistico e trekking: Museo Archeologico di Itaca, e area archeologica \u201cScuola di Omero\u201d a Itaca\/Baia di Marmaka\/Frikes. Abbigliamento da trekking e balneare. Breakfast in Hotel.<\/p>\n\n\n\n<p><br>PROGRAMMA: alle ore 09:00 transfer di 40\u2018 a Stavros, per partenza a piedi da Stavros (alt. mt.150), e dopo 700 mt. (se il Museo sar\u00e0 accessibile) sar\u00e0 effettuata una vista al Museo Archeologico. Seguir\u00e0 prosecuzione del cammino dal Museo (circa 1km) per arrivare all\u2019area archeologica \u201eScuola di Omero\u201c; sosta visita guidata. Prosecuzione del cammino per raggiungere la Baia di Marmaka (quota max 102 mt.); tempi: 2h 30\u2018 soste comprese. Sosta balneare. Proseguimento da Marmaka a Frikes slm. (km 3) in 1h. Sosta alla rinomata gelateria di Frikes. Successivamente, transfer di 45\u2018 da Frikes a Vath\u00ec. Cena in ristorante e pernottamento a Vath\u00ec.<\/p>\n\n\n\n<p><br><strong><mark style=\"background-color:rgba(0, 0, 0, 0);color:#f90404\" class=\"has-inline-color\">18 Settembre<\/mark><\/strong>: ITINERARIO trekking e tour in motobarca: Grotta delle Ninfe\/Paleochora (ruderi)\/Perachori\/ Fonte Aretusa\/ Baia Pera Picadi. Rientro a Vathi in motobarca. Abbigliamento da trekking e balneare. Breakfast in Hotel. <\/p>\n\n\n\n<p>PROGRAMMA: partenza a piedi dall\u2019Hotel per la Grotta delle Ninfe (Vath\u00ec), cammino di circa 1h. Visita guidata alla Grotta delle Ninfe (150 m.slm); inizio camminata molto panoramica su sentiero natura per Paleochora (ruderi) e Perachori (300 m. ca); tempi camminata 1h 40\u2018. Sosta a Perachori (panoramica sul Golfo di Vath\u00ec). Proseguimento a piedi su strada asfaltata secondaria fino all\u2019imbocco del sentiero per Fonte Aretusa; tempi camminata 1h. Imbocco del sentiero per Fonte Aretusa (alt. mt.80) ed arrivo alla Fonte dopo 1h circa di cammino. Proseguimento su sentiero, in 30\u2018 fino Baia Pera Pigadi. Sosta mare. Rientro in motobarca a Vath\u00ec in un\u2019ora di navigazione. Cena in ristorante e pernottamento a Vath\u00ec.<\/p>\n\n\n\n<p><strong><mark style=\"background-color:rgba(0, 0, 0, 0);color:#fd0707\" class=\"has-inline-color\"><br>19 Settembre<\/mark><\/strong>: ITINERARIO trekking: Anogh\u00ec\/Kioni. Preparazione dei bagagli. Abbigliamento da trekking.<\/p>\n\n\n\n<div class=\"wp-block-group is-nowrap is-layout-flex wp-container-core-group-is-layout-ad2f72ca wp-block-group-is-layout-flex\">\n<p><br>PROGRAMMA: alle ore 09:00 transfer di 40\u2019 al Monastero di Katara (mt.556). Visita del Monastero (chiesa dedicata alla Vergine Purificatrice, patrona dell\u2019isola). Successivamente transfer di 10\u2019 ad Anogh\u00ec (Terre Alte-mt.520). Visita alla chiesa \u201eDormizione della Vergine\u201c del XI sec., celebre per gli afreschi risalenti al Quattro-Cinquecento. Inizio camminata dalla chiesa di Anogh\u00ec, fino a Kion  (considerata la Portofino greca), su sentiero ombreggiato tutto in agevole discesa (disl. in discesa: 520 m.); durata camminata: 1h 45\u2018. Sosta a Kioni. Seguir\u00e0 transfer di 1h al porto Pisaetos. Imbarco sulla nave diretta a Sami (Cefalonia); tempi navigazione: 35\u2019. Successivamente, transfer di circa 1 ora ad Argostoli. Sistemazione in Hote Ionian Plazal. Cena in ristorante, pernottamento ad Argostoli.<\/p>\n<\/div>\n\n\n\n<p><br><strong><mark style=\"background-color:rgba(0, 0, 0, 0);color:#f80808\" class=\"has-inline-color\">20 Settembre<\/mark><\/strong>: ITINERARIO camminata ad anello e itinerario turistico balneare: Castello di Assos-Myrtos beach. Abbigliamento da escursione, e balneare. Breakfast in Hotel. <\/p>\n\n\n\n<p>PROGRAMMA: alle ore 09:00 transfer di circa 1h. ad Assos; per camminata ad anello di 1h circa, intorno al suo suggestivo Castello. Sosta al<br>pittoresco villaggio. Seguir\u00e0 transfer di 30\u2019 alla stupenda baia di Myrtos. Dopo circa 2 ore, transfer di 1h ad Argostoli per rientro in Hotel. Cena in ristorante, e pernottamento ad Argostoli.<\/p>\n\n\n\n<p><br><strong><mark style=\"background-color:rgba(0, 0, 0, 0);color:#f90e0e\" class=\"has-inline-color\">21 Settembre<\/mark><\/strong>: Partenza da Cefalonia. Preparazione dei bagagli. I<\/p>\n\n\n\n<p><strong>L PROGRAMMA DEL GIORNO SARA\u2019 DEFINITIVO QUANDO CONOSCEREMO L\u2019ORARIO DELLA PARTENZA<\/strong>. Fine dei nostri Servizi.<\/p>\n\n\n\n<p><br>La Quota individuale di partecipazione comprende: transfer in pullman privato dall\u2019aeroporto ad Argostoli, e per tutti i giorni a Cefalonia e Itaca come da programma. Alloggi: in camere doppie in Hotel trattamento di B&amp;B. Vitto: nr. 06 breakfast. Cene: nr. 07 in ristoranti (bibite: dotazione di solo bottiglie d\u2019acqua minerale naturale liscia, e vino). Guida Escursionista Naturaliter sempre al seguito del gruppo; Guida Escursionista itacese sempre al seguito del gruppo; Guida Turistica di Cefalonia per le visite turistiche previste a Cefalonia.<\/p>\n\n\n\n<p><br><strong>La Quota individuale di partecipazione NON comprende<\/strong>: transfer personalizzati; passaggi nave da Cefalonia ad Itaca e vv.; Tasse di Soggiorno (Ionian Plaza a Cefalonia: 7\u20ac a camera a notte; Hotel Mentor a Vath\u00ec 3\u20ac a persona a notte); camere singole (supplemento a notte a persona 45\u20ac a Cefalonia Hotel Ionian Plaza; supplemento a notte a persona 32\u20ac a Vath\u00ec Hotel Mentor); Costi motobarca dalla Baia Pera Picadi a Vath\u00ec (quantificabile al momento in relazione al numero persone); eventuali biglietti d\u2019ingresso a siti d\u2019interesse turistico-culturale, e Grotte; tutti i pranzi; durante le cene: qualsaisi tipo di bibita extra a bottiglie d\u2019acqua e vino. Assicurazione Medica. E tutto quanto non espressamente citato alla voce \u201cLa Quota individuale di partecipazione comprende.<\/p>\n","protected":false},"excerpt":{"rendered":"<p>Club Alpino Italiano Sezione di Gualdo Tadino La sezione CAI di Gualdo Tadino, in collaborazione con la Naturaliter, propone un Trekking Nord della Grecia: isole &hellip;<\/p>\n","protected":false},"author":2,"featured_media":0,"comment_status":"closed","ping_status":"closed","sticky":false,"template":"","format":"gallery","meta":{"_jetpack_memberships_contains_paid_content":false,"footnotes":""},"categories":[34,37],"tags":[],"class_list":["post-10714","post","type-post","status-publish","format-gallery","hentry","category-archivio","category-trekking-di-piu-giorni","post_format-post-format-gallery"],"jetpack_featured_media_url":"","jetpack-related-posts":[{"id":7372,"url":"https:\/\/caigualdotadino.it\/?p=7372","url_meta":{"origin":10714,"position":0},"title":"Trekking all&#8217;Isola d&#8217;Elba dal 21 al 25 aprile","author":"pigiax","date":"11 Febbraio 2023","format":"gallery","excerpt":"Club Alpino Italiano Sezione di Gualdo Tadino Dal 21(partenza) al 25 aprile (ritorno) - 5 giorni e 4 notti Soggiorno nell\u2019Hotel Bel Mare Loc.alit\u00e0 Patresi (Marciana Costo: 60 euro al giorno a persona comprendente pernottamento, prima colazione a buffet dolce e salato, pranzo (o cena), bevande (PS. Il cambiamento a\u2026","rel":"","context":"In &quot;4 - ARCHIVIO&quot;","block_context":{"text":"4 - ARCHIVIO","link":"https:\/\/caigualdotadino.it\/?cat=34"},"img":{"alt_text":"","src":"https:\/\/i0.wp.com\/caigualdotadino.it\/wp-content\/uploads\/2023\/02\/hotel-belmare-06g.jpg?resize=350%2C200&ssl=1","width":350,"height":200,"srcset":"https:\/\/i0.wp.com\/caigualdotadino.it\/wp-content\/uploads\/2023\/02\/hotel-belmare-06g.jpg?resize=350%2C200&ssl=1 1x, https:\/\/i0.wp.com\/caigualdotadino.it\/wp-content\/uploads\/2023\/02\/hotel-belmare-06g.jpg?resize=525%2C300&ssl=1 1.5x, https:\/\/i0.wp.com\/caigualdotadino.it\/wp-content\/uploads\/2023\/02\/hotel-belmare-06g.jpg?resize=700%2C400&ssl=1 2x"},"classes":[]},{"id":11585,"url":"https:\/\/caigualdotadino.it\/?p=11585","url_meta":{"origin":10714,"position":1},"title":"Trekking Nord della Grecia: isole Cefalonia e Itaca &#8211; Dal 14 al 21 Settembre 2025","author":"Antonella Recchioni","date":"29 Dicembre 2025","format":"gallery","excerpt":"Torna indietro","rel":"","context":"In &quot;3 - GALLERIA FOTOGRAFICA&quot;","block_context":{"text":"3 - GALLERIA FOTOGRAFICA","link":"https:\/\/caigualdotadino.it\/?cat=20"},"img":{"alt_text":"","src":"https:\/\/caigualdotadino.it\/wp-content\/uploads\/2025\/12\/grecia1.jfif","width":350,"height":200,"srcset":"https:\/\/caigualdotadino.it\/wp-content\/uploads\/2025\/12\/grecia1.jfif 1x, https:\/\/caigualdotadino.it\/wp-content\/uploads\/2025\/12\/grecia1.jfif 1.5x, https:\/\/caigualdotadino.it\/wp-content\/uploads\/2025\/12\/grecia1.jfif 2x, https:\/\/caigualdotadino.it\/wp-content\/uploads\/2025\/12\/grecia1.jfif 3x, https:\/\/caigualdotadino.it\/wp-content\/uploads\/2025\/12\/grecia1.jfif 4x"},"classes":[]},{"id":112,"url":"https:\/\/caigualdotadino.it\/?p=112","url_meta":{"origin":10714,"position":2},"title":"Trekking Monviso","author":"pigiax","date":"10 Marzo 2012","format":false,"excerpt":"La sezione CAI di Gualdo Tadino, in collaborazione con gli amici della sezione CAI di Bra, propone il trekking: Giro del Monviso in tre giorni (alla scoperta delle sorgenti del Po) Dal 20 al 24 agosto 2012 \u00a0 Tutti i dettagli nel volantino allegato \u00a0","rel":"","context":"In &quot;4 - ARCHIVIO&quot;","block_context":{"text":"4 - ARCHIVIO","link":"https:\/\/caigualdotadino.it\/?cat=34"},"img":{"alt_text":"","src":"","width":0,"height":0},"classes":[]},{"id":3987,"url":"https:\/\/caigualdotadino.it\/?p=3987","url_meta":{"origin":10714,"position":3},"title":"Escursione Domenica 18 luglio","author":"pigiax","date":"14 Luglio 2021","format":"gallery","excerpt":"Club Alpino Italiano Sezione di Gualdo Tadino Sui nostri monti Dalla Madonuccia a Serrasanta (e ritorno) (In sostituzione del previsto trekking del tartufo annullato causa pandemia) Partenza: ore 8,00 dalla Madonuccia Percorso: Madonnuccia- Razzipante- Balza di Mezzogiorno- Sentiero delle Crocette- Serrasanta- BelvedereStrada dei Santi- Madonnuccia Dislivello: 600 m circa Tempo\u2026","rel":"","context":"In &quot;4 - ARCHIVIO&quot;","block_context":{"text":"4 - ARCHIVIO","link":"https:\/\/caigualdotadino.it\/?cat=34"},"img":{"alt_text":"Questa immagine ha l'attributo alt vuoto; il nome del file \u00e8 image.png","src":"https:\/\/i0.wp.com\/caigualdotadino.it\/wp-content\/uploads\/2021\/05\/image.png?resize=350%2C200&ssl=1","width":350,"height":200},"classes":[]},{"id":4630,"url":"https:\/\/caigualdotadino.it\/?p=4630","url_meta":{"origin":10714,"position":4},"title":"Escursione Domenica 17 ottobre","author":"Antonella Recchioni","date":"13 Ottobre 2021","format":"gallery","excerpt":"Club Alpino Italiano Sezione di Gualdo Tadino Intersezionale con la sezione CAI di Montefeltro e la sezione CAI di Ancona Partenza: ore 07.00 dal parcheggio Gala (Gualdo Tadino) con mezzi propri Ritrovo con le altre sezioni: ore 08,15 presso Bar Furlo Dislivello: 370 m. circa Lunghezza: 14 km. circa Itinerario:\u2026","rel":"","context":"In &quot;4 - ARCHIVIO&quot;","block_context":{"text":"4 - ARCHIVIO","link":"https:\/\/caigualdotadino.it\/?cat=34"},"img":{"alt_text":"","src":"","width":0,"height":0},"classes":[]},{"id":7671,"url":"https:\/\/caigualdotadino.it\/?p=7671","url_meta":{"origin":10714,"position":5},"title":"Venerd\u00ec 2 giugno &#8211; Montagne in movimento","author":"Antonella Recchioni","date":"11 Maggio 2023","format":"gallery","excerpt":"Club Alpino Italiano Sezione di Gualdo Tadino Gruppo Speleologico di Gualdo Tadino Visita guidata alla Grotta di Monte Cucco","rel":"","context":"In &quot;4 - ARCHIVIO&quot;","block_context":{"text":"4 - ARCHIVIO","link":"https:\/\/caigualdotadino.it\/?cat=34"},"img":{"alt_text":"","src":"https:\/\/i0.wp.com\/caigualdotadino.it\/wp-content\/uploads\/2023\/05\/Immagine-WhatsApp-2023-05-25-ore-10.43.41.jpg?resize=350%2C200&ssl=1","width":350,"height":200,"srcset":"https:\/\/i0.wp.com\/caigualdotadino.it\/wp-content\/uploads\/2023\/05\/Immagine-WhatsApp-2023-05-25-ore-10.43.41.jpg?resize=350%2C200&ssl=1 1x, https:\/\/i0.wp.com\/caigualdotadino.it\/wp-content\/uploads\/2023\/05\/Immagine-WhatsApp-2023-05-25-ore-10.43.41.jpg?resize=525%2C300&ssl=1 1.5x, https:\/\/i0.wp.com\/caigualdotadino.it\/wp-content\/uploads\/2023\/05\/Immagine-WhatsApp-2023-05-25-ore-10.43.41.jpg?resize=700%2C400&ssl=1 2x"},"classes":[]}],"jetpack_sharing_enabled":true,"_links":{"self":[{"href":"https:\/\/caigualdotadino.it\/index.php?rest_route=\/wp\/v2\/posts\/10714","targetHints":{"allow":["GET"]}}],"collection":[{"href":"https:\/\/caigualdotadino.it\/index.php?rest_route=\/wp\/v2\/posts"}],"about":[{"href":"https:\/\/caigualdotadino.it\/index.php?rest_route=\/wp\/v2\/types\/post"}],"author":[{"embeddable":true,"href":"https:\/\/caigualdotadino.it\/index.php?rest_route=\/wp\/v2\/users\/2"}],"replies":[{"embeddable":true,"href":"https:\/\/caigualdotadino.it\/index.php?rest_route=%2Fwp%2Fv2%2Fcomments&post=10714"}],"version-history":[{"count":13,"href":"https:\/\/caigualdotadino.it\/index.php?rest_route=\/wp\/v2\/posts\/10714\/revisions"}],"predecessor-version":[{"id":10730,"href":"https:\/\/caigualdotadino.it\/index.php?rest_route=\/wp\/v2\/posts\/10714\/revisions\/10730"}],"wp:attachment":[{"href":"https:\/\/caigualdotadino.it\/index.php?rest_route=%2Fwp%2Fv2%2Fmedia&parent=10714"}],"wp:term":[{"taxonomy":"category","embeddable":true,"href":"https:\/\/caigualdotadino.it\/index.php?rest_route=%2Fwp%2Fv2%2Fcategories&post=10714"},{"taxonomy":"post_tag","embeddable":true,"href":"https:\/\/caigualdotadino.it\/index.php?rest_route=%2Fwp%2Fv2%2Ftags&post=10714"}],"curies":[{"name":"wp","href":"https:\/\/api.w.org\/{rel}","templated":true}]}}