{"id":10706,"date":"2025-01-24T10:55:30","date_gmt":"2025-01-24T09:55:30","guid":{"rendered":"https:\/\/caigualdotadino.it\/?p=10706"},"modified":"2025-01-24T10:55:35","modified_gmt":"2025-01-24T09:55:35","slug":"madonnuccia-valsorda-26-01-2025","status":"publish","type":"post","link":"https:\/\/caigualdotadino.it\/?p=10706","title":{"rendered":"Madonnuccia &#8211; Valsorda &#8211; 26\/01\/2025"},"content":{"rendered":"<div class=\"wp-block-image\">\n<figure class=\"aligncenter size-full is-resized\"><img loading=\"lazy\" decoding=\"async\" width=\"724\" height=\"1024\" src=\"https:\/\/caigualdotadino.it\/wp-content\/uploads\/2025\/01\/26-gennaio-2025-madonnuccia-valsorda_page-0001.jpg\" alt=\"\" class=\"wp-image-10707\" style=\"width:796px;height:auto\" srcset=\"https:\/\/caigualdotadino.it\/wp-content\/uploads\/2025\/01\/26-gennaio-2025-madonnuccia-valsorda_page-0001.jpg 724w, https:\/\/caigualdotadino.it\/wp-content\/uploads\/2025\/01\/26-gennaio-2025-madonnuccia-valsorda_page-0001-212x300.jpg 212w\" sizes=\"auto, (max-width: 724px) 100vw, 724px\" \/><\/figure>\n<\/div>","protected":false},"excerpt":{"rendered":"","protected":false},"author":2,"featured_media":0,"comment_status":"closed","ping_status":"closed","sticky":false,"template":"","format":"gallery","meta":{"_jetpack_memberships_contains_paid_content":false,"footnotes":""},"categories":[34,35],"tags":[],"class_list":["post-10706","post","type-post","status-publish","format-gallery","hentry","category-archivio","category-escursioni","post_format-post-format-gallery"],"jetpack_featured_media_url":"","jetpack-related-posts":[{"id":11114,"url":"https:\/\/caigualdotadino.it\/?p=11114","url_meta":{"origin":10706,"position":0},"title":"Giro dei Monti (Ascensione) &#8211; 01\/06\/2025","author":"Antonella Recchioni","date":"28 Maggio 2025","format":"gallery","excerpt":"Percorso breve Partenza- 8,30 dalla MadonnucciaItinerario- Madonnuccia- sentiero Razzipante- Balza di Mezzogiorno- sentiero del rimboschimento- pian di Buceto- rifugio Cannoine- Valsorda- rifugio CAIDifficolt\u00e0- E (adatto a tutti con un minimo di allenamento) N.B- Chi vorr\u00e0, dalla Balza di Mezzogiorno potr\u00e0 salire all\u2019eremo del Serrasanta per il sentiero delle Crocette Accompagnatori\u2026","rel":"","context":"In &quot;4 - ARCHIVIO&quot;","block_context":{"text":"4 - ARCHIVIO","link":"https:\/\/caigualdotadino.it\/?cat=34"},"img":{"alt_text":"","src":"https:\/\/i0.wp.com\/caigualdotadino.it\/wp-content\/uploads\/2025\/05\/01-giugno-2025-ascensione-giro-dei-monti_page-0001-1.jpg?resize=350%2C200&ssl=1","width":350,"height":200,"srcset":"https:\/\/i0.wp.com\/caigualdotadino.it\/wp-content\/uploads\/2025\/05\/01-giugno-2025-ascensione-giro-dei-monti_page-0001-1.jpg?resize=350%2C200&ssl=1 1x, https:\/\/i0.wp.com\/caigualdotadino.it\/wp-content\/uploads\/2025\/05\/01-giugno-2025-ascensione-giro-dei-monti_page-0001-1.jpg?resize=525%2C300&ssl=1 1.5x, https:\/\/i0.wp.com\/caigualdotadino.it\/wp-content\/uploads\/2025\/05\/01-giugno-2025-ascensione-giro-dei-monti_page-0001-1.jpg?resize=700%2C400&ssl=1 2x"},"classes":[]},{"id":10759,"url":"https:\/\/caigualdotadino.it\/?p=10759","url_meta":{"origin":10706,"position":1},"title":"2025","author":"Antonella Recchioni","date":"31 Gennaio 2025","format":"gallery","excerpt":"Polentata al rifugio CAI 14\/12\/2025 La prima neve di Stagione 23\/11\/2025 Festa della Montagna 07\/09\/2025 Valsorda - Monte Alago 31\/08\/2025 Valsorda - Concerta PFM 09\/08\/2025 Da Frontone all'Eremo di Fonte Avellana 20\/07\/2025 Notturna 12\/07\/2025 Raduno Regionale 08\/06\/2025 Ascensione 01\/06\/2025 Ponte di Sellano 10\/05\/2025 Monte Maggio - Senate 04\/05\/2025 Valsorda -\u2026","rel":"","context":"In &quot;4 - ARCHIVIO&quot;","block_context":{"text":"4 - ARCHIVIO","link":"https:\/\/caigualdotadino.it\/?cat=34"},"img":{"alt_text":"","src":"https:\/\/i0.wp.com\/caigualdotadino.it\/wp-content\/uploads\/2025\/01\/polentata-6.jpeg?resize=350%2C200&ssl=1","width":350,"height":200,"srcset":"https:\/\/i0.wp.com\/caigualdotadino.it\/wp-content\/uploads\/2025\/01\/polentata-6.jpeg?resize=350%2C200&ssl=1 1x, https:\/\/i0.wp.com\/caigualdotadino.it\/wp-content\/uploads\/2025\/01\/polentata-6.jpeg?resize=525%2C300&ssl=1 1.5x, https:\/\/i0.wp.com\/caigualdotadino.it\/wp-content\/uploads\/2025\/01\/polentata-6.jpeg?resize=700%2C400&ssl=1 2x"},"classes":[]},{"id":11428,"url":"https:\/\/caigualdotadino.it\/?p=11428","url_meta":{"origin":10706,"position":2},"title":"Escursione a Valsorda &#8211; Domenica 07 dicembre 2025","author":"Antonella Recchioni","date":"5 Dicembre 2025","format":"gallery","excerpt":"","rel":"","context":"In &quot;4 - ARCHIVIO&quot;","block_context":{"text":"4 - ARCHIVIO","link":"https:\/\/caigualdotadino.it\/?cat=34"},"img":{"alt_text":"","src":"https:\/\/i0.wp.com\/caigualdotadino.it\/wp-content\/uploads\/2025\/12\/7-Dicembre_page-0001.jpg?resize=350%2C200&ssl=1","width":350,"height":200,"srcset":"https:\/\/i0.wp.com\/caigualdotadino.it\/wp-content\/uploads\/2025\/12\/7-Dicembre_page-0001.jpg?resize=350%2C200&ssl=1 1x, https:\/\/i0.wp.com\/caigualdotadino.it\/wp-content\/uploads\/2025\/12\/7-Dicembre_page-0001.jpg?resize=525%2C300&ssl=1 1.5x, https:\/\/i0.wp.com\/caigualdotadino.it\/wp-content\/uploads\/2025\/12\/7-Dicembre_page-0001.jpg?resize=700%2C400&ssl=1 2x"},"classes":[]},{"id":11266,"url":"https:\/\/caigualdotadino.it\/?p=11266","url_meta":{"origin":10706,"position":3},"title":"Escursione a Valsorda &#8211; Sabato 09 agosto 2025","author":"Antonella Recchioni","date":"6 Agosto 2025","format":"gallery","excerpt":"","rel":"","context":"In &quot;4 - ARCHIVIO&quot;","block_context":{"text":"4 - ARCHIVIO","link":"https:\/\/caigualdotadino.it\/?cat=34"},"img":{"alt_text":"","src":"https:\/\/i0.wp.com\/caigualdotadino.it\/wp-content\/uploads\/2025\/08\/Sabato-9-Agosto.jpg?resize=350%2C200&ssl=1","width":350,"height":200,"srcset":"https:\/\/i0.wp.com\/caigualdotadino.it\/wp-content\/uploads\/2025\/08\/Sabato-9-Agosto.jpg?resize=350%2C200&ssl=1 1x, https:\/\/i0.wp.com\/caigualdotadino.it\/wp-content\/uploads\/2025\/08\/Sabato-9-Agosto.jpg?resize=525%2C300&ssl=1 1.5x, https:\/\/i0.wp.com\/caigualdotadino.it\/wp-content\/uploads\/2025\/08\/Sabato-9-Agosto.jpg?resize=700%2C400&ssl=1 2x"},"classes":[]},{"id":11132,"url":"https:\/\/caigualdotadino.it\/?p=11132","url_meta":{"origin":10706,"position":4},"title":"Notturna Valsorda &#8211; Serrasanta &#8211; 13\/06\/2025","author":"Antonella Recchioni","date":"12 Giugno 2025","format":"gallery","excerpt":"","rel":"","context":"In &quot;4 - ARCHIVIO&quot;","block_context":{"text":"4 - ARCHIVIO","link":"https:\/\/caigualdotadino.it\/?cat=34"},"img":{"alt_text":"","src":"https:\/\/i0.wp.com\/caigualdotadino.it\/wp-content\/uploads\/2025\/06\/Notturna-13-Giugno_page-0001.jpg?resize=350%2C200&ssl=1","width":350,"height":200,"srcset":"https:\/\/i0.wp.com\/caigualdotadino.it\/wp-content\/uploads\/2025\/06\/Notturna-13-Giugno_page-0001.jpg?resize=350%2C200&ssl=1 1x, https:\/\/i0.wp.com\/caigualdotadino.it\/wp-content\/uploads\/2025\/06\/Notturna-13-Giugno_page-0001.jpg?resize=525%2C300&ssl=1 1.5x, https:\/\/i0.wp.com\/caigualdotadino.it\/wp-content\/uploads\/2025\/06\/Notturna-13-Giugno_page-0001.jpg?resize=700%2C400&ssl=1 2x"},"classes":[]},{"id":10922,"url":"https:\/\/caigualdotadino.it\/?p=10922","url_meta":{"origin":10706,"position":5},"title":"Valsorda- Monte Penna e ritorno &#8211; 06\/04\/2025","author":"Antonella Recchioni","date":"4 Aprile 2025","format":"gallery","excerpt":"","rel":"","context":"In &quot;4 - ARCHIVIO&quot;","block_context":{"text":"4 - ARCHIVIO","link":"https:\/\/caigualdotadino.it\/?cat=34"},"img":{"alt_text":"","src":"https:\/\/i0.wp.com\/caigualdotadino.it\/wp-content\/uploads\/2025\/04\/Escrusione-domenica-6-aprile-2025_page-0001.jpg?resize=350%2C200&ssl=1","width":350,"height":200,"srcset":"https:\/\/i0.wp.com\/caigualdotadino.it\/wp-content\/uploads\/2025\/04\/Escrusione-domenica-6-aprile-2025_page-0001.jpg?resize=350%2C200&ssl=1 1x, https:\/\/i0.wp.com\/caigualdotadino.it\/wp-content\/uploads\/2025\/04\/Escrusione-domenica-6-aprile-2025_page-0001.jpg?resize=525%2C300&ssl=1 1.5x, https:\/\/i0.wp.com\/caigualdotadino.it\/wp-content\/uploads\/2025\/04\/Escrusione-domenica-6-aprile-2025_page-0001.jpg?resize=700%2C400&ssl=1 2x"},"classes":[]}],"jetpack_sharing_enabled":true,"_links":{"self":[{"href":"https:\/\/caigualdotadino.it\/index.php?rest_route=\/wp\/v2\/posts\/10706","targetHints":{"allow":["GET"]}}],"collection":[{"href":"https:\/\/caigualdotadino.it\/index.php?rest_route=\/wp\/v2\/posts"}],"about":[{"href":"https:\/\/caigualdotadino.it\/index.php?rest_route=\/wp\/v2\/types\/post"}],"author":[{"embeddable":true,"href":"https:\/\/caigualdotadino.it\/index.php?rest_route=\/wp\/v2\/users\/2"}],"replies":[{"embeddable":true,"href":"https:\/\/caigualdotadino.it\/index.php?rest_route=%2Fwp%2Fv2%2Fcomments&post=10706"}],"version-history":[{"count":1,"href":"https:\/\/caigualdotadino.it\/index.php?rest_route=\/wp\/v2\/posts\/10706\/revisions"}],"predecessor-version":[{"id":10708,"href":"https:\/\/caigualdotadino.it\/index.php?rest_route=\/wp\/v2\/posts\/10706\/revisions\/10708"}],"wp:attachment":[{"href":"https:\/\/caigualdotadino.it\/index.php?rest_route=%2Fwp%2Fv2%2Fmedia&parent=10706"}],"wp:term":[{"taxonomy":"category","embeddable":true,"href":"https:\/\/caigualdotadino.it\/index.php?rest_route=%2Fwp%2Fv2%2Fcategories&post=10706"},{"taxonomy":"post_tag","embeddable":true,"href":"https:\/\/caigualdotadino.it\/index.php?rest_route=%2Fwp%2Fv2%2Ftags&post=10706"}],"curies":[{"name":"wp","href":"https:\/\/api.w.org\/{rel}","templated":true}]}}