{"id":10397,"date":"2024-10-03T10:09:58","date_gmt":"2024-10-03T08:09:58","guid":{"rendered":"https:\/\/caigualdotadino.it\/?p=10397"},"modified":"2024-10-03T10:10:00","modified_gmt":"2024-10-03T08:10:00","slug":"giro-del-monte-maggio-06-10-204","status":"publish","type":"post","link":"https:\/\/caigualdotadino.it\/?p=10397","title":{"rendered":"Giro del Monte Maggio &#8211; 06\/10\/204"},"content":{"rendered":"<div class=\"wp-block-image\">\n<figure class=\"aligncenter size-large is-resized\"><img loading=\"lazy\" decoding=\"async\" width=\"724\" height=\"1024\" src=\"https:\/\/caigualdotadino.it\/wp-content\/uploads\/2024\/10\/Giro-Monte-Maggio-6-Ottobre_page-0001.jpg\" alt=\"\" class=\"wp-image-10400\" style=\"width:766px;height:auto\" srcset=\"https:\/\/caigualdotadino.it\/wp-content\/uploads\/2024\/10\/Giro-Monte-Maggio-6-Ottobre_page-0001.jpg 724w, https:\/\/caigualdotadino.it\/wp-content\/uploads\/2024\/10\/Giro-Monte-Maggio-6-Ottobre_page-0001-212x300.jpg 212w\" sizes=\"auto, (max-width: 724px) 100vw, 724px\" \/><\/figure>\n<\/div>","protected":false},"excerpt":{"rendered":"","protected":false},"author":2,"featured_media":0,"comment_status":"closed","ping_status":"closed","sticky":false,"template":"","format":"gallery","meta":{"_jetpack_memberships_contains_paid_content":false,"footnotes":""},"categories":[34,35],"tags":[],"class_list":["post-10397","post","type-post","status-publish","format-gallery","hentry","category-archivio","category-escursioni","post_format-post-format-gallery"],"jetpack_featured_media_url":"","jetpack-related-posts":[{"id":11378,"url":"https:\/\/caigualdotadino.it\/?p=11378","url_meta":{"origin":10397,"position":0},"title":"Giro del Castagneto con Castagnata al Rifugio Monte Maggio &#8211; 26\/10\/2025","author":"Antonella Recchioni","date":"21 Ottobre 2025","format":"gallery","excerpt":"","rel":"","context":"In &quot;4 - ARCHIVIO&quot;","block_context":{"text":"4 - ARCHIVIO","link":"https:\/\/caigualdotadino.it\/?cat=34"},"img":{"alt_text":"","src":"https:\/\/i0.wp.com\/caigualdotadino.it\/wp-content\/uploads\/2025\/10\/Castagnata-26-ottobre_page-0001.jpg?resize=350%2C200&ssl=1","width":350,"height":200,"srcset":"https:\/\/i0.wp.com\/caigualdotadino.it\/wp-content\/uploads\/2025\/10\/Castagnata-26-ottobre_page-0001.jpg?resize=350%2C200&ssl=1 1x, https:\/\/i0.wp.com\/caigualdotadino.it\/wp-content\/uploads\/2025\/10\/Castagnata-26-ottobre_page-0001.jpg?resize=525%2C300&ssl=1 1.5x, https:\/\/i0.wp.com\/caigualdotadino.it\/wp-content\/uploads\/2025\/10\/Castagnata-26-ottobre_page-0001.jpg?resize=700%2C400&ssl=1 2x"},"classes":[]},{"id":11383,"url":"https:\/\/caigualdotadino.it\/?p=11383","url_meta":{"origin":10397,"position":1},"title":"Giro Le Senate- Monte Maggio &#8211; 09\/11\/2025","author":"Antonella Recchioni","date":"6 Novembre 2025","format":"gallery","excerpt":"","rel":"","context":"In &quot;4 - ARCHIVIO&quot;","block_context":{"text":"4 - ARCHIVIO","link":"https:\/\/caigualdotadino.it\/?cat=34"},"img":{"alt_text":"","src":"https:\/\/i0.wp.com\/caigualdotadino.it\/wp-content\/uploads\/2025\/11\/Domenica-9-Novembre-Le-Senate-monte-Maggio_page-0001.jpg?resize=350%2C200&ssl=1","width":350,"height":200,"srcset":"https:\/\/i0.wp.com\/caigualdotadino.it\/wp-content\/uploads\/2025\/11\/Domenica-9-Novembre-Le-Senate-monte-Maggio_page-0001.jpg?resize=350%2C200&ssl=1 1x, https:\/\/i0.wp.com\/caigualdotadino.it\/wp-content\/uploads\/2025\/11\/Domenica-9-Novembre-Le-Senate-monte-Maggio_page-0001.jpg?resize=525%2C300&ssl=1 1.5x, https:\/\/i0.wp.com\/caigualdotadino.it\/wp-content\/uploads\/2025\/11\/Domenica-9-Novembre-Le-Senate-monte-Maggio_page-0001.jpg?resize=700%2C400&ssl=1 2x"},"classes":[]},{"id":11253,"url":"https:\/\/caigualdotadino.it\/?p=11253","url_meta":{"origin":10397,"position":2},"title":"Giro del Monte Maggio &#8211; 03 agosto 2025","author":"Antonella Recchioni","date":"31 Luglio 2025","format":"gallery","excerpt":"","rel":"","context":"In &quot;4 - ARCHIVIO&quot;","block_context":{"text":"4 - ARCHIVIO","link":"https:\/\/caigualdotadino.it\/?cat=34"},"img":{"alt_text":"","src":"https:\/\/i0.wp.com\/caigualdotadino.it\/wp-content\/uploads\/2025\/07\/3-Agosoto-Giro-del-M.Maggio_page-0001-1.jpg?resize=350%2C200&ssl=1","width":350,"height":200,"srcset":"https:\/\/i0.wp.com\/caigualdotadino.it\/wp-content\/uploads\/2025\/07\/3-Agosoto-Giro-del-M.Maggio_page-0001-1.jpg?resize=350%2C200&ssl=1 1x, https:\/\/i0.wp.com\/caigualdotadino.it\/wp-content\/uploads\/2025\/07\/3-Agosoto-Giro-del-M.Maggio_page-0001-1.jpg?resize=525%2C300&ssl=1 1.5x, https:\/\/i0.wp.com\/caigualdotadino.it\/wp-content\/uploads\/2025\/07\/3-Agosoto-Giro-del-M.Maggio_page-0001-1.jpg?resize=700%2C400&ssl=1 2x"},"classes":[]},{"id":346,"url":"https:\/\/caigualdotadino.it\/?p=346","url_meta":{"origin":10397,"position":3},"title":"Domenica 7 Maggio &#8211; Giro del monte Maggio","author":"pigiax","date":"3 Maggio 2017","format":false,"excerpt":"Partenza: ore 8, 30 Valsorda Itinerario: Valsorda- Rifugio Cai-Sentiero Italia- Valmare- sentiero delle due valli- Fosso caprino- Valsorda Tempo di percorrenza: 3h e 30\u2019 circa Difficolt\u00e0: E Per informazioni: Francesca Maurizi 3381333133 Riccardo Serroni 3383470811","rel":"","context":"In &quot;4 - ARCHIVIO&quot;","block_context":{"text":"4 - ARCHIVIO","link":"https:\/\/caigualdotadino.it\/?cat=34"},"img":{"alt_text":"","src":"","width":0,"height":0},"classes":[]},{"id":403,"url":"https:\/\/caigualdotadino.it\/?p=403","url_meta":{"origin":10397,"position":4},"title":"Domenica 24 Febbraio &#8211; Giro di Monte Maggio","author":"pigiax","date":"20 Febbraio 2019","format":false,"excerpt":"Aggiornamento: dato il forte e gelido vento, l'appuntamento sar\u00e0 alle 8,30 presso la Rocca Flea (e non a Valsorda) dove si decider\u00e0 sulla opportunit\u00e0 di fare un percorso alternativo pi\u00f9 riparato (ad esempio il giro del castagneto). Itinerario: Valsorda- Rifugio Cai-Sentiero Italia- Valmare- Passaiola bassa- Valsorda Tempo di percorrenza: 3h\u2026","rel":"","context":"In &quot;4 - ARCHIVIO&quot;","block_context":{"text":"4 - ARCHIVIO","link":"https:\/\/caigualdotadino.it\/?cat=34"},"img":{"alt_text":"","src":"","width":0,"height":0},"classes":[]},{"id":287,"url":"https:\/\/caigualdotadino.it\/?p=287","url_meta":{"origin":10397,"position":5},"title":"Domenica 17 Maggio &#8211; Festa dell&#8217;AScensione","author":"pigiax","date":"11 Maggio 2015","format":false,"excerpt":"Ore 7:30 ritrovo presso sede cai via della Rocchetta Ore 7:40 partenza escursione giro dei monti Percorso: Pineta del Soldato - Passo de la Sportola - Monte Fringuello - Monte Penna - Monte Nero - Serrasanta - Valsorda. Ore 13: Ritrovo al rifugio CAI e pranzo al sacco Durata: 5\u2026","rel":"","context":"In &quot;4 - ARCHIVIO&quot;","block_context":{"text":"4 - ARCHIVIO","link":"https:\/\/caigualdotadino.it\/?cat=34"},"img":{"alt_text":"","src":"","width":0,"height":0},"classes":[]}],"jetpack_sharing_enabled":true,"_links":{"self":[{"href":"https:\/\/caigualdotadino.it\/index.php?rest_route=\/wp\/v2\/posts\/10397","targetHints":{"allow":["GET"]}}],"collection":[{"href":"https:\/\/caigualdotadino.it\/index.php?rest_route=\/wp\/v2\/posts"}],"about":[{"href":"https:\/\/caigualdotadino.it\/index.php?rest_route=\/wp\/v2\/types\/post"}],"author":[{"embeddable":true,"href":"https:\/\/caigualdotadino.it\/index.php?rest_route=\/wp\/v2\/users\/2"}],"replies":[{"embeddable":true,"href":"https:\/\/caigualdotadino.it\/index.php?rest_route=%2Fwp%2Fv2%2Fcomments&post=10397"}],"version-history":[{"count":1,"href":"https:\/\/caigualdotadino.it\/index.php?rest_route=\/wp\/v2\/posts\/10397\/revisions"}],"predecessor-version":[{"id":10401,"href":"https:\/\/caigualdotadino.it\/index.php?rest_route=\/wp\/v2\/posts\/10397\/revisions\/10401"}],"wp:attachment":[{"href":"https:\/\/caigualdotadino.it\/index.php?rest_route=%2Fwp%2Fv2%2Fmedia&parent=10397"}],"wp:term":[{"taxonomy":"category","embeddable":true,"href":"https:\/\/caigualdotadino.it\/index.php?rest_route=%2Fwp%2Fv2%2Fcategories&post=10397"},{"taxonomy":"post_tag","embeddable":true,"href":"https:\/\/caigualdotadino.it\/index.php?rest_route=%2Fwp%2Fv2%2Ftags&post=10397"}],"curies":[{"name":"wp","href":"https:\/\/api.w.org\/{rel}","templated":true}]}}