{"id":10365,"date":"2024-09-12T18:15:15","date_gmt":"2024-09-12T16:15:15","guid":{"rendered":"https:\/\/caigualdotadino.it\/?p=10365"},"modified":"2024-09-12T18:15:19","modified_gmt":"2024-09-12T16:15:19","slug":"giornata-regionale-della-solidarieta-del-cai-15-09-2024","status":"publish","type":"post","link":"https:\/\/caigualdotadino.it\/?p=10365","title":{"rendered":"Giornata regionale della Solidariet\u00e0 del CAI &#8211; 15\/09\/2024"},"content":{"rendered":"<div class=\"wp-block-image\">\n<figure class=\"aligncenter size-large is-resized\"><img loading=\"lazy\" decoding=\"async\" width=\"724\" height=\"1024\" src=\"https:\/\/caigualdotadino.it\/wp-content\/uploads\/2024\/09\/SCHEDA-USCITA-prodo-solidale_page-0001.jpg\" alt=\"\" class=\"wp-image-10366\" style=\"width:739px;height:auto\" srcset=\"https:\/\/caigualdotadino.it\/wp-content\/uploads\/2024\/09\/SCHEDA-USCITA-prodo-solidale_page-0001.jpg 724w, https:\/\/caigualdotadino.it\/wp-content\/uploads\/2024\/09\/SCHEDA-USCITA-prodo-solidale_page-0001-212x300.jpg 212w\" sizes=\"auto, (max-width: 724px) 100vw, 724px\" \/><\/figure>\n<\/div>\n\n<div class=\"wp-block-image\">\n<figure class=\"aligncenter size-full is-resized\"><img loading=\"lazy\" decoding=\"async\" width=\"724\" height=\"1024\" src=\"https:\/\/caigualdotadino.it\/wp-content\/uploads\/2024\/09\/SCHEDA-USCITA-prodo-solidale_page-0002.jpg\" alt=\"\" class=\"wp-image-10367\" style=\"width:696px;height:auto\" srcset=\"https:\/\/caigualdotadino.it\/wp-content\/uploads\/2024\/09\/SCHEDA-USCITA-prodo-solidale_page-0002.jpg 724w, https:\/\/caigualdotadino.it\/wp-content\/uploads\/2024\/09\/SCHEDA-USCITA-prodo-solidale_page-0002-212x300.jpg 212w\" sizes=\"auto, (max-width: 724px) 100vw, 724px\" \/><\/figure>\n<\/div>","protected":false},"excerpt":{"rendered":"","protected":false},"author":2,"featured_media":0,"comment_status":"closed","ping_status":"closed","sticky":false,"template":"","format":"gallery","meta":{"_jetpack_memberships_contains_paid_content":false,"footnotes":""},"categories":[34,35],"tags":[],"class_list":["post-10365","post","type-post","status-publish","format-gallery","hentry","category-archivio","category-escursioni","post_format-post-format-gallery"],"jetpack_featured_media_url":"","jetpack-related-posts":[{"id":8185,"url":"https:\/\/caigualdotadino.it\/?p=8185","url_meta":{"origin":10365,"position":0},"title":"Domenica 17 settembre &#8211; Giornata della Solidariet\u00e0","author":"Antonella Recchioni","date":"4 Settembre 2023","format":"gallery","excerpt":"","rel":"","context":"In &quot;4 - ARCHIVIO&quot;","block_context":{"text":"4 - ARCHIVIO","link":"https:\/\/caigualdotadino.it\/?cat=34"},"img":{"alt_text":"","src":"https:\/\/i0.wp.com\/caigualdotadino.it\/wp-content\/uploads\/2023\/09\/GIORNATA-DEDICATA-ALLA-SOLIDARIETA_page-0001.jpg?resize=350%2C200&ssl=1","width":350,"height":200,"srcset":"https:\/\/i0.wp.com\/caigualdotadino.it\/wp-content\/uploads\/2023\/09\/GIORNATA-DEDICATA-ALLA-SOLIDARIETA_page-0001.jpg?resize=350%2C200&ssl=1 1x, https:\/\/i0.wp.com\/caigualdotadino.it\/wp-content\/uploads\/2023\/09\/GIORNATA-DEDICATA-ALLA-SOLIDARIETA_page-0001.jpg?resize=525%2C300&ssl=1 1.5x, https:\/\/i0.wp.com\/caigualdotadino.it\/wp-content\/uploads\/2023\/09\/GIORNATA-DEDICATA-ALLA-SOLIDARIETA_page-0001.jpg?resize=700%2C400&ssl=1 2x"},"classes":[]},{"id":10179,"url":"https:\/\/caigualdotadino.it\/?p=10179","url_meta":{"origin":10365,"position":1},"title":"Raduna Regionale CAI &#8211; 22\/09\/2024","author":"Antonella Recchioni","date":"23 Luglio 2024","format":"gallery","excerpt":"Il Raduno regionale CAI 2024 verr\u00e0 organizzato dalla sezione di Terni domenica 22 Settembre. La partenza da Gualdo Tadino \u00e8 prevista alle ore 07,45 dal parcheggio Gala.Chi vorr\u00e0 usufruire del pranzo dovr\u00e0 prenotarsi entro Gioved\u00ec 12Settembre contattando Franco Palazzoni al 3283057249 o scrivendo sulla chat (al momento risultano 5 partecipanti).\u2026","rel":"","context":"In &quot;4 - ARCHIVIO&quot;","block_context":{"text":"4 - ARCHIVIO","link":"https:\/\/caigualdotadino.it\/?cat=34"},"img":{"alt_text":"","src":"https:\/\/i0.wp.com\/caigualdotadino.it\/wp-content\/uploads\/2024\/06\/raduno-regionale-1-1.jpg?resize=350%2C200&ssl=1","width":350,"height":200,"srcset":"https:\/\/i0.wp.com\/caigualdotadino.it\/wp-content\/uploads\/2024\/06\/raduno-regionale-1-1.jpg?resize=350%2C200&ssl=1 1x, https:\/\/i0.wp.com\/caigualdotadino.it\/wp-content\/uploads\/2024\/06\/raduno-regionale-1-1.jpg?resize=525%2C300&ssl=1 1.5x, https:\/\/i0.wp.com\/caigualdotadino.it\/wp-content\/uploads\/2024\/06\/raduno-regionale-1-1.jpg?resize=700%2C400&ssl=1 2x"},"classes":[]},{"id":10360,"url":"https:\/\/caigualdotadino.it\/?p=10360","url_meta":{"origin":10365,"position":2},"title":"Escursione ad anello Val Sorda &#8211; Eremo Serrasanta e ritorno &#8211; 15\/09\/2024","author":"Antonella Recchioni","date":"12 Settembre 2024","format":"gallery","excerpt":"Intersezionale CAI di Ancona","rel":"","context":"In &quot;4 - ARCHIVIO&quot;","block_context":{"text":"4 - ARCHIVIO","link":"https:\/\/caigualdotadino.it\/?cat=34"},"img":{"alt_text":"","src":"https:\/\/i0.wp.com\/caigualdotadino.it\/wp-content\/uploads\/2024\/09\/ValSordaAnGualdo_page-0001.jpg?resize=350%2C200&ssl=1","width":350,"height":200,"srcset":"https:\/\/i0.wp.com\/caigualdotadino.it\/wp-content\/uploads\/2024\/09\/ValSordaAnGualdo_page-0001.jpg?resize=350%2C200&ssl=1 1x, https:\/\/i0.wp.com\/caigualdotadino.it\/wp-content\/uploads\/2024\/09\/ValSordaAnGualdo_page-0001.jpg?resize=525%2C300&ssl=1 1.5x, https:\/\/i0.wp.com\/caigualdotadino.it\/wp-content\/uploads\/2024\/09\/ValSordaAnGualdo_page-0001.jpg?resize=700%2C400&ssl=1 2x"},"classes":[]},{"id":7692,"url":"https:\/\/caigualdotadino.it\/?p=7692","url_meta":{"origin":10365,"position":3},"title":"Domenica 04 giugno &#8211; RADUNO REGIONALE CAI UMBRIA","author":"Antonella Recchioni","date":"13 Maggio 2023","format":"gallery","excerpt":"RADUNO REGIONALE CAI UMBRIA Organizzato dalla Sezione CAI Orvieto RADUNO-REGIONALE-CAI-ORVIETO-2023Download","rel":"","context":"In &quot;4 - ARCHIVIO&quot;","block_context":{"text":"4 - ARCHIVIO","link":"https:\/\/caigualdotadino.it\/?cat=34"},"img":{"alt_text":"","src":"","width":0,"height":0},"classes":[]},{"id":11101,"url":"https:\/\/caigualdotadino.it\/?p=11101","url_meta":{"origin":10365,"position":4},"title":"Raduno Regionale CAI Umbria -08\/06\/2025","author":"Antonella Recchioni","date":"24 Maggio 2025","format":"gallery","excerpt":"","rel":"","context":"In &quot;4 - ARCHIVIO&quot;","block_context":{"text":"4 - ARCHIVIO","link":"https:\/\/caigualdotadino.it\/?cat=34"},"img":{"alt_text":"","src":"https:\/\/i0.wp.com\/caigualdotadino.it\/wp-content\/uploads\/2025\/05\/raduno-regionale_page-0002.jpg?resize=350%2C200&ssl=1","width":350,"height":200,"srcset":"https:\/\/i0.wp.com\/caigualdotadino.it\/wp-content\/uploads\/2025\/05\/raduno-regionale_page-0002.jpg?resize=350%2C200&ssl=1 1x, https:\/\/i0.wp.com\/caigualdotadino.it\/wp-content\/uploads\/2025\/05\/raduno-regionale_page-0002.jpg?resize=525%2C300&ssl=1 1.5x, https:\/\/i0.wp.com\/caigualdotadino.it\/wp-content\/uploads\/2025\/05\/raduno-regionale_page-0002.jpg?resize=700%2C400&ssl=1 2x"},"classes":[]},{"id":10294,"url":"https:\/\/caigualdotadino.it\/?p=10294","url_meta":{"origin":10365,"position":5},"title":"Ferragosto con il CAI &#8211; 15\/08\/2024","author":"Antonella Recchioni","date":"13 Agosto 2024","format":"gallery","excerpt":"","rel":"","context":"In &quot;4 - ARCHIVIO&quot;","block_context":{"text":"4 - ARCHIVIO","link":"https:\/\/caigualdotadino.it\/?cat=34"},"img":{"alt_text":"","src":"https:\/\/i0.wp.com\/caigualdotadino.it\/wp-content\/uploads\/2024\/08\/Ferragosto-2024_page-0001-150x150.jpg?resize=350%2C200&ssl=1","width":350,"height":200,"srcset":"https:\/\/i0.wp.com\/caigualdotadino.it\/wp-content\/uploads\/2024\/08\/Ferragosto-2024_page-0001-150x150.jpg?resize=350%2C200&ssl=1 1x, https:\/\/i0.wp.com\/caigualdotadino.it\/wp-content\/uploads\/2024\/08\/Ferragosto-2024_page-0001-150x150.jpg?resize=525%2C300&ssl=1 1.5x, https:\/\/i0.wp.com\/caigualdotadino.it\/wp-content\/uploads\/2024\/08\/Ferragosto-2024_page-0001-150x150.jpg?resize=700%2C400&ssl=1 2x"},"classes":[]}],"jetpack_sharing_enabled":true,"_links":{"self":[{"href":"https:\/\/caigualdotadino.it\/index.php?rest_route=\/wp\/v2\/posts\/10365","targetHints":{"allow":["GET"]}}],"collection":[{"href":"https:\/\/caigualdotadino.it\/index.php?rest_route=\/wp\/v2\/posts"}],"about":[{"href":"https:\/\/caigualdotadino.it\/index.php?rest_route=\/wp\/v2\/types\/post"}],"author":[{"embeddable":true,"href":"https:\/\/caigualdotadino.it\/index.php?rest_route=\/wp\/v2\/users\/2"}],"replies":[{"embeddable":true,"href":"https:\/\/caigualdotadino.it\/index.php?rest_route=%2Fwp%2Fv2%2Fcomments&post=10365"}],"version-history":[{"count":1,"href":"https:\/\/caigualdotadino.it\/index.php?rest_route=\/wp\/v2\/posts\/10365\/revisions"}],"predecessor-version":[{"id":10368,"href":"https:\/\/caigualdotadino.it\/index.php?rest_route=\/wp\/v2\/posts\/10365\/revisions\/10368"}],"wp:attachment":[{"href":"https:\/\/caigualdotadino.it\/index.php?rest_route=%2Fwp%2Fv2%2Fmedia&parent=10365"}],"wp:term":[{"taxonomy":"category","embeddable":true,"href":"https:\/\/caigualdotadino.it\/index.php?rest_route=%2Fwp%2Fv2%2Fcategories&post=10365"},{"taxonomy":"post_tag","embeddable":true,"href":"https:\/\/caigualdotadino.it\/index.php?rest_route=%2Fwp%2Fv2%2Ftags&post=10365"}],"curies":[{"name":"wp","href":"https:\/\/api.w.org\/{rel}","templated":true}]}}