{"id":10309,"date":"2024-08-21T11:35:33","date_gmt":"2024-08-21T09:35:33","guid":{"rendered":"https:\/\/caigualdotadino.it\/?p=10309"},"modified":"2024-08-21T11:35:36","modified_gmt":"2024-08-21T09:35:36","slug":"37a-festa-della-montagna-25-08-2024","status":"publish","type":"post","link":"https:\/\/caigualdotadino.it\/?p=10309","title":{"rendered":"37a Festa della Montagna &#8211; 25\/08\/2024"},"content":{"rendered":"<div class=\"wp-block-image\">\n<figure class=\"aligncenter size-full is-resized\"><img loading=\"lazy\" decoding=\"async\" width=\"724\" height=\"1024\" src=\"https:\/\/caigualdotadino.it\/wp-content\/uploads\/2024\/08\/FESTA-DELLA-MONTAGNA-2024-37a_page-0001-4.jpg\" alt=\"\" class=\"wp-image-10314\" style=\"width:738px;height:auto\" srcset=\"https:\/\/caigualdotadino.it\/wp-content\/uploads\/2024\/08\/FESTA-DELLA-MONTAGNA-2024-37a_page-0001-4.jpg 724w, https:\/\/caigualdotadino.it\/wp-content\/uploads\/2024\/08\/FESTA-DELLA-MONTAGNA-2024-37a_page-0001-4-212x300.jpg 212w\" sizes=\"auto, (max-width: 724px) 100vw, 724px\" \/><\/figure>\n<\/div>","protected":false},"excerpt":{"rendered":"","protected":false},"author":2,"featured_media":0,"comment_status":"closed","ping_status":"closed","sticky":false,"template":"","format":"gallery","meta":{"_jetpack_memberships_contains_paid_content":false,"footnotes":""},"categories":[34,35],"tags":[],"class_list":["post-10309","post","type-post","status-publish","format-gallery","hentry","category-archivio","category-escursioni","post_format-post-format-gallery"],"jetpack_featured_media_url":"","jetpack-related-posts":[{"id":8145,"url":"https:\/\/caigualdotadino.it\/?p=8145","url_meta":{"origin":10309,"position":0},"title":"Domenica 3 Settembre &#8211; 36a FESTA DELLA MONTAGNA","author":"Antonella Recchioni","date":"29 Agosto 2023","format":"gallery","excerpt":"","rel":"","context":"In &quot;4 - ARCHIVIO&quot;","block_context":{"text":"4 - ARCHIVIO","link":"https:\/\/caigualdotadino.it\/?cat=34"},"img":{"alt_text":"","src":"https:\/\/i0.wp.com\/caigualdotadino.it\/wp-content\/uploads\/2023\/08\/FESTA-DELLA-MONTAGNA-36a-1_page-0001.jpg?resize=350%2C200&ssl=1","width":350,"height":200,"srcset":"https:\/\/i0.wp.com\/caigualdotadino.it\/wp-content\/uploads\/2023\/08\/FESTA-DELLA-MONTAGNA-36a-1_page-0001.jpg?resize=350%2C200&ssl=1 1x, https:\/\/i0.wp.com\/caigualdotadino.it\/wp-content\/uploads\/2023\/08\/FESTA-DELLA-MONTAGNA-36a-1_page-0001.jpg?resize=525%2C300&ssl=1 1.5x, https:\/\/i0.wp.com\/caigualdotadino.it\/wp-content\/uploads\/2023\/08\/FESTA-DELLA-MONTAGNA-36a-1_page-0001.jpg?resize=700%2C400&ssl=1 2x"},"classes":[]},{"id":129,"url":"https:\/\/caigualdotadino.it\/?p=129","url_meta":{"origin":10309,"position":1},"title":"DOMENICA 26 agosto 2012  \u201cFESTA DELLA MONTAGNA\u201d","author":"pigiax","date":"21 Agosto 2012","format":false,"excerpt":"Programma: Ore 8,15 - Ritrovo Piazza MartiriOre 8,30 - Escursione verso la Valsorda: Colle Mori \u2013 Castagneto \u2013 Impero \u2013 Passaiola Bassa \u2013 Valsorda (durata 4 ore circa \u2013diff. E)Ore 13.00 - Pranzo conviviale presso il Rifugio CAIOre 14,30 - Esibizione Corale Cai R. CasimiriPer motivi organizzativi si prega dare\u2026","rel":"","context":"In &quot;4 - ARCHIVIO&quot;","block_context":{"text":"4 - ARCHIVIO","link":"https:\/\/caigualdotadino.it\/?cat=34"},"img":{"alt_text":"","src":"","width":0,"height":0},"classes":[]},{"id":11299,"url":"https:\/\/caigualdotadino.it\/?p=11299","url_meta":{"origin":10309,"position":2},"title":"38a Festa della Montagna &#8211; Domenica 07\/09\/2025","author":"Antonella Recchioni","date":"3 Settembre 2025","format":"gallery","excerpt":"","rel":"","context":"In &quot;4 - ARCHIVIO&quot;","block_context":{"text":"4 - ARCHIVIO","link":"https:\/\/caigualdotadino.it\/?cat=34"},"img":{"alt_text":"","src":"https:\/\/i0.wp.com\/caigualdotadino.it\/wp-content\/uploads\/2025\/09\/38a-FESTA-DELLA-MONTAGNA-_page-0001.jpg?resize=350%2C200&ssl=1","width":350,"height":200,"srcset":"https:\/\/i0.wp.com\/caigualdotadino.it\/wp-content\/uploads\/2025\/09\/38a-FESTA-DELLA-MONTAGNA-_page-0001.jpg?resize=350%2C200&ssl=1 1x, https:\/\/i0.wp.com\/caigualdotadino.it\/wp-content\/uploads\/2025\/09\/38a-FESTA-DELLA-MONTAGNA-_page-0001.jpg?resize=525%2C300&ssl=1 1.5x, https:\/\/i0.wp.com\/caigualdotadino.it\/wp-content\/uploads\/2025\/09\/38a-FESTA-DELLA-MONTAGNA-_page-0001.jpg?resize=700%2C400&ssl=1 2x"},"classes":[]},{"id":161,"url":"https:\/\/caigualdotadino.it\/?p=161","url_meta":{"origin":10309,"position":3},"title":"Feste della montagna","author":"pigiax","date":"6 Febbraio 2012","format":false,"excerpt":"Feste della montagna {module [74]} Festa Regionale 2012","rel":"","context":"In &quot;4 - ARCHIVIO&quot;","block_context":{"text":"4 - ARCHIVIO","link":"https:\/\/caigualdotadino.it\/?cat=34"},"img":{"alt_text":"","src":"","width":0,"height":0},"classes":[]},{"id":324,"url":"https:\/\/caigualdotadino.it\/?p=324","url_meta":{"origin":10309,"position":4},"title":"Festa della Montagna 2016","author":"pigiax","date":"30 Agosto 2016","format":false,"excerpt":"Sabato 3 Settembre ore 17: (Atrio palazzo comunale) Apertura mostra fotografica sul tema \u201cEccellenze ed Emergenze del nostro territorio\u201d. (aperta dal 3 all\u201911 settembre). (Le foto sono state elaborate per la mostra da nostri concittadini) Ore 17,30- (Sala consiliare) Dibattito sul tema \u201cEccellenze ed Emergenze del nostro territorio\u201d. Intervengono Goffredo\u2026","rel":"","context":"In &quot;4 - ARCHIVIO&quot;","block_context":{"text":"4 - ARCHIVIO","link":"https:\/\/caigualdotadino.it\/?cat=34"},"img":{"alt_text":"","src":"","width":0,"height":0},"classes":[]},{"id":299,"url":"https:\/\/caigualdotadino.it\/?p=299","url_meta":{"origin":10309,"position":5},"title":"5 e 6 Settembre &#8211; Festa della Montagna","author":"pigiax","date":"23 Agosto 2015","format":false,"excerpt":"Sabato 5 Settembre: Convegno sull'Enciclica di Papa Francesco \"Laudato si...\" Sala della Citt\u00e0 - Rocca Flea Ore 16,30: saluto delle autorit\u00e0 Ore 16,45: Prof. Antonio Pieretti (doc. univ. - vice pres. Societ\u00e0 Italiana di Filosofia Analitica) \"L'Enciclica di Papa Francesco\". Prof. Marco Geri (doc. univ. - Istruttore Nazionale di Alpinismo\u2026","rel":"","context":"In &quot;4 - ARCHIVIO&quot;","block_context":{"text":"4 - ARCHIVIO","link":"https:\/\/caigualdotadino.it\/?cat=34"},"img":{"alt_text":"","src":"","width":0,"height":0},"classes":[]}],"jetpack_sharing_enabled":true,"_links":{"self":[{"href":"https:\/\/caigualdotadino.it\/index.php?rest_route=\/wp\/v2\/posts\/10309","targetHints":{"allow":["GET"]}}],"collection":[{"href":"https:\/\/caigualdotadino.it\/index.php?rest_route=\/wp\/v2\/posts"}],"about":[{"href":"https:\/\/caigualdotadino.it\/index.php?rest_route=\/wp\/v2\/types\/post"}],"author":[{"embeddable":true,"href":"https:\/\/caigualdotadino.it\/index.php?rest_route=\/wp\/v2\/users\/2"}],"replies":[{"embeddable":true,"href":"https:\/\/caigualdotadino.it\/index.php?rest_route=%2Fwp%2Fv2%2Fcomments&post=10309"}],"version-history":[{"count":1,"href":"https:\/\/caigualdotadino.it\/index.php?rest_route=\/wp\/v2\/posts\/10309\/revisions"}],"predecessor-version":[{"id":10315,"href":"https:\/\/caigualdotadino.it\/index.php?rest_route=\/wp\/v2\/posts\/10309\/revisions\/10315"}],"wp:attachment":[{"href":"https:\/\/caigualdotadino.it\/index.php?rest_route=%2Fwp%2Fv2%2Fmedia&parent=10309"}],"wp:term":[{"taxonomy":"category","embeddable":true,"href":"https:\/\/caigualdotadino.it\/index.php?rest_route=%2Fwp%2Fv2%2Fcategories&post=10309"},{"taxonomy":"post_tag","embeddable":true,"href":"https:\/\/caigualdotadino.it\/index.php?rest_route=%2Fwp%2Fv2%2Ftags&post=10309"}],"curies":[{"name":"wp","href":"https:\/\/api.w.org\/{rel}","templated":true}]}}