{"id":10179,"date":"2024-07-23T10:15:23","date_gmt":"2024-07-23T08:15:23","guid":{"rendered":"https:\/\/caigualdotadino.it\/?p=10179"},"modified":"2024-09-12T17:55:31","modified_gmt":"2024-09-12T15:55:31","slug":"raduna-regionale-cai-22-09-2024","status":"publish","type":"post","link":"https:\/\/caigualdotadino.it\/?p=10179","title":{"rendered":"Raduna Regionale CAI &#8211; 22\/09\/2024"},"content":{"rendered":"\n<p>Il Raduno regionale CAI 2024 verr\u00e0 organizzato dalla sezione di Terni domenica 22 Settembre.<\/p>\n\n\n\n<p><br>La partenza da Gualdo Tadino \u00e8 prevista alle ore <strong><mark style=\"background-color:rgba(0, 0, 0, 0);color:#f80b0b\" class=\"has-inline-color\">07,45<\/mark><\/strong> dal parcheggio Gala.<br>Chi vorr\u00e0 usufruire del pranzo dovr\u00e0 prenotarsi entro Gioved\u00ec 12Settembre contattando  Franco Palazzoni al 3283057249 o scrivendo sulla chat (al momento risultano 5 partecipanti). <\/p>\n\n\n\n<p>Da ricordare che, per il pranzo bisogner\u00e0 portarsi le posate ed il bicchiere da casa<br>Di seguito il Programma dettagliato.<\/p>\n\n\n<div class=\"wp-block-image\">\n<figure class=\"aligncenter size-large\"><img loading=\"lazy\" decoding=\"async\" width=\"735\" height=\"1024\" src=\"https:\/\/caigualdotadino.it\/wp-content\/uploads\/2024\/06\/raduno-regionale-1-1.jpg\" alt=\"\" class=\"wp-image-10186\" srcset=\"https:\/\/caigualdotadino.it\/wp-content\/uploads\/2024\/06\/raduno-regionale-1-1.jpg 735w, https:\/\/caigualdotadino.it\/wp-content\/uploads\/2024\/06\/raduno-regionale-1-1-215x300.jpg 215w\" sizes=\"auto, (max-width: 735px) 100vw, 735px\" \/><\/figure>\n<\/div>","protected":false},"excerpt":{"rendered":"<p>Il Raduno regionale CAI 2024 verr\u00e0 organizzato dalla sezione di Terni domenica 22 Settembre. La partenza da Gualdo Tadino \u00e8 prevista alle ore 07,45 dal &hellip;<\/p>\n","protected":false},"author":2,"featured_media":0,"comment_status":"closed","ping_status":"closed","sticky":false,"template":"","format":"gallery","meta":{"_jetpack_memberships_contains_paid_content":false,"footnotes":""},"categories":[34,35],"tags":[],"class_list":["post-10179","post","type-post","status-publish","format-gallery","hentry","category-archivio","category-escursioni","post_format-post-format-gallery"],"jetpack_featured_media_url":"","jetpack-related-posts":[{"id":7692,"url":"https:\/\/caigualdotadino.it\/?p=7692","url_meta":{"origin":10179,"position":0},"title":"Domenica 04 giugno &#8211; RADUNO REGIONALE CAI UMBRIA","author":"Antonella Recchioni","date":"13 Maggio 2023","format":"gallery","excerpt":"RADUNO REGIONALE CAI UMBRIA Organizzato dalla Sezione CAI Orvieto RADUNO-REGIONALE-CAI-ORVIETO-2023Download","rel":"","context":"In &quot;4 - ARCHIVIO&quot;","block_context":{"text":"4 - ARCHIVIO","link":"https:\/\/caigualdotadino.it\/?cat=34"},"img":{"alt_text":"","src":"","width":0,"height":0},"classes":[]},{"id":9723,"url":"https:\/\/caigualdotadino.it\/?p=9723","url_meta":{"origin":10179,"position":1},"title":"ALLA VALSORDA DI GUALDO TADINO IL RADUNO REGIONALE DEL CAI.","author":"Antonella Recchioni","date":"1 Settembre 2019","format":"gallery","excerpt":"In 400 al Rifugio Chiesetta Quasi 400 escursionisti, 8 sezioni CAI dell'Umbria per una giornata baciata dal sole contro ogni previsione metereologica. E' stata la Valsorda di Gualdo Tadino ad ospitare domenica 1 settembre, con il patrocinio di Comune e Comunanza Agraria Appennino Gualdese e la sponsorizzazione di aziende locali,\u2026","rel":"","context":"In &quot;4 - ARCHIVIO&quot;","block_context":{"text":"4 - ARCHIVIO","link":"https:\/\/caigualdotadino.it\/?cat=34"},"img":{"alt_text":"","src":"https:\/\/i0.wp.com\/caigualdotadino.it\/wp-content\/uploads\/2024\/02\/raduno-1.jpeg?resize=350%2C200&ssl=1","width":350,"height":200},"classes":[]},{"id":325,"url":"https:\/\/caigualdotadino.it\/?p=325","url_meta":{"origin":10179,"position":2},"title":"Domenica 18 Settembre &#8211; Raduno Regionale a Ferentillo","author":"pigiax","date":"13 Settembre 2016","format":false,"excerpt":"Il Cai di Terni organizza il tradizionale Raduno Regionale. ore 8.45: ritrovo presso il Centro Formativo Regionale SASU Ferentillo e organizzazione gruppi attivit\u00e0 Ore 9,00:inizio attivit\u00e0: Escursione. Sentiero Ferentillo - Nicciano passando per la Rocca e Gabbio. Durante l\u2019escursione incontreremo e visiteremo delle chiese a Gabbio, Nicciano e Ferentillo dove\u2026","rel":"","context":"In &quot;4 - ARCHIVIO&quot;","block_context":{"text":"4 - ARCHIVIO","link":"https:\/\/caigualdotadino.it\/?cat=34"},"img":{"alt_text":"","src":"","width":0,"height":0},"classes":[]},{"id":11101,"url":"https:\/\/caigualdotadino.it\/?p=11101","url_meta":{"origin":10179,"position":3},"title":"Raduno Regionale CAI Umbria -08\/06\/2025","author":"Antonella Recchioni","date":"24 Maggio 2025","format":"gallery","excerpt":"","rel":"","context":"In &quot;4 - ARCHIVIO&quot;","block_context":{"text":"4 - ARCHIVIO","link":"https:\/\/caigualdotadino.it\/?cat=34"},"img":{"alt_text":"","src":"https:\/\/i0.wp.com\/caigualdotadino.it\/wp-content\/uploads\/2025\/05\/raduno-regionale_page-0002.jpg?resize=350%2C200&ssl=1","width":350,"height":200,"srcset":"https:\/\/i0.wp.com\/caigualdotadino.it\/wp-content\/uploads\/2025\/05\/raduno-regionale_page-0002.jpg?resize=350%2C200&ssl=1 1x, https:\/\/i0.wp.com\/caigualdotadino.it\/wp-content\/uploads\/2025\/05\/raduno-regionale_page-0002.jpg?resize=525%2C300&ssl=1 1.5x, https:\/\/i0.wp.com\/caigualdotadino.it\/wp-content\/uploads\/2025\/05\/raduno-regionale_page-0002.jpg?resize=700%2C400&ssl=1 2x"},"classes":[]},{"id":291,"url":"https:\/\/caigualdotadino.it\/?p=291","url_meta":{"origin":10179,"position":4},"title":"Domenica 21 Giugno &#8211; Raduno regionale","author":"pigiax","date":"29 Maggio 2015","format":false,"excerpt":"Domenica 21 Giugno si terr\u00e0 il Raduno Regionale organizzato dal gruppo CAI di Citt\u00e0 di Castello. In allegato il programma ricco di attivit\u00e0.","rel":"","context":"In &quot;4 - ARCHIVIO&quot;","block_context":{"text":"4 - ARCHIVIO","link":"https:\/\/caigualdotadino.it\/?cat=34"},"img":{"alt_text":"","src":"","width":0,"height":0},"classes":[]},{"id":387,"url":"https:\/\/caigualdotadino.it\/?p=387","url_meta":{"origin":10179,"position":5},"title":"Domenica 10 Giugno &#8211; Raduno Regionale a Gubbio","author":"pigiax","date":"6 Giugno 2018","format":false,"excerpt":"Ore 9.00: Ritrovo dei partecipanti al Teatro Romano Ore 9.30: Inizio escursioni Ore 13.30: Pranzo offerto dalla Sezione di Gubbio sotto gli \"arconi\" di Piazza Grande Ore 15.00: Saluto delle autorit\u00e0 ed esibizione della Banda musicale di Madonna del Ponte e degli Sbandieratori di Gubbio. Per i dettagli sulle varie\u2026","rel":"","context":"In &quot;4 - ARCHIVIO&quot;","block_context":{"text":"4 - ARCHIVIO","link":"https:\/\/caigualdotadino.it\/?cat=34"},"img":{"alt_text":"","src":"","width":0,"height":0},"classes":[]}],"jetpack_sharing_enabled":true,"_links":{"self":[{"href":"https:\/\/caigualdotadino.it\/index.php?rest_route=\/wp\/v2\/posts\/10179","targetHints":{"allow":["GET"]}}],"collection":[{"href":"https:\/\/caigualdotadino.it\/index.php?rest_route=\/wp\/v2\/posts"}],"about":[{"href":"https:\/\/caigualdotadino.it\/index.php?rest_route=\/wp\/v2\/types\/post"}],"author":[{"embeddable":true,"href":"https:\/\/caigualdotadino.it\/index.php?rest_route=\/wp\/v2\/users\/2"}],"replies":[{"embeddable":true,"href":"https:\/\/caigualdotadino.it\/index.php?rest_route=%2Fwp%2Fv2%2Fcomments&post=10179"}],"version-history":[{"count":2,"href":"https:\/\/caigualdotadino.it\/index.php?rest_route=\/wp\/v2\/posts\/10179\/revisions"}],"predecessor-version":[{"id":10357,"href":"https:\/\/caigualdotadino.it\/index.php?rest_route=\/wp\/v2\/posts\/10179\/revisions\/10357"}],"wp:attachment":[{"href":"https:\/\/caigualdotadino.it\/index.php?rest_route=%2Fwp%2Fv2%2Fmedia&parent=10179"}],"wp:term":[{"taxonomy":"category","embeddable":true,"href":"https:\/\/caigualdotadino.it\/index.php?rest_route=%2Fwp%2Fv2%2Fcategories&post=10179"},{"taxonomy":"post_tag","embeddable":true,"href":"https:\/\/caigualdotadino.it\/index.php?rest_route=%2Fwp%2Fv2%2Ftags&post=10179"}],"curies":[{"name":"wp","href":"https:\/\/api.w.org\/{rel}","templated":true}]}}