{"id":10105,"date":"2024-06-14T11:31:32","date_gmt":"2024-06-14T09:31:32","guid":{"rendered":"https:\/\/caigualdotadino.it\/?p=10105"},"modified":"2024-06-14T11:31:43","modified_gmt":"2024-06-14T09:31:43","slug":"giro-delle-tre-cime-domenica-16-giugno-2024","status":"publish","type":"post","link":"https:\/\/caigualdotadino.it\/?p=10105","title":{"rendered":"Giro delle Tre Cime &#8211; Domenica 16 giugno 2024"},"content":{"rendered":"<div class=\"wp-block-image\">\n<figure class=\"aligncenter size-full is-resized\"><img loading=\"lazy\" decoding=\"async\" width=\"724\" height=\"1024\" src=\"https:\/\/caigualdotadino.it\/wp-content\/uploads\/2024\/06\/Escursione-domenica-16-Giugno-2024_page-0001-1-4.jpg\" alt=\"\" class=\"wp-image-10112\" style=\"width:793px;height:auto\" srcset=\"https:\/\/caigualdotadino.it\/wp-content\/uploads\/2024\/06\/Escursione-domenica-16-Giugno-2024_page-0001-1-4.jpg 724w, https:\/\/caigualdotadino.it\/wp-content\/uploads\/2024\/06\/Escursione-domenica-16-Giugno-2024_page-0001-1-4-212x300.jpg 212w\" sizes=\"auto, (max-width: 724px) 100vw, 724px\" \/><\/figure>\n<\/div>","protected":false},"excerpt":{"rendered":"","protected":false},"author":2,"featured_media":0,"comment_status":"closed","ping_status":"closed","sticky":false,"template":"","format":"gallery","meta":{"_jetpack_memberships_contains_paid_content":false,"footnotes":""},"categories":[34,35],"tags":[],"class_list":["post-10105","post","type-post","status-publish","format-gallery","hentry","category-archivio","category-escursioni","post_format-post-format-gallery"],"jetpack_featured_media_url":"","jetpack-related-posts":[{"id":412,"url":"https:\/\/caigualdotadino.it\/?p=412","url_meta":{"origin":10105,"position":0},"title":"Domenica 16 Giugno &#8211; Montagne in movimento","author":"pigiax","date":"13 Giugno 2019","format":false,"excerpt":"","rel":"","context":"In &quot;4 - ARCHIVIO&quot;","block_context":{"text":"4 - ARCHIVIO","link":"https:\/\/caigualdotadino.it\/?cat=34"},"img":{"alt_text":"locandina 2 serrasanta montagne in movimento 2019_page-0001","src":"https:\/\/i0.wp.com\/caigualdotadino.it\/wp-content\/uploads\/2019\/06\/locandina-2-serrasanta-montagne-in-movimento-2019_page-0001.jpg?resize=350%2C200&ssl=1","width":350,"height":200},"classes":[]},{"id":8137,"url":"https:\/\/caigualdotadino.it\/?p=8137","url_meta":{"origin":10105,"position":1},"title":"Domenica 27 agosto &#8211; Le 5 Cime di Gualdo","author":"Antonella Recchioni","date":"25 Agosto 2023","format":"gallery","excerpt":"","rel":"","context":"In &quot;4 - ARCHIVIO&quot;","block_context":{"text":"4 - ARCHIVIO","link":"https:\/\/caigualdotadino.it\/?cat=34"},"img":{"alt_text":"","src":"https:\/\/i0.wp.com\/caigualdotadino.it\/wp-content\/uploads\/2023\/08\/Le-5-cime_page-0001.jpg?resize=350%2C200&ssl=1","width":350,"height":200,"srcset":"https:\/\/i0.wp.com\/caigualdotadino.it\/wp-content\/uploads\/2023\/08\/Le-5-cime_page-0001.jpg?resize=350%2C200&ssl=1 1x, https:\/\/i0.wp.com\/caigualdotadino.it\/wp-content\/uploads\/2023\/08\/Le-5-cime_page-0001.jpg?resize=525%2C300&ssl=1 1.5x, https:\/\/i0.wp.com\/caigualdotadino.it\/wp-content\/uploads\/2023\/08\/Le-5-cime_page-0001.jpg?resize=700%2C400&ssl=1 2x"},"classes":[]},{"id":3866,"url":"https:\/\/caigualdotadino.it\/?p=3866","url_meta":{"origin":10105,"position":2},"title":"Escursione domenica 13 giugno","author":"pigiax","date":"7 Giugno 2021","format":"gallery","excerpt":"","rel":"","context":"In &quot;4 - ARCHIVIO&quot;","block_context":{"text":"4 - ARCHIVIO","link":"https:\/\/caigualdotadino.it\/?cat=34"},"img":{"alt_text":"","src":"https:\/\/i0.wp.com\/caigualdotadino.it\/wp-content\/uploads\/2021\/06\/Escursione-domenica-13-giugno.jpg?resize=350%2C200&ssl=1","width":350,"height":200,"srcset":"https:\/\/i0.wp.com\/caigualdotadino.it\/wp-content\/uploads\/2021\/06\/Escursione-domenica-13-giugno.jpg?resize=350%2C200&ssl=1 1x, https:\/\/i0.wp.com\/caigualdotadino.it\/wp-content\/uploads\/2021\/06\/Escursione-domenica-13-giugno.jpg?resize=525%2C300&ssl=1 1.5x, https:\/\/i0.wp.com\/caigualdotadino.it\/wp-content\/uploads\/2021\/06\/Escursione-domenica-13-giugno.jpg?resize=700%2C400&ssl=1 2x"},"classes":[]},{"id":410,"url":"https:\/\/caigualdotadino.it\/?p=410","url_meta":{"origin":10105,"position":3},"title":"Domenica 9 Giugno &#8211; Castelli di Salmaregia","author":"pigiax","date":"6 Giugno 2019","format":false,"excerpt":"","rel":"","context":"In &quot;4 - ARCHIVIO&quot;","block_context":{"text":"4 - ARCHIVIO","link":"https:\/\/caigualdotadino.it\/?cat=34"},"img":{"alt_text":"","src":"","width":0,"height":0},"classes":[]},{"id":291,"url":"https:\/\/caigualdotadino.it\/?p=291","url_meta":{"origin":10105,"position":4},"title":"Domenica 21 Giugno &#8211; Raduno regionale","author":"pigiax","date":"29 Maggio 2015","format":false,"excerpt":"Domenica 21 Giugno si terr\u00e0 il Raduno Regionale organizzato dal gruppo CAI di Citt\u00e0 di Castello. In allegato il programma ricco di attivit\u00e0.","rel":"","context":"In &quot;4 - ARCHIVIO&quot;","block_context":{"text":"4 - ARCHIVIO","link":"https:\/\/caigualdotadino.it\/?cat=34"},"img":{"alt_text":"","src":"","width":0,"height":0},"classes":[]},{"id":10571,"url":"https:\/\/caigualdotadino.it\/?p=10571","url_meta":{"origin":10105,"position":5},"title":"Sulle cime Le Senate e Monte Maggio &#8211; 01\/12\/2024","author":"Antonella Recchioni","date":"29 Novembre 2024","format":"gallery","excerpt":"","rel":"","context":"In &quot;4 - ARCHIVIO&quot;","block_context":{"text":"4 - ARCHIVIO","link":"https:\/\/caigualdotadino.it\/?cat=34"},"img":{"alt_text":"","src":"https:\/\/i0.wp.com\/caigualdotadino.it\/wp-content\/uploads\/2024\/11\/Escursione-Le-Senate-e-M.Maggio_page-0001.jpg?resize=350%2C200&ssl=1","width":350,"height":200,"srcset":"https:\/\/i0.wp.com\/caigualdotadino.it\/wp-content\/uploads\/2024\/11\/Escursione-Le-Senate-e-M.Maggio_page-0001.jpg?resize=350%2C200&ssl=1 1x, https:\/\/i0.wp.com\/caigualdotadino.it\/wp-content\/uploads\/2024\/11\/Escursione-Le-Senate-e-M.Maggio_page-0001.jpg?resize=525%2C300&ssl=1 1.5x, https:\/\/i0.wp.com\/caigualdotadino.it\/wp-content\/uploads\/2024\/11\/Escursione-Le-Senate-e-M.Maggio_page-0001.jpg?resize=700%2C400&ssl=1 2x"},"classes":[]}],"jetpack_sharing_enabled":true,"_links":{"self":[{"href":"https:\/\/caigualdotadino.it\/index.php?rest_route=\/wp\/v2\/posts\/10105","targetHints":{"allow":["GET"]}}],"collection":[{"href":"https:\/\/caigualdotadino.it\/index.php?rest_route=\/wp\/v2\/posts"}],"about":[{"href":"https:\/\/caigualdotadino.it\/index.php?rest_route=\/wp\/v2\/types\/post"}],"author":[{"embeddable":true,"href":"https:\/\/caigualdotadino.it\/index.php?rest_route=\/wp\/v2\/users\/2"}],"replies":[{"embeddable":true,"href":"https:\/\/caigualdotadino.it\/index.php?rest_route=%2Fwp%2Fv2%2Fcomments&post=10105"}],"version-history":[{"count":1,"href":"https:\/\/caigualdotadino.it\/index.php?rest_route=\/wp\/v2\/posts\/10105\/revisions"}],"predecessor-version":[{"id":10113,"href":"https:\/\/caigualdotadino.it\/index.php?rest_route=\/wp\/v2\/posts\/10105\/revisions\/10113"}],"wp:attachment":[{"href":"https:\/\/caigualdotadino.it\/index.php?rest_route=%2Fwp%2Fv2%2Fmedia&parent=10105"}],"wp:term":[{"taxonomy":"category","embeddable":true,"href":"https:\/\/caigualdotadino.it\/index.php?rest_route=%2Fwp%2Fv2%2Fcategories&post=10105"},{"taxonomy":"post_tag","embeddable":true,"href":"https:\/\/caigualdotadino.it\/index.php?rest_route=%2Fwp%2Fv2%2Ftags&post=10105"}],"curies":[{"name":"wp","href":"https:\/\/api.w.org\/{rel}","templated":true}]}}