{"id":10076,"date":"2024-06-03T18:23:16","date_gmt":"2024-06-03T16:23:16","guid":{"rendered":"https:\/\/caigualdotadino.it\/?p=10076"},"modified":"2024-06-03T18:23:16","modified_gmt":"2024-06-03T16:23:16","slug":"voci-e-suoni-a-castelluccio-di-norcia-09-06-2024","status":"publish","type":"post","link":"https:\/\/caigualdotadino.it\/?p=10076","title":{"rendered":"Voci e Suoni  a Castelluccio di Norcia &#8211; 09\/06\/2024"},"content":{"rendered":"\n<p><strong>Partenza<\/strong>: ore <strong><mark style=\"background-color:rgba(0, 0, 0, 0);color:#f90606\" class=\"has-inline-color\">06,45<\/mark><\/strong> dal parcheggio del Gala<\/p>\n\n\n\n<p>Per chi vuole pu\u00f2 prenotare entro il pomeriggio  04\/06\/2024 per il pranzo. <\/p>\n\n\n\n<p>Pranzo convenzionato con panino con porchetta e bibita a 5 \u20ac <\/p>\n\n\n\n<div class=\"wp-block-columns is-layout-flex wp-container-core-columns-is-layout-9d6595d7 wp-block-columns-is-layout-flex\">\n<div class=\"wp-block-column is-layout-flow wp-block-column-is-layout-flow\" style=\"flex-basis:25%\">\n<p><strong><span style=\"text-decoration: underline;\">Franco Palazzoni<\/span><\/strong><\/p>\n<\/div>\n\n\n\n<div class=\"wp-block-column is-layout-flow wp-block-column-is-layout-flow\">\n<div class=\"wp-block-jetpack-contact-info\">\n<div class=\"wp-block-jetpack-phone\"><a href=\"tel:+393283057249\">+393283057249<\/a><\/div>\n<\/div>\n<\/div>\n\n\n\n<div class=\"wp-block-column is-layout-flow wp-block-column-is-layout-flow\">\n<div class=\"wp-block-jetpack-send-a-message\">\n<div class=\"wp-block-jetpack-whatsapp-button alignleft is-color-dark has-no-text\"><a class=\"whatsapp-block__button\" href=\"https:\/\/api.whatsapp.com\/send?phone=393283057249&amp;text=Salve%2C%20ho%20preso%20le%20informazioni%20di%20WhatsApp%20dal%20sito%20Cai.\" style=\"background-color:#25D366;color:#fff\" target=\"_blank\" rel=\"noopener noreferrer\"><\/a><\/div>\n<\/div>\n<\/div>\n<\/div>\n\n\n<div class=\"wp-block-image\">\n<figure class=\"aligncenter size-full is-resized\"><img loading=\"lazy\" decoding=\"async\" width=\"724\" height=\"1024\" src=\"https:\/\/caigualdotadino.it\/wp-content\/uploads\/2024\/06\/locandina-9-giugno_page-0001-3.jpg\" alt=\"\" class=\"wp-image-10086\" style=\"width:646px;height:auto\" srcset=\"https:\/\/caigualdotadino.it\/wp-content\/uploads\/2024\/06\/locandina-9-giugno_page-0001-3.jpg 724w, https:\/\/caigualdotadino.it\/wp-content\/uploads\/2024\/06\/locandina-9-giugno_page-0001-3-212x300.jpg 212w\" sizes=\"auto, (max-width: 724px) 100vw, 724px\" \/><\/figure>\n<\/div>","protected":false},"excerpt":{"rendered":"<p>Partenza: ore 06,45 dal parcheggio del Gala Per chi vuole pu\u00f2 prenotare entro il pomeriggio 04\/06\/2024 per il pranzo. Pranzo convenzionato con panino con porchetta &hellip;<\/p>\n","protected":false},"author":2,"featured_media":0,"comment_status":"closed","ping_status":"closed","sticky":false,"template":"","format":"gallery","meta":{"_jetpack_memberships_contains_paid_content":false,"footnotes":""},"categories":[34,35],"tags":[],"class_list":["post-10076","post","type-post","status-publish","format-gallery","hentry","category-archivio","category-escursioni","post_format-post-format-gallery"],"jetpack_featured_media_url":"","jetpack-related-posts":[{"id":10179,"url":"https:\/\/caigualdotadino.it\/?p=10179","url_meta":{"origin":10076,"position":0},"title":"Raduna Regionale CAI &#8211; 22\/09\/2024","author":"Antonella Recchioni","date":"23 Luglio 2024","format":"gallery","excerpt":"Il Raduno regionale CAI 2024 verr\u00e0 organizzato dalla sezione di Terni domenica 22 Settembre. La partenza da Gualdo Tadino \u00e8 prevista alle ore 07,45 dal parcheggio Gala.Chi vorr\u00e0 usufruire del pranzo dovr\u00e0 prenotarsi entro Gioved\u00ec 12Settembre contattando Franco Palazzoni al 3283057249 o scrivendo sulla chat (al momento risultano 5 partecipanti).\u2026","rel":"","context":"In &quot;4 - ARCHIVIO&quot;","block_context":{"text":"4 - ARCHIVIO","link":"https:\/\/caigualdotadino.it\/?cat=34"},"img":{"alt_text":"","src":"https:\/\/i0.wp.com\/caigualdotadino.it\/wp-content\/uploads\/2024\/06\/raduno-regionale-1-1.jpg?resize=350%2C200&ssl=1","width":350,"height":200,"srcset":"https:\/\/i0.wp.com\/caigualdotadino.it\/wp-content\/uploads\/2024\/06\/raduno-regionale-1-1.jpg?resize=350%2C200&ssl=1 1x, https:\/\/i0.wp.com\/caigualdotadino.it\/wp-content\/uploads\/2024\/06\/raduno-regionale-1-1.jpg?resize=525%2C300&ssl=1 1.5x, https:\/\/i0.wp.com\/caigualdotadino.it\/wp-content\/uploads\/2024\/06\/raduno-regionale-1-1.jpg?resize=700%2C400&ssl=1 2x"},"classes":[]},{"id":388,"url":"https:\/\/caigualdotadino.it\/?p=388","url_meta":{"origin":10076,"position":1},"title":"Domenica 17 Giugno &#8211; Da Fonte Avellana alla cima del Catria","author":"pigiax","date":"13 Giugno 2018","format":false,"excerpt":"Percorso: Si inizia l\u2019escursione da Fonte Avellana e si sale\u00a0per il sentiero nr 77 attraversando monumentali faggete e antichi sentieri fino alla cima\u00a0del Monte Catria. In discesa si percorrer\u00e0 il sentiero nr 69. Partenza: ore 7,30 dal parcheggio Famila (con mezzi propri) Inizio escursione: ore 8,30 circa Dislivello: 1000 m\u2026","rel":"","context":"In &quot;4 - ARCHIVIO&quot;","block_context":{"text":"4 - ARCHIVIO","link":"https:\/\/caigualdotadino.it\/?cat=34"},"img":{"alt_text":"","src":"","width":0,"height":0},"classes":[]},{"id":194,"url":"https:\/\/caigualdotadino.it\/?p=194","url_meta":{"origin":10076,"position":2},"title":"Domenica 8 Settembre &#8211; 26a Festa della Montagna","author":"pigiax","date":"2 Settembre 2013","format":false,"excerpt":"PROGRAMMA 1\u00aa parte itinerario Unico: Ore 8,30 - Valsorda - Passaiola Bassa - Valmare 2\u00aa parte: itinerario A: Valmare - Sentiero Italia - Rifugio (3h e mezza circa in tutto) Difficolt\u00e0: E itinerario B: Valmare - Buca della neve - M.Senate - M.Maggio- Rifugio Cai (4h circa in tutto) Difficolt\u00e0:\u2026","rel":"","context":"In &quot;4 - ARCHIVIO&quot;","block_context":{"text":"4 - ARCHIVIO","link":"https:\/\/caigualdotadino.it\/?cat=34"},"img":{"alt_text":"","src":"","width":0,"height":0},"classes":[]},{"id":369,"url":"https:\/\/caigualdotadino.it\/?p=369","url_meta":{"origin":10076,"position":3},"title":"Domenica 10 Dicembre &#8211; Auguri al rifugio","author":"pigiax","date":"5 Dicembre 2017","format":false,"excerpt":"8:45 Ritrovo a Valsorda. Escursione il cui itinerario verr\u00e0 deciso al momento dai partecipanti. 12:30 circa Pranzo al rifugio Cai e scambio degli auguri natalizi. NB. Per il pranzo comunicare la partecipazione entro venerd\u00ec sera ad Enrico Fiaoni - 3482810413","rel":"","context":"In &quot;4 - ARCHIVIO&quot;","block_context":{"text":"4 - ARCHIVIO","link":"https:\/\/caigualdotadino.it\/?cat=34"},"img":{"alt_text":"","src":"","width":0,"height":0},"classes":[]},{"id":294,"url":"https:\/\/caigualdotadino.it\/?p=294","url_meta":{"origin":10076,"position":4},"title":"Domenica 28 Giugno &#8211; Rio Vitoschio","author":"pigiax","date":"23 Giugno 2015","format":false,"excerpt":"Discesa del Rio Vitoschio - comune di Piobbico (PU) Durata escursione 5h circa Difficolt\u00e0: EE Partenza con mezzi propri dal parcheggio del Famila di Gualdo Tadino alle ore 6:45. NB: parte del percorso si svolge all'interno dell'alveo di ruscelli, pertanto si consiglia di portare un vestiario di ricambio completo, scarpe\u2026","rel":"","context":"In &quot;4 - ARCHIVIO&quot;","block_context":{"text":"4 - ARCHIVIO","link":"https:\/\/caigualdotadino.it\/?cat=34"},"img":{"alt_text":"","src":"","width":0,"height":0},"classes":[]},{"id":9988,"url":"https:\/\/caigualdotadino.it\/?p=9988","url_meta":{"origin":10076,"position":5},"title":"Da Valsorda a Monte Cucco &#8211; Domenica 09 giugno 2024","author":"Antonella Recchioni","date":"23 Maggio 2024","format":"gallery","excerpt":"Val di Ranco Percorso della 220a tappa del Sentiero Italia Partenza: ore 07,30 da ValsordaItinerario: Valsorda - Passaiola Bassa- Valmare - valico di Fossato - Sasso Grande- Cima Filetta- Monte Testagrossa- Montarone- Val di RancoTempo: 6 h (circa)Dislivello: 871 m in salita- 760 m in discesaAltitudine minima 717m;Altitudine massima 1.158Lunghezza:\u2026","rel":"","context":"In &quot;4 - ARCHIVIO&quot;","block_context":{"text":"4 - ARCHIVIO","link":"https:\/\/caigualdotadino.it\/?cat=34"},"img":{"alt_text":"","src":"https:\/\/i0.wp.com\/caigualdotadino.it\/wp-content\/uploads\/2024\/05\/image.png?resize=350%2C200&ssl=1","width":350,"height":200},"classes":[]}],"jetpack_sharing_enabled":true,"_links":{"self":[{"href":"https:\/\/caigualdotadino.it\/index.php?rest_route=\/wp\/v2\/posts\/10076","targetHints":{"allow":["GET"]}}],"collection":[{"href":"https:\/\/caigualdotadino.it\/index.php?rest_route=\/wp\/v2\/posts"}],"about":[{"href":"https:\/\/caigualdotadino.it\/index.php?rest_route=\/wp\/v2\/types\/post"}],"author":[{"embeddable":true,"href":"https:\/\/caigualdotadino.it\/index.php?rest_route=\/wp\/v2\/users\/2"}],"replies":[{"embeddable":true,"href":"https:\/\/caigualdotadino.it\/index.php?rest_route=%2Fwp%2Fv2%2Fcomments&post=10076"}],"version-history":[{"count":1,"href":"https:\/\/caigualdotadino.it\/index.php?rest_route=\/wp\/v2\/posts\/10076\/revisions"}],"predecessor-version":[{"id":10093,"href":"https:\/\/caigualdotadino.it\/index.php?rest_route=\/wp\/v2\/posts\/10076\/revisions\/10093"}],"wp:attachment":[{"href":"https:\/\/caigualdotadino.it\/index.php?rest_route=%2Fwp%2Fv2%2Fmedia&parent=10076"}],"wp:term":[{"taxonomy":"category","embeddable":true,"href":"https:\/\/caigualdotadino.it\/index.php?rest_route=%2Fwp%2Fv2%2Fcategories&post=10076"},{"taxonomy":"post_tag","embeddable":true,"href":"https:\/\/caigualdotadino.it\/index.php?rest_route=%2Fwp%2Fv2%2Ftags&post=10076"}],"curies":[{"name":"wp","href":"https:\/\/api.w.org\/{rel}","templated":true}]}}